{"id":539,"date":"2019-11-26T20:00:00","date_gmt":"2019-11-26T20:00:00","guid":{"rendered":"http:\/\/www.projektwrzesnia.pl\/wordpress\/539\/"},"modified":"2019-11-26T20:00:00","modified_gmt":"2019-11-26T20:00:00","slug":"skwerek-na-zamyslowskiego-nie-na-sprzedaz","status":"publish","type":"post","link":"https:\/\/www.projektwrzesnia.pl\/wordpress\/539\/","title":{"rendered":"Skwerek na Zamys\u0142owskiego nie na sprzeda\u017c"},"content":{"rendered":"<p>Skwerek u&nbsp;zbiegu ulic Konopnickiej i&nbsp;Zamys\u0142owskiego zosta\u0142 za\u0142o\u017cony podczas budowy osiedla blok\u00f3w w&nbsp;tamtej okolicy na prze\u0142omie lat 50. i&nbsp;60. Obecnie teren ten wymaga dalszej rewitalizacji i&nbsp;przywr\u00f3cenia go do stanu dawnej \u015bwietno\u015bci.<\/p>\n<p>Kilka lat temu &ndash; dok\u0142adnie w&nbsp;2012 roku &#8211; Rada Miejska we Wrze\u015bni podj\u0119\u0142a uchwa\u0142\u0119 [<a href=\"https:\/\/bip.wrzesnia.pl\/strona-15144-title3_Rocznik_2012_Uchwala_Nr_XVII2192012.html\" target=\"_blank\" rel=\"noopener\">tutaj<\/a>], w&nbsp;kt\u00f3rej wyrazi\u0142a zgod\u0119 na zbycie prawa u\u017cytkowania wieczystego, dla dzia\u0142ki (nr&nbsp;1186\/4 o&nbsp;powierzchni 0,0674 ha), na kt\u00f3rej znajduje si\u0119 skwerek. Nast\u0119pnie burmistrz Wrze\u015bni wyda\u0142 decyzj\u0119 o&nbsp;warunkach zabudowy, kt\u00f3ra okre\u015bla\u0142a, \u017ce w&nbsp;tym miejscu mo\u017cna wybudowa\u0107 ma\u0142y market spo\u017cywczy. Na szcz\u0119\u015bcie z&nbsp;decyzj\u0105 t\u0105 nie zgodzili si\u0119 mieszka\u0144cy, kt\u00f3rych wspar\u0142o nasze stowarzyszenie. Wsp\u00f3lnymi si\u0142ami uda\u0142o si\u0119 ochroni\u0107 ten skrawek zieleni.<\/p>\n<p>Analizuj\u0105c ca\u0142\u0105 sytuacj\u0119 z&nbsp;prawnego punktu widzenia, to niestety nadal teren ten mo\u017ce by\u0107 sprzedany przez burmistrza Wrze\u015bni, poniewa\u017c wci\u0105\u017c obowi\u0105zuje uchwa\u0142a z&nbsp;2012 roku o&nbsp;zgodzie na sprzeda\u017c. Chcemy uporz\u0105dkowa\u0107 t\u0119 spraw\u0119, dlatego wczoraj z\u0142o\u017cyli\u015bmy projekt uchwa\u0142y o&nbsp;wycofaniu zgody na sprzeda\u017c. Mamy nadziej\u0119, \u017ce Rada Miejska stanie tym razem na wysoko\u015bci zadania.<\/p>\n<p>&nbsp;<\/p>\n<p><a href=\"http:\/\/www.projektwrzesnia.pl\/asp\/pl_start.asp?typ=13&amp;menu=13&amp;artykul=190&amp;akcja=artykul\" target=\"_blank\" rel=\"noopener\"><span class=\"pytanie_do_wiecej\">Wcze\u015bniej pisali\u015bmy<\/span><\/a><\/p>\n","protected":false},"excerpt":{"rendered":"<p>Skwerek u&nbsp;zbiegu ulic Konopnickiej i&nbsp;Zamys\u0142owskiego zosta\u0142 za\u0142o\u017cony podczas budowy osiedla blok\u00f3w w&nbsp;tamtej okolicy na prze\u0142omie lat 50. i&nbsp;60. Obecnie teren ten wymaga dalszej rewitalizacji i&nbsp;przywr\u00f3cenia go do stanu dawnej \u015bwietno\u015bci. Kilka lat temu &ndash; dok\u0142adnie w&nbsp;2012 roku &#8211; Rada Miejska we Wrze\u015bni podj\u0119\u0142a uchwa\u0142\u0119 [tutaj], w&nbsp;kt\u00f3rej wyrazi\u0142a zgod\u0119 na zbycie prawa u\u017cytkowania wieczystego, dla dzia\u0142ki [&hellip;]<\/p>\n","protected":false},"author":1,"featured_media":10539,"comment_status":"open","ping_status":"open","sticky":false,"template":"","format":"standard","meta":{"_acf_changed":false,"footnotes":""},"categories":[1],"tags":[],"class_list":["post-539","post","type-post","status-publish","format-standard","has-post-thumbnail","hentry","category-uncategorized"],"acf":[],"_links":{"self":[{"href":"https:\/\/www.projektwrzesnia.pl\/wordpress\/wp-json\/wp\/v2\/posts\/539","targetHints":{"allow":["GET"]}}],"collection":[{"href":"https:\/\/www.projektwrzesnia.pl\/wordpress\/wp-json\/wp\/v2\/posts"}],"about":[{"href":"https:\/\/www.projektwrzesnia.pl\/wordpress\/wp-json\/wp\/v2\/types\/post"}],"author":[{"embeddable":true,"href":"https:\/\/www.projektwrzesnia.pl\/wordpress\/wp-json\/wp\/v2\/users\/1"}],"replies":[{"embeddable":true,"href":"https:\/\/www.projektwrzesnia.pl\/wordpress\/wp-json\/wp\/v2\/comments?post=539"}],"version-history":[{"count":0,"href":"https:\/\/www.projektwrzesnia.pl\/wordpress\/wp-json\/wp\/v2\/posts\/539\/revisions"}],"wp:featuredmedia":[{"embeddable":true,"href":"https:\/\/www.projektwrzesnia.pl\/wordpress\/wp-json\/wp\/v2\/media\/10539"}],"wp:attachment":[{"href":"https:\/\/www.projektwrzesnia.pl\/wordpress\/wp-json\/wp\/v2\/media?parent=539"}],"wp:term":[{"taxonomy":"category","embeddable":true,"href":"https:\/\/www.projektwrzesnia.pl\/wordpress\/wp-json\/wp\/v2\/categories?post=539"},{"taxonomy":"post_tag","embeddable":true,"href":"https:\/\/www.projektwrzesnia.pl\/wordpress\/wp-json\/wp\/v2\/tags?post=539"}],"curies":[{"name":"wp","href":"https:\/\/api.w.org\/{rel}","templated":true}]}}