{"id":542,"date":"2019-12-08T20:00:00","date_gmt":"2019-12-08T20:00:00","guid":{"rendered":"http:\/\/www.projektwrzesnia.pl\/wordpress\/542\/"},"modified":"2019-12-08T20:00:00","modified_gmt":"2019-12-08T20:00:00","slug":"poprawki-do-budzetu-wrzesni-na-2020-rok","status":"publish","type":"post","link":"https:\/\/www.projektwrzesnia.pl\/wordpress\/542\/","title":{"rendered":"Poprawki do bud\u017cetu Wrze\u015bni na 2020 rok"},"content":{"rendered":"<p>W pi\u0105tek 29 listopada odby\u0142o si\u0119 posiedzenie wsp\u00f3lne po\u0142\u0105czonych komisji Rady&nbsp;Miejskiej we Wrze\u015bni. W&nbsp;jego trakcie dyskutowano o&nbsp;bud\u017cecie naszej gminy na przysz\u0142y rok. W&nbsp;zwi\u0105zku z&nbsp;tym, \u017ce s\u0105 to bardzo wa\u017cne sprawy to zadali\u015bmy wiele pyta\u0144 burmistrzowi Wrze\u015bni dotycz\u0105cych przedstawionych przez niego pomys\u0142\u00f3w do realizacji na przysz\u0142y rok. Obrady trwa\u0142y blisko cztery godziny.<\/p>\n<p>W trakcie posiedzenia zg\u0142osili\u015bmy kilkana\u015bcie w\u0142asnych poprawek do bud\u017cetu na&nbsp;\u0142\u0105czn\u0105 kwot\u0119 blisko 8 mln z\u0142otych (stanowi ona ok. 2,6 % kwoty wydatk\u00f3w bud\u017cetowych). S\u0105 to naszym zdaniem w&nbsp;wi\u0119kszo\u015bci propozycje mo\u017cliwe do&nbsp;zrealizowania w&nbsp;kontek\u015bcie finansowym, nienadwyr\u0119\u017caj\u0105ce bud\u017cetu w&nbsp;\u017caden niebezpieczny spos\u00f3b. Pieni\u0119dzy na nasze pomys\u0142y szukali\u015bmy g\u0142\u00f3wnie w&nbsp;wydatkach na urz\u0105d gminy oraz promocj\u0119 (wszystkie poprawki znajduj\u0105 si\u0119&nbsp;poni\u017cej).<\/p>\n<p>Niestety zosta\u0142y one odrzucone przez radnych z&nbsp;Unii Wrze\u015bnian, Platformy Obywatelskiej i&nbsp;wspieraj\u0105cych ich radnych Prawa i&nbsp;Sprawiedliwo\u015bci. Cho\u0107&nbsp;to&nbsp;rozczarowuj\u0105ce, pami\u0119tajmy, \u017ce kropla dr\u0105\u017cy ska\u0142\u0119. Nadal przekonywa\u0107 do naszych pomys\u0142\u00f3w tak burmistrza Wrze\u015bni, jak i&nbsp;pozosta\u0142ych radnych.<\/p>\n<p>Tym samym nasze propozycje nie b\u0119d\u0105 procedowane dalej przez burmistrza Wrze\u015bni i&nbsp;Rad\u0119 Miejsk\u0105. Mo\u017cliwo\u015b\u0107 &bdquo;utopienia&rdquo; poprawek w&nbsp;komisji przewiduje regulacja wewn\u0119trzna gminy Wrze\u015bnia (Uchwa\u0142a Nr XXXIII\/444\/2010). Ogranicza ona bardzo mo\u017cliwo\u015b\u0107 dyskusji przez ca\u0142\u0105 rad\u0119 nad wszystkimi zg\u0142oszonymi poprawkami, a&nbsp;nast\u0119pnie g\u0142osowaniem nad nimi. Wrzesi\u0144skiemu samorz\u0105dowi daleko jeszcze do rozwi\u0105za\u0144 wypracowanych w&nbsp;nowoczesnych miastach.<\/p>\n<p class=\"pytanie_do_wiecej\"><span style=\"font-size: large;\">Lista poprawek zg\u0142oszonych przez Projekt Wrze\u015bnia:<\/span><\/p>\n<p><span class=\"tytul\">Nr 1 &#8211; Zakup niskopod\u0142ogowych autobus\u00f3w miejskich<\/span><\/p>\n<p>Mieszka\u0144cy gminy &#8211; zar\u00f3wno miasta jak i&nbsp;wsi &#8211; powinni mie\u0107 mo\u017cliwo\u015b\u0107 dojazdu do pracy i&nbsp;szko\u0142y bezp\u0142atn\u0105 komunikacj\u0105 publiczn\u0105. Wszyscy wiemy, jakim problemem naszego miasta s\u0105 korki. Dlatego konieczne jest szukanie rozwi\u0105za\u0144, kt\u00f3re zmniejsz\u0105 nat\u0119\u017cenie ruchu samochodowego w&nbsp;centrum i&nbsp;umo\u017cliwi\u0105 mieszka\u0144com swobodny dojazd do Wrze\u015bni.<br \/>Podstaw\u0105 lokalnego transportu powinna sta\u0107 si\u0119 sprawna komunikacja autobusowa. Nale\u017cy wi\u0119c skierowa\u0107 istotne \u015brodki inwestycyjne na stworzenie sp\u00f3jnej sieci autobusowej, kt\u00f3ra b\u0119dzie dociera\u0107 do najwa\u017cniejszych miejsc w&nbsp;naszej gminie i&nbsp;pozwoli nam wszystkim zaoszcz\u0119dzi\u0107 czas na&nbsp;codzienne dojazdy do pracy i&nbsp;szk\u00f3\u0142.<br \/>Nie bez znaczenia dla kwestii transportu publicznego jest r\u00f3wnie\u017c fakt, \u017ce w&nbsp;ostatnim czasie upad\u0142o\u015b\u0107 og\u0142osi\u0142 gnie\u017anie\u0144ski PKS, kt\u00f3ry \u015bwiadczy\u0142 us\u0142ugi transportowe mi\u0119dzy innymi na terenie naszej gminy. W&nbsp;efekcie do sporej cz\u0119\u015bci miejscowo\u015bci nie doje\u017cd\u017ca \u017cadna komunikacja publiczna.<br \/>Problem braku skutecznej komunikacji autobusowej na terenie gminy Wrze\u015bnie jest notorycznie podnoszony przez mieszka\u0144c\u00f3w w&nbsp;trakcie chocia\u017cby zebra\u0144 so\u0142eckich. Dlatego nale\u017cy podj\u0105\u0107 konkretne dzia\u0142ania w&nbsp;celu wyj\u015bcia naprzeciw tym potrzebom.<\/p>\n<p><strong>Koszt: 3.200.000,00 z\u0142<\/strong><\/p>\n<p><span class=\"tytul\">Nr 2 &#8211; Budowa ulicy Owocowej i&nbsp;dr\u00f3g na Osiedlu Bohater\u00f3w Monte Cassino<\/span><\/p>\n<p>Mieszka\u0144cy Osiedla Bohater\u00f3w Monte Cassino oraz ulicy Owocowej od lat czekaj\u0105 na wybudowanie ulic z&nbsp;prawdziwego zdarzenia. Do tej pory bardzo cz\u0119sto zdarza si\u0119, \u017ce musz\u0105 przemieszcza\u0107 si\u0119 w&nbsp;b\u0142ocie, aby doj\u015b\u0107 i&nbsp;dojecha\u0107 do swojej posesji.<br \/>R\u00f3wnie\u017c w&nbsp;ostatnim czasie mieszka\u0144cy zwracali si\u0119 do nas w&nbsp;wy\u017cej wskazanych sprawach. Ponadto dnia 4 lutego br. do Rady Miejskiej we Wrze\u015bni oraz Burmistrza Miasta i&nbsp;Gminy Wrze\u015bnia wp\u0142yn\u0119\u0142a petycja mieszka\u0144c\u00f3w ulicy Owocowej z&nbsp;pro\u015bb\u0105 o&nbsp;wybudowanie asfaltowej nawierzchni ulicy wraz z&nbsp;chodnikami. Dnia 11 kwietnia br. Komisja Skarg, Wniosk\u00f3w i&nbsp;Petycji Rady Miejskiej we Wrze\u015bni uzna\u0142a, \u017ce petycja mieszka\u0144c\u00f3w zas\u0142uguje na&nbsp;uwzgl\u0119dnienie.<br \/>Warto r\u00f3wnie\u017c nadmieni\u0107, \u017ce cz\u0119\u015b\u0107 z&nbsp;nich dokonywa\u0142a zakupu dzia\u0142ek od Miasta i&nbsp;Gminy Wrze\u015bnia, st\u0105d powinno si\u0119 zadba\u0107 o&nbsp;budow\u0119 dr\u00f3g na tych ulicach.<\/p>\n<p><strong>Koszt: 2.431.412,49 z\u0142<\/strong><\/p>\n<p><span class=\"tytul\">Nr 3 &ndash; Rewaloryzacja terenu dawnego Ogrodu Bractwa Kurkowego<\/span><\/p>\n<p>Od 2015 roku maj\u0105 miejsce dzia\u0142ania spo\u0142eczne i&nbsp;administracyjne maj\u0105ce na celu zabezpieczenie, odzyskanie i&nbsp;remont zabytkowego terenu dawnego Ogrodu Bractwa Kurkowego znajduj\u0105cego si\u0119 we Wrze\u015bni przy ulicy S\u0142owackiego. W&nbsp;spraw\u0119 w\u0142\u0105czy\u0142 si\u0119 r\u00f3wnie\u017c Wielkopolski Wojew\u00f3dzki Konserwator Zabytk\u00f3w, dzi\u0119ki czemu obecnie ko\u0144czy si\u0119 remont zabytkowej altany. W&nbsp;celu kompleksowej rewitalizacji ca\u0142ego ogrodu niezb\u0119dne jest wykonanie prac rewaloryzacyjnych na terenie zielonym.<\/p>\n<p><strong>Koszt: 300.000,00 z\u0142<\/strong><\/p>\n<p><span class=\"tytul\">Nr 4 &#8211; Zwi\u0119kszenie \u015brodk\u00f3w dotycz\u0105cych wykonania kanalizacji sanitarnej w&nbsp;ulicy \u015awi\u0119tokrzyskiej we Wrze\u015bni<\/span><\/p>\n<p>Mieszka\u0144cy ulicy \u015awi\u0119tokrzyskiej wielokrotnie zg\u0142aszali brak mo\u017cliwo\u015bci pod\u0142\u0105czenia ich dom\u00f3w do kanalizacji sanitarnej (pozosta\u0142o kilka dom\u00f3w nie&nbsp;pod\u0142\u0105czonych do sieci) pozostawienie niedoko\u0144czonego zadana jest ma\u0142o rozs\u0105dne.<\/p>\n<p><strong>Koszt: 300.000,00 z\u0142<\/strong><\/p>\n<p><span class=\"tytul\">Nr 5 &ndash; Zwi\u0119kszenie wydatk\u00f3w na walk\u0119 ze&nbsp;smogiem (dotacje do wymiany piec\u00f3w)<\/span><\/p>\n<p>W naszym mie\u015bcie w&nbsp;okresie jesienno-zimowym wyst\u0119puje problem zanieczyszczonego powietrza. Wedle wskaza\u0144 czujnik\u00f3w pomiaru jego jako\u015bci, prawie codzienne jest ono dla nas truj\u0105ce. Dlatego chcemy zwi\u0119kszenia o&nbsp;300 000 z\u0142 poziomu dofinansowania programu wymiany starych piec\u00f3w i&nbsp;ograniczenia tym samym zjawiska palenia \u015bmieci. Kwota obecnie zaproponowana na ten cel w&nbsp;bud\u017cecie jest niewystarczaj\u0105ca &#8211; pozwoli wymieni\u0107 raptem 40 piec\u00f3w. Tymczasem w&nbsp;tym roku w&nbsp;okresie od 2 stycznia 2019 r. do 15 pa\u017adziernika 2019 r. wp\u0142yn\u0119\u0142o 120 wniosk\u00f3w o&nbsp;udzielenie dotacji. Oznacza to, \u017ce zapotrzebowanie na ten cel jest znacznie wy\u017csze ni\u017c kwota, kt\u00f3r\u0105 zarezerwowano w&nbsp;projekcie przysz\u0142orocznego bud\u017cetu.<\/p>\n<p><strong>Koszt: 300.000,00 z\u0142<\/strong><\/p>\n<p><span class=\"tytul\">Nr 6 &#8211; Remont schroniska dla zwierz\u0105t we Wrze\u015bni<\/span><\/p>\n<p>Budynek schroniska dla zwierz\u0105t we Wrze\u015bni po kilkunastu latach eksploatacji wymaga generalnego remontu i&nbsp;przebudowy. Podobnie wygl\u0105da sytuacja z&nbsp;kojcami dla ps\u00f3w. Wymagaj\u0105 one odnowienia, powi\u0119kszenia i&nbsp;dostosowania do standard\u00f3w XXI wieku. Zwierz\u0119ta przebywaj\u0105ce w&nbsp;schronisku powinny mie\u0107 stworzone mo\u017cliwie dobre warunki.<br \/>Co wi\u0119cej w&nbsp;projekcie przysz\u0142orocznego bud\u017cetu zmniejszono wydatki na schroniska dla zwierz\u0105t.<\/p>\n<p><strong>Koszt: 240.000,00 z\u0142<\/strong><\/p>\n<p><span class=\"tytul\">Nr 7 &ndash; Wykonanie projektu technicznego dla nowej biblioteki miejskiej<\/span><\/p>\n<p>Czytelnictwo sprzyja rozwojowi kapita\u0142u intelektualnego w&nbsp;naszych spo\u0142eczno\u015bciach. Budowa nowej biblioteki gminnej przyczyni si\u0119 do jego rozwoju oraz promocji inicjatyw czytelniczych. Chcemy, aby w&nbsp;naszym mie\u015bcie powsta\u0142o miejsce przyjazne wszystkim czytelnikom &#8211; starszym i&nbsp;m\u0142odszym (w&nbsp;tym osobom z&nbsp;niepe\u0142nosprawno\u015bciami). Przed przyst\u0105pieniem do zadania nale\u017cy przeprowadzi\u0107 konsultacje spo\u0142eczne dotycz\u0105ce lokalizacji nowej biblioteki.<\/p>\n<p><strong>Koszt: 70.000,00 z\u0142<\/strong><\/p>\n<p><span class=\"tytul\">Nr 8 &ndash; Wykonanie projektu technicznego dla nowego targowiska miejskiego<\/span><\/p>\n<p>Warunki panuj\u0105ce na wrzesi\u0144skim targowisku pozostawiaj\u0105 wiele do \u017cyczenia. Co czwartek wiele os\u00f3b z&nbsp;miasta i&nbsp;ca\u0142ej okolicy musi robi\u0107 zakupy w&nbsp;ma\u0142o sprzyjaj\u0105cych warunkach. Nale\u017cy wzi\u0105\u0107 pod uwag\u0119, \u017ce w\u015br\u00f3d kupuj\u0105cych na targowisku jest wiele os\u00f3b z&nbsp;niepe\u0142nosprawno\u015bciami oraz os\u00f3b starszych. Uwa\u017camy, \u017ce miejskie targowisko powinno by\u0107 zadaszone i&nbsp;spe\u0142nia\u0107 standardy XXI wieku. Przyk\u0142adem dobrze zorganizowanego miejsca handlu jest targowisko si\u0119 w&nbsp;\u015aremie.<\/p>\n<p><strong>Koszt: 70.000,00 z\u0142<\/strong><\/p>\n<p><span class=\"tytul\">Nr 9 &ndash; Wykonanie projektu technicznego dla \u015bcie\u017cki rowerowej wzd\u0142u\u017c DK 15<\/span><\/p>\n<p>Zr\u00f3wnowa\u017cony transport polega mi\u0119dzy innymi na tworzeniu infrastruktury rowerowej w&nbsp;mie\u015bcie i&nbsp;gminie. W&nbsp;zwi\u0105zku z&nbsp;tym niezb\u0119dne jest opracowanie dokumentacji technicznej dla nowych \u015bcie\u017cek, w&nbsp;tym dla \u015bcie\u017cki rowerowej wzd\u0142u\u017c drogi krajowej nr 15, z&nbsp;kt\u00f3rej w&nbsp;przysz\u0142o\u015bci korzysta\u0107 b\u0119dzie mo\u017cna jad\u0105c w&nbsp;kierunku Gniezna.<\/p>\n<p><strong>Koszt: 100.000,00 z\u0142<\/strong><\/p>\n<p><span class=\"tytul\">Nr 10 &#8211; Zakup samochodu dla OSP Marzenin<\/span><\/p>\n<p>OSP Marzenin jest to jednostka, kt\u00f3ra w&nbsp;swoim zasi\u0119gu obs\u0142uguje nie tylko mieszka\u0144c\u00f3w powiatu wrzesi\u0144skiego, ale r\u00f3wnie\u017c gnie\u017anie\u0144skiego. Dbanie o&nbsp;bezpiecze\u0144stwo mieszka\u0144c\u00f3w naszej gminy, powiatu czy te\u017c o\u015bciennych jednostek samorz\u0105du terytorialnego jest priorytetem, gdy\u017c nie ma nic cenniejszego od \u017cycia i&nbsp;zdrowia ka\u017cdego cz\u0142owieka.<\/p>\n<p><strong>Koszt: 400.000,00 z\u0142<\/strong><\/p>\n<p><span class=\"tytul\">Nr 11 &#8211; Zwi\u0119kszenie \u015brodk\u00f3w na remonty \u015bwietlic wiejskich (Chocicza Ma\u0142a, Osowo, So\u0142eczno, Gulczewo, Sobiesiernie, Psary Polskie, Strzy\u017cewo)<\/span><\/p>\n<p>\u015awietlice wiejskie s\u0142u\u017c\u0105 przede wszystkim mieszka\u0144com danego so\u0142ectwa. S\u0105 miejscami spotka\u0144 i&nbsp;integracji mieszka\u0144c\u00f3w, ale s\u0105 r\u00f3wnie\u017c wynajmowane. Jednak tam, gdzie jest \u015bwietlica s\u0142abo wyposa\u017cona oraz jest w&nbsp;z\u0142ym stanie technicznym, wp\u0142ywy z&nbsp;ich wynajmu s\u0105 bardzo niskie lub nie ma ich wcale. Ponadto wskazywanie w&nbsp;bud\u017cecie kwoty 330.000,00 z\u0142otych z&nbsp;przeznaczeniem na remont tylko \u015bwietlicy w&nbsp;Psarach Ma\u0142ych oznacza, \u017ce je\u015bli b\u0119dziemy inwestowa\u0107 tylko w&nbsp;jedn\u0105 \u015bwietlic\u0119 w&nbsp;roku to nigdy nie doprowadzimy wszystkich \u015bwietlic do odpowiedniego stanu technicznego. Zaznaczy\u0107 nale\u017cy, i\u017c&nbsp;wiele z&nbsp;tych obiekt\u00f3w wymaga zaanga\u017cowania zdecydowanie mniejszych \u015brodk\u00f3w finansowych i&nbsp;tym samym wykonanie drobnych napraw czy remont\u00f3w.<\/p>\n<p><strong>Koszt: 500.000,00 z\u0142<\/strong><\/p>\n<p><span class=\"tytul\">Nr 12 &#8211; Wykonanie projektu technicznego dla chodnika w&nbsp;miejscowo\u015bci Bierzglin<\/span><\/p>\n<p>W Bierzglinie brak jest chodnika wzd\u0142u\u017c zwartej zabudowy miejscowo\u015bci. Inwestycja ta na pewno poprawi bezpiecze\u0144stwo mieszka\u0144c\u00f3w oraz uczestnik\u00f3w ruchu drogowego. Warto r\u00f3wnie\u017c wskaza\u0107, \u017ce sama droga gminna przebiegaj\u0105ca przez Bierzglin wymaga podj\u0119cia prac remontowych zar\u00f3wno samej nawierzchni, jak i&nbsp;poboczy.<\/p>\n<p><strong>Koszt: 10.000,00 z\u0142<\/strong><\/p>\n<p><span class=\"tytul\">Nr 13 &#8211; Opracowanie dokumentacji technicznej dla przebudowy i&nbsp;remontu sali wiejskiej w&nbsp;Chociczy Ma\u0142ej<\/span><\/p>\n<p>Mieszka\u0144cy Chociczy Ma\u0142ej od kilku lat zabiegaj\u0105 o&nbsp;remont sali wiejskiej. Aby zrealizowa\u0107 to przedsi\u0119wzi\u0119cie niezb\u0119dne jest opracowaniem dokumentacji technicznej oraz uzyskanie wszelkich wymaganych prawem pozwole\u0144.<br \/>Wskazuj\u0119, \u017ce przyst\u0105pienie do wskazanego zadania jest konieczne, ze&nbsp;wzgl\u0119du na potrzeb\u0119 po\u0142\u0105czenia istniej\u0105cej obecnie \u015bwietlicy wiejskiej z&nbsp;pomieszczeniami przej\u0119tymi po danym sklepie spo\u017cywczym. Obecnie cz\u0119\u015b\u0107 posklepowa nie mo\u017ce by\u0107 u\u017cytkowana przez mieszka\u0144c\u00f3w, ze&nbsp;wzgl\u0119du na jej stan techniczny.<br \/>Co wi\u0119cej So\u0142ectwo Chocicza Ma\u0142a zamierza stara\u0107 si\u0119 o&nbsp;uzyskanie \u015brodk\u00f3w zewn\u0119trznych na przebudow\u0119 i&nbsp;remont \u015bwietlicy wiejskiej. W&nbsp;tym celu niezb\u0119dne jest posiadanie odpowiedniej dokumentacji technicznej wraz z&nbsp;wszelkimi niezb\u0119dnymi pozwoleniami.<\/p>\n<p><strong>Koszt: 20.000,00 z\u0142<\/strong><\/p>\n<p><span class=\"tytul\">Nr 14 &ndash; Wprowadzenie sterylizacji ps\u00f3w i&nbsp;kot\u00f3w w&nbsp;gminie Wrze\u015bnia<\/span><\/p>\n<p>W gminie Wrze\u015bnia funkcjonuje wiele oficjalnych i&nbsp;nieoficjalnych grup i&nbsp;organizacji, dla kt\u00f3rych dobrostan ps\u00f3w i&nbsp;kot\u00f3w jest wa\u017cnym tematem. W&nbsp;zwi\u0105zku z&nbsp;tym proponujemy wprowadzenie wydatk\u00f3w na sterylizacj\u0119 ps\u00f3w i&nbsp;kot\u00f3w w&nbsp;gminie Wrze\u015bnia. Podobny program funkcjonuje w&nbsp;s\u0105siedniej gminie Nekla.<\/p>\n<p><strong>Koszt: 10.000,00 z\u0142<\/strong><\/p>\n<p>&nbsp;<\/p>\n<p>&nbsp;<\/p>\n<p>&nbsp;<\/p>\n<figure class=\"is-layout-flex wp-block-gallery-1 wp-block-gallery has-nested-images columns-default is-cropped\">\n<figure class=\"wp-block-image\"><img loading=\"lazy\" decoding=\"async\" width=\"960\" height=\"640\" src=\"https:\/\/www.projektwrzesnia.pl\/wordpress\/wp-content\/uploads\/2023\/03\/201912207_komisja__11_.jpg\" alt=\"\" class=\"wp-image-105420\" srcset=\"https:\/\/www.projektwrzesnia.pl\/wordpress\/wp-content\/uploads\/2023\/03\/201912207_komisja__11_.jpg 960w, https:\/\/www.projektwrzesnia.pl\/wordpress\/wp-content\/uploads\/2023\/03\/201912207_komisja__11_-300x200.jpg 300w, https:\/\/www.projektwrzesnia.pl\/wordpress\/wp-content\/uploads\/2023\/03\/201912207_komisja__11_-768x512.jpg 768w\" sizes=\"auto, (max-width: 960px) 100vw, 960px\" \/><\/figure>\n<figure class=\"wp-block-image\"><img loading=\"lazy\" decoding=\"async\" width=\"960\" height=\"640\" src=\"https:\/\/www.projektwrzesnia.pl\/wordpress\/wp-content\/uploads\/2023\/03\/201912207_komisja__12_.jpg\" alt=\"\" class=\"wp-image-105421\" srcset=\"https:\/\/www.projektwrzesnia.pl\/wordpress\/wp-content\/uploads\/2023\/03\/201912207_komisja__12_.jpg 960w, https:\/\/www.projektwrzesnia.pl\/wordpress\/wp-content\/uploads\/2023\/03\/201912207_komisja__12_-300x200.jpg 300w, https:\/\/www.projektwrzesnia.pl\/wordpress\/wp-content\/uploads\/2023\/03\/201912207_komisja__12_-768x512.jpg 768w\" sizes=\"auto, (max-width: 960px) 100vw, 960px\" \/><\/figure>\n<figure class=\"wp-block-image\"><img loading=\"lazy\" decoding=\"async\" width=\"960\" height=\"640\" src=\"https:\/\/www.projektwrzesnia.pl\/wordpress\/wp-content\/uploads\/2023\/03\/201912207_komisja__13_.jpg\" alt=\"\" class=\"wp-image-105422\" srcset=\"https:\/\/www.projektwrzesnia.pl\/wordpress\/wp-content\/uploads\/2023\/03\/201912207_komisja__13_.jpg 960w, https:\/\/www.projektwrzesnia.pl\/wordpress\/wp-content\/uploads\/2023\/03\/201912207_komisja__13_-300x200.jpg 300w, https:\/\/www.projektwrzesnia.pl\/wordpress\/wp-content\/uploads\/2023\/03\/201912207_komisja__13_-768x512.jpg 768w\" sizes=\"auto, (max-width: 960px) 100vw, 960px\" \/><\/figure>\n<figure class=\"wp-block-image\"><img loading=\"lazy\" decoding=\"async\" width=\"960\" height=\"640\" src=\"https:\/\/www.projektwrzesnia.pl\/wordpress\/wp-content\/uploads\/2023\/03\/201912207_komisja__14_.jpg\" alt=\"\" class=\"wp-image-105423\" srcset=\"https:\/\/www.projektwrzesnia.pl\/wordpress\/wp-content\/uploads\/2023\/03\/201912207_komisja__14_.jpg 960w, https:\/\/www.projektwrzesnia.pl\/wordpress\/wp-content\/uploads\/2023\/03\/201912207_komisja__14_-300x200.jpg 300w, https:\/\/www.projektwrzesnia.pl\/wordpress\/wp-content\/uploads\/2023\/03\/201912207_komisja__14_-768x512.jpg 768w\" sizes=\"auto, (max-width: 960px) 100vw, 960px\" \/><\/figure>\n<figure class=\"wp-block-image\"><img loading=\"lazy\" decoding=\"async\" width=\"960\" height=\"640\" src=\"https:\/\/www.projektwrzesnia.pl\/wordpress\/wp-content\/uploads\/2023\/03\/201912207_komisja__15_.jpg\" alt=\"\" class=\"wp-image-105424\" srcset=\"https:\/\/www.projektwrzesnia.pl\/wordpress\/wp-content\/uploads\/2023\/03\/201912207_komisja__15_.jpg 960w, https:\/\/www.projektwrzesnia.pl\/wordpress\/wp-content\/uploads\/2023\/03\/201912207_komisja__15_-300x200.jpg 300w, https:\/\/www.projektwrzesnia.pl\/wordpress\/wp-content\/uploads\/2023\/03\/201912207_komisja__15_-768x512.jpg 768w\" sizes=\"auto, (max-width: 960px) 100vw, 960px\" \/><\/figure>\n<figure class=\"wp-block-image\"><img loading=\"lazy\" decoding=\"async\" width=\"960\" height=\"640\" src=\"https:\/\/www.projektwrzesnia.pl\/wordpress\/wp-content\/uploads\/2023\/03\/201912207_komisja__16_.jpg\" alt=\"\" class=\"wp-image-105425\" srcset=\"https:\/\/www.projektwrzesnia.pl\/wordpress\/wp-content\/uploads\/2023\/03\/201912207_komisja__16_.jpg 960w, https:\/\/www.projektwrzesnia.pl\/wordpress\/wp-content\/uploads\/2023\/03\/201912207_komisja__16_-300x200.jpg 300w, https:\/\/www.projektwrzesnia.pl\/wordpress\/wp-content\/uploads\/2023\/03\/201912207_komisja__16_-768x512.jpg 768w\" sizes=\"auto, (max-width: 960px) 100vw, 960px\" \/><\/figure>\n<\/figure>\n","protected":false},"excerpt":{"rendered":"<p>W pi\u0105tek 29 listopada odby\u0142o si\u0119 posiedzenie wsp\u00f3lne po\u0142\u0105czonych komisji Rady&nbsp;Miejskiej we Wrze\u015bni. W&nbsp;jego trakcie dyskutowano o&nbsp;bud\u017cecie naszej gminy na przysz\u0142y rok. W&nbsp;zwi\u0105zku z&nbsp;tym, \u017ce s\u0105 to bardzo wa\u017cne sprawy to zadali\u015bmy wiele pyta\u0144 burmistrzowi Wrze\u015bni dotycz\u0105cych przedstawionych przez niego pomys\u0142\u00f3w do realizacji na przysz\u0142y rok. Obrady trwa\u0142y blisko cztery godziny. W trakcie posiedzenia zg\u0142osili\u015bmy [&hellip;]<\/p>\n","protected":false},"author":1,"featured_media":10542,"comment_status":"open","ping_status":"open","sticky":false,"template":"","format":"standard","meta":{"_acf_changed":false,"footnotes":""},"categories":[15],"tags":[],"class_list":["post-542","post","type-post","status-publish","format-standard","has-post-thumbnail","hentry","category-15"],"acf":[],"_links":{"self":[{"href":"https:\/\/www.projektwrzesnia.pl\/wordpress\/wp-json\/wp\/v2\/posts\/542","targetHints":{"allow":["GET"]}}],"collection":[{"href":"https:\/\/www.projektwrzesnia.pl\/wordpress\/wp-json\/wp\/v2\/posts"}],"about":[{"href":"https:\/\/www.projektwrzesnia.pl\/wordpress\/wp-json\/wp\/v2\/types\/post"}],"author":[{"embeddable":true,"href":"https:\/\/www.projektwrzesnia.pl\/wordpress\/wp-json\/wp\/v2\/users\/1"}],"replies":[{"embeddable":true,"href":"https:\/\/www.projektwrzesnia.pl\/wordpress\/wp-json\/wp\/v2\/comments?post=542"}],"version-history":[{"count":0,"href":"https:\/\/www.projektwrzesnia.pl\/wordpress\/wp-json\/wp\/v2\/posts\/542\/revisions"}],"wp:featuredmedia":[{"embeddable":true,"href":"https:\/\/www.projektwrzesnia.pl\/wordpress\/wp-json\/wp\/v2\/media\/10542"}],"wp:attachment":[{"href":"https:\/\/www.projektwrzesnia.pl\/wordpress\/wp-json\/wp\/v2\/media?parent=542"}],"wp:term":[{"taxonomy":"category","embeddable":true,"href":"https:\/\/www.projektwrzesnia.pl\/wordpress\/wp-json\/wp\/v2\/categories?post=542"},{"taxonomy":"post_tag","embeddable":true,"href":"https:\/\/www.projektwrzesnia.pl\/wordpress\/wp-json\/wp\/v2\/tags?post=542"}],"curies":[{"name":"wp","href":"https:\/\/api.w.org\/{rel}","templated":true}]}}