{"id":545,"date":"2019-12-09T20:00:00","date_gmt":"2019-12-09T20:00:00","guid":{"rendered":"http:\/\/www.projektwrzesnia.pl\/wordpress\/545\/"},"modified":"2019-12-09T20:00:00","modified_gmt":"2019-12-09T20:00:00","slug":"altana-w-lok-u-juz-prawie-gotowa","status":"publish","type":"post","link":"https:\/\/www.projektwrzesnia.pl\/wordpress\/545\/","title":{"rendered":"Altana w\u00a0LOK-u ju\u017c prawie gotowa"},"content":{"rendered":"<p>Dobiega ko\u0144ca remont zabytkowej altany w&nbsp;dawnym Ogrodzie Bractwa Kurkowego we&nbsp;Wrze\u015bni przy ulicy S\u0142owackiego. Jeszcze trzy tygodnie temu altan\u0119 otacza\u0142y rusztowania [<a href=\"http:\/\/www.projektwrzesnia.pl\/asp\/pl_start.asp?typ=13&amp;sub=23&amp;menu=43&amp;schemat=&amp;dzialy=43&amp;akcja=artykul&amp;artykul=536%20\" target=\"_blank\" rel=\"noopener\">pisali\u015bmy o&nbsp;tym tutaj<\/a>], a&nbsp;teraz jest ju\u017c mo\u017cliwo\u015b\u0107 zobaczenia jej w&nbsp;ca\u0142ej okaza\u0142o\u015bci. Za&nbsp;kilka dni odb\u0119dzie si\u0119 odbi\u00f3r techniczny, w&nbsp;kt\u00f3rym udzia\u0142 wezm\u0105 mi\u0119dzy innymi przedstawiciele Wielkopolskiego Wojew\u00f3dzkiego Konserwatora Zabytk\u00f3w i&nbsp;oceni\u0105, czy prace zosta\u0142y wykonane prawid\u0142owo.<\/p>\n<p>Wiemy r\u00f3wnie\u017c, \u017ce planowane jest doci\u0105gni\u0119cie pr\u0105du do altany oraz zamontowanie ca\u0142odobowego monitoringu. Dzi\u0119ki temu obiekt b\u0119dzie zar\u00f3wno bezpieczny, jak i&nbsp;funkcjonalny. Teraz czas na rewaloryzacj\u0119 zieleni, \u017ceby ca\u0142o\u015b\u0107 wygl\u0105da\u0142a ponownie pi\u0119knie.<\/p>\n<p>&nbsp;<\/p>\n<p>&nbsp;<\/p>\n<p><span class=\"tytul\">Inni pisz\u0105:<\/span><\/p>\n<p><a href=\"http:\/\/wrzesnia.info.pl\/artykul\/altana-przy-lok-u-w-nowej-odslonie-koniec-remontu-zabytkowego-obiektu\" target=\"_blank\" rel=\"noopener\">Altana przy LOK-u w&nbsp;nowej ods\u0142onie. Koniec remontu zabytkowego obiektu<\/a><\/p>\n<p>&nbsp;<\/p>\n<figure class=\"is-layout-flex wp-block-gallery-1 wp-block-gallery has-nested-images columns-default is-cropped\">\n<figure class=\"wp-block-image\"><img loading=\"lazy\" decoding=\"async\" width=\"960\" height=\"720\" src=\"https:\/\/www.projektwrzesnia.pl\/wordpress\/wp-content\/uploads\/2023\/03\/20191208_lok__11_.jpg\" alt=\"\" class=\"wp-image-105450\" srcset=\"https:\/\/www.projektwrzesnia.pl\/wordpress\/wp-content\/uploads\/2023\/03\/20191208_lok__11_.jpg 960w, https:\/\/www.projektwrzesnia.pl\/wordpress\/wp-content\/uploads\/2023\/03\/20191208_lok__11_-300x225.jpg 300w, https:\/\/www.projektwrzesnia.pl\/wordpress\/wp-content\/uploads\/2023\/03\/20191208_lok__11_-768x576.jpg 768w\" sizes=\"auto, (max-width: 960px) 100vw, 960px\" \/><\/figure>\n<figure class=\"wp-block-image\"><img loading=\"lazy\" decoding=\"async\" width=\"960\" height=\"720\" src=\"https:\/\/www.projektwrzesnia.pl\/wordpress\/wp-content\/uploads\/2023\/03\/20191208_lok__12_.jpg\" alt=\"\" class=\"wp-image-105451\" srcset=\"https:\/\/www.projektwrzesnia.pl\/wordpress\/wp-content\/uploads\/2023\/03\/20191208_lok__12_.jpg 960w, https:\/\/www.projektwrzesnia.pl\/wordpress\/wp-content\/uploads\/2023\/03\/20191208_lok__12_-300x225.jpg 300w, https:\/\/www.projektwrzesnia.pl\/wordpress\/wp-content\/uploads\/2023\/03\/20191208_lok__12_-768x576.jpg 768w\" sizes=\"auto, (max-width: 960px) 100vw, 960px\" \/><\/figure>\n<figure class=\"wp-block-image\"><img loading=\"lazy\" decoding=\"async\" width=\"960\" height=\"720\" src=\"https:\/\/www.projektwrzesnia.pl\/wordpress\/wp-content\/uploads\/2023\/03\/20191208_lok__13_.jpg\" alt=\"\" class=\"wp-image-105452\" srcset=\"https:\/\/www.projektwrzesnia.pl\/wordpress\/wp-content\/uploads\/2023\/03\/20191208_lok__13_.jpg 960w, https:\/\/www.projektwrzesnia.pl\/wordpress\/wp-content\/uploads\/2023\/03\/20191208_lok__13_-300x225.jpg 300w, https:\/\/www.projektwrzesnia.pl\/wordpress\/wp-content\/uploads\/2023\/03\/20191208_lok__13_-768x576.jpg 768w\" sizes=\"auto, (max-width: 960px) 100vw, 960px\" \/><\/figure>\n<figure class=\"wp-block-image\"><img loading=\"lazy\" decoding=\"async\" width=\"960\" height=\"720\" src=\"https:\/\/www.projektwrzesnia.pl\/wordpress\/wp-content\/uploads\/2023\/03\/20191208_lok__14_.jpg\" alt=\"\" class=\"wp-image-105453\" srcset=\"https:\/\/www.projektwrzesnia.pl\/wordpress\/wp-content\/uploads\/2023\/03\/20191208_lok__14_.jpg 960w, https:\/\/www.projektwrzesnia.pl\/wordpress\/wp-content\/uploads\/2023\/03\/20191208_lok__14_-300x225.jpg 300w, https:\/\/www.projektwrzesnia.pl\/wordpress\/wp-content\/uploads\/2023\/03\/20191208_lok__14_-768x576.jpg 768w\" sizes=\"auto, (max-width: 960px) 100vw, 960px\" \/><\/figure>\n<figure class=\"wp-block-image\"><img loading=\"lazy\" decoding=\"async\" width=\"960\" height=\"720\" src=\"https:\/\/www.projektwrzesnia.pl\/wordpress\/wp-content\/uploads\/2023\/03\/20191208_lok__15_.jpg\" alt=\"\" class=\"wp-image-105454\" srcset=\"https:\/\/www.projektwrzesnia.pl\/wordpress\/wp-content\/uploads\/2023\/03\/20191208_lok__15_.jpg 960w, https:\/\/www.projektwrzesnia.pl\/wordpress\/wp-content\/uploads\/2023\/03\/20191208_lok__15_-300x225.jpg 300w, https:\/\/www.projektwrzesnia.pl\/wordpress\/wp-content\/uploads\/2023\/03\/20191208_lok__15_-768x576.jpg 768w\" sizes=\"auto, (max-width: 960px) 100vw, 960px\" \/><\/figure>\n<\/figure>\n","protected":false},"excerpt":{"rendered":"<p>Dobiega ko\u0144ca remont zabytkowej altany w&nbsp;dawnym Ogrodzie Bractwa Kurkowego we&nbsp;Wrze\u015bni przy ulicy S\u0142owackiego. Jeszcze trzy tygodnie temu altan\u0119 otacza\u0142y rusztowania [pisali\u015bmy o&nbsp;tym tutaj], a&nbsp;teraz jest ju\u017c mo\u017cliwo\u015b\u0107 zobaczenia jej w&nbsp;ca\u0142ej okaza\u0142o\u015bci. Za&nbsp;kilka dni odb\u0119dzie si\u0119 odbi\u00f3r techniczny, w&nbsp;kt\u00f3rym udzia\u0142 wezm\u0105 mi\u0119dzy innymi przedstawiciele Wielkopolskiego Wojew\u00f3dzkiego Konserwatora Zabytk\u00f3w i&nbsp;oceni\u0105, czy prace zosta\u0142y wykonane prawid\u0142owo. Wiemy r\u00f3wnie\u017c, [&hellip;]<\/p>\n","protected":false},"author":1,"featured_media":10545,"comment_status":"open","ping_status":"open","sticky":false,"template":"","format":"standard","meta":{"_acf_changed":false,"footnotes":""},"categories":[21],"tags":[],"class_list":["post-545","post","type-post","status-publish","format-standard","has-post-thumbnail","hentry","category-21"],"acf":[],"_links":{"self":[{"href":"https:\/\/www.projektwrzesnia.pl\/wordpress\/wp-json\/wp\/v2\/posts\/545","targetHints":{"allow":["GET"]}}],"collection":[{"href":"https:\/\/www.projektwrzesnia.pl\/wordpress\/wp-json\/wp\/v2\/posts"}],"about":[{"href":"https:\/\/www.projektwrzesnia.pl\/wordpress\/wp-json\/wp\/v2\/types\/post"}],"author":[{"embeddable":true,"href":"https:\/\/www.projektwrzesnia.pl\/wordpress\/wp-json\/wp\/v2\/users\/1"}],"replies":[{"embeddable":true,"href":"https:\/\/www.projektwrzesnia.pl\/wordpress\/wp-json\/wp\/v2\/comments?post=545"}],"version-history":[{"count":0,"href":"https:\/\/www.projektwrzesnia.pl\/wordpress\/wp-json\/wp\/v2\/posts\/545\/revisions"}],"wp:featuredmedia":[{"embeddable":true,"href":"https:\/\/www.projektwrzesnia.pl\/wordpress\/wp-json\/wp\/v2\/media\/10545"}],"wp:attachment":[{"href":"https:\/\/www.projektwrzesnia.pl\/wordpress\/wp-json\/wp\/v2\/media?parent=545"}],"wp:term":[{"taxonomy":"category","embeddable":true,"href":"https:\/\/www.projektwrzesnia.pl\/wordpress\/wp-json\/wp\/v2\/categories?post=545"},{"taxonomy":"post_tag","embeddable":true,"href":"https:\/\/www.projektwrzesnia.pl\/wordpress\/wp-json\/wp\/v2\/tags?post=545"}],"curies":[{"name":"wp","href":"https:\/\/api.w.org\/{rel}","templated":true}]}}