{"id":546,"date":"2019-12-11T20:00:00","date_gmt":"2019-12-11T20:00:00","guid":{"rendered":"http:\/\/www.projektwrzesnia.pl\/wordpress\/546\/"},"modified":"2019-12-11T20:00:00","modified_gmt":"2019-12-11T20:00:00","slug":"place-zabaw-na-terenach-wsm-burmistrz-i-komisja-alkoholowa-nie-chca-podjac-tematu","status":"publish","type":"post","link":"https:\/\/www.projektwrzesnia.pl\/wordpress\/546\/","title":{"rendered":"Place zabaw na terenach WSM \u2013 burmistrz i\u00a0komisja alkoholowa nie chc\u0105 podj\u0105\u0107 tematu"},"content":{"rendered":"<p>W pa\u017adzierniku odwiedzili\u015bmy i&nbsp;sprawdzili\u015bmy wszystkie place zabaw, kt\u00f3re znajduj\u0105 si\u0119&nbsp;na terenach zarz\u0105dzanych przez Wrzesi\u0144sk\u0105 Sp\u00f3\u0142dzielni\u0119 Mieszkaniow\u0105, a&nbsp;jest ich a\u017c&nbsp;19. W&nbsp;efekcie powsta\u0142 dokument o&nbsp;nazwie &bdquo;Przegl\u0105d plac\u00f3w zabaw znajduj\u0105cych si\u0119&nbsp;na&nbsp;terenach zarz\u0105dzanych przez Wrzesi\u0144sk\u0105 Sp\u00f3\u0142dzielni\u0119 Mieszkaniow\u0105&rdquo;<br \/> [<a href=\"http:\/\/www.projektwrzesnia.pl\/asp\/pl_start.asp?typ=13&amp;menu=13&amp;dzialy=13&amp;akcja=artykul&amp;artykul=528\" target=\"_blank\" rel=\"noopener\">wi\u0119cej pisali\u015bmy o&nbsp;tym tutaj<\/a>].<\/p>\n<p>Wi\u0119kszo\u015b\u0107 z&nbsp;nich niestety nadaje si\u0119 do remontu albo postawienia nowych urz\u0105dze\u0144. Nasze spostrze\u017cenia i&nbsp;materia\u0142y wys\u0142ali\u015bmy do burmistrza Wrze\u015bni, Gminnej Komisji Rozwi\u0105zywania Problem\u00f3w Alkoholowych oraz Wrzesi\u0144skiej Sp\u00f3\u0142dzielni Mieszkaniowej. Niestety zar\u00f3wno burmistrz Wrze\u015bni oraz Gminna Komisja Rozwi\u0105zywania Problem\u00f3w Alkoholowych nie chcieli zaj\u0105\u0107 si\u0119 spraw\u0105.<\/p>\n<p>To bardzo smutne, \u017ce w&nbsp;taki spos\u00f3b traktuje si\u0119 mieszka\u0144c\u00f3w, ich potrzeby oraz merytoryczne zaanga\u017cowanie. Poszkodowanymi w&nbsp;ca\u0142ej tej sytuacji s\u0105 dzieci, g\u0142\u00f3wnie z&nbsp;Osiedla Tysi\u0105clecia. Warto r\u00f3wnie\u017c podkre\u015bli\u0107, \u017ce instytucje, kt\u00f3re zosta\u0142y powo\u0142ane do&nbsp;rozwi\u0105zywania problem\u00f3w mieszka\u0144c\u00f3w, wol\u0105 przerzuca\u0107 je gdzie\u015b indziej.<\/p>\n<p>&nbsp;<\/p>\n<p><a href=\"http:\/\/www.projektwrzesnia.pl\/asp\/pl_start.asp?typ=13&amp;menu=13&amp;dzialy=13&amp;akcja=artykul&amp;artykul=528\" target=\"_blank\" rel=\"noopener\"><span class=\"pytanie_do_wiecej\" data-mce-mark=\"1\">Wcze\u015bniej pisali\u015bmy<\/span><\/a><\/p>\n","protected":false},"excerpt":{"rendered":"<p>W pa\u017adzierniku odwiedzili\u015bmy i&nbsp;sprawdzili\u015bmy wszystkie place zabaw, kt\u00f3re znajduj\u0105 si\u0119&nbsp;na terenach zarz\u0105dzanych przez Wrzesi\u0144sk\u0105 Sp\u00f3\u0142dzielni\u0119 Mieszkaniow\u0105, a&nbsp;jest ich a\u017c&nbsp;19. W&nbsp;efekcie powsta\u0142 dokument o&nbsp;nazwie &bdquo;Przegl\u0105d plac\u00f3w zabaw znajduj\u0105cych si\u0119&nbsp;na&nbsp;terenach zarz\u0105dzanych przez Wrzesi\u0144sk\u0105 Sp\u00f3\u0142dzielni\u0119 Mieszkaniow\u0105&rdquo; [wi\u0119cej pisali\u015bmy o&nbsp;tym tutaj]. Wi\u0119kszo\u015b\u0107 z&nbsp;nich niestety nadaje si\u0119 do remontu albo postawienia nowych urz\u0105dze\u0144. Nasze spostrze\u017cenia i&nbsp;materia\u0142y wys\u0142ali\u015bmy do burmistrza Wrze\u015bni, [&hellip;]<\/p>\n","protected":false},"author":1,"featured_media":10546,"comment_status":"open","ping_status":"open","sticky":false,"template":"","format":"standard","meta":{"_acf_changed":false,"footnotes":""},"categories":[1],"tags":[],"class_list":["post-546","post","type-post","status-publish","format-standard","has-post-thumbnail","hentry","category-uncategorized"],"acf":[],"_links":{"self":[{"href":"https:\/\/www.projektwrzesnia.pl\/wordpress\/wp-json\/wp\/v2\/posts\/546","targetHints":{"allow":["GET"]}}],"collection":[{"href":"https:\/\/www.projektwrzesnia.pl\/wordpress\/wp-json\/wp\/v2\/posts"}],"about":[{"href":"https:\/\/www.projektwrzesnia.pl\/wordpress\/wp-json\/wp\/v2\/types\/post"}],"author":[{"embeddable":true,"href":"https:\/\/www.projektwrzesnia.pl\/wordpress\/wp-json\/wp\/v2\/users\/1"}],"replies":[{"embeddable":true,"href":"https:\/\/www.projektwrzesnia.pl\/wordpress\/wp-json\/wp\/v2\/comments?post=546"}],"version-history":[{"count":0,"href":"https:\/\/www.projektwrzesnia.pl\/wordpress\/wp-json\/wp\/v2\/posts\/546\/revisions"}],"wp:featuredmedia":[{"embeddable":true,"href":"https:\/\/www.projektwrzesnia.pl\/wordpress\/wp-json\/wp\/v2\/media\/10546"}],"wp:attachment":[{"href":"https:\/\/www.projektwrzesnia.pl\/wordpress\/wp-json\/wp\/v2\/media?parent=546"}],"wp:term":[{"taxonomy":"category","embeddable":true,"href":"https:\/\/www.projektwrzesnia.pl\/wordpress\/wp-json\/wp\/v2\/categories?post=546"},{"taxonomy":"post_tag","embeddable":true,"href":"https:\/\/www.projektwrzesnia.pl\/wordpress\/wp-json\/wp\/v2\/tags?post=546"}],"curies":[{"name":"wp","href":"https:\/\/api.w.org\/{rel}","templated":true}]}}