{"id":548,"date":"2019-12-13T20:00:00","date_gmt":"2019-12-13T20:00:00","guid":{"rendered":"http:\/\/www.projektwrzesnia.pl\/wordpress\/blog\/2019\/12\/13\/altana-w-lok-u-gotowa\/"},"modified":"2019-12-13T20:00:00","modified_gmt":"2019-12-13T20:00:00","slug":"altana-w-lok-u-gotowa","status":"publish","type":"post","link":"https:\/\/www.projektwrzesnia.pl\/wordpress\/548\/","title":{"rendered":"Altana w&nbsp;LOK-u gotowa"},"content":{"rendered":"<p> <em>Filip Tomczak<\/em><em>&#8211; cz\u0142onek Stowarzyszenia Projekt Wrze\u015bnia<\/em><\/p>\n<p>W marcu 2019 roku rozpocz\u0119\u0142a si\u0119 renowacja zabytkowej altany w&nbsp;dawnym Ogrodzie Bractwa Kurkowego (LOK) przy ulicy S\u0142owackiego we Wrze\u015bni. Sam remont okaza\u0142 si\u0119 nie by\u0107 prost\u0105 spraw\u0105. Po rozpocz\u0119ciu prac okaza\u0142o si\u0119, \u017ce konstrukcja wymaga wzmocnienia, co skutkowa\u0142o przerw\u0105 w&nbsp;prowadzeniu prac. Przeciwno\u015bci uda\u0142o si\u0119 pokona\u0107 i&nbsp;ju\u017c mo\u017cna zobaczy\u0107 efekt ko\u0144cowy. Remont altany to dobry prezent na stulecie ca\u0142ego Ogrodu Bractwa Kurkowego. Na ten moment czekali\u015bmy od 2015 roku, kiedy uda\u0142o si\u0119 ochroni\u0107 ca\u0142y park wraz z&nbsp;altan\u0105 przed wyburzeniem. Dobrze si\u0119 stalo, \u017ce nie zosta\u0142a zrealizowana pierwotna wizja urz\u0119du miasta, w&nbsp;kt\u00f3rej burmistrz Wrze\u015bni wyda\u0142 decyzj\u0119 o&nbsp;warunkach zabudowy pozwalaj\u0105c\u0105 na umiejscowienie tam kolejnego marketu. Na szcz\u0119\u015bcie ten pomys\u0142 nie uda\u0142 si\u0119. Teraz czas na rewaloryzacj\u0119 zieleni, \u017ceby ca\u0142o\u015b\u0107 wygl\u0105da\u0142a ponownie pi\u0119knie. Dzi\u0119ki temu do ogrodu mo\u017ce wr\u00f3ci\u0107 na nowo \u017cycie spo\u0142eczne.<\/p>\n<p><em>Pierwotnie felieton zosta\u0142 opublikowany w&nbsp;tygodniku &#8222;Wiadomo\u015bci Wrzesi\u0144skie&#8221; oraz na portalu <a href=\"http:\/\/www.wrzesnia.info.pl\" target=\"_blank\" rel=\"noopener\">www.wrzesnia.info.pl<\/a>&nbsp;<\/em><\/p>\n<p>&nbsp;<\/p>\n","protected":false},"excerpt":{"rendered":"<p>Filip Tomczak&#8211; cz\u0142onek Stowarzyszenia Projekt Wrze\u015bnia W marcu 2019 roku rozpocz\u0119\u0142a si\u0119 renowacja zabytkowej altany w&nbsp;dawnym Ogrodzie Bractwa Kurkowego (LOK) przy ulicy S\u0142owackiego we Wrze\u015bni. Sam remont okaza\u0142 si\u0119 nie by\u0107 prost\u0105 spraw\u0105. Po rozpocz\u0119ciu prac okaza\u0142o si\u0119, \u017ce konstrukcja wymaga wzmocnienia, co skutkowa\u0142o przerw\u0105 w&nbsp;prowadzeniu prac. Przeciwno\u015bci uda\u0142o si\u0119 pokona\u0107 i&nbsp;ju\u017c mo\u017cna zobaczy\u0107 efekt [&hellip;]<\/p>\n","protected":false},"author":1,"featured_media":10661,"comment_status":"open","ping_status":"open","sticky":false,"template":"","format":"standard","meta":{"_acf_changed":false,"footnotes":""},"categories":[41],"tags":[],"class_list":["post-548","post","type-post","status-publish","format-standard","has-post-thumbnail","hentry","category-41"],"acf":[],"_links":{"self":[{"href":"https:\/\/www.projektwrzesnia.pl\/wordpress\/wp-json\/wp\/v2\/posts\/548","targetHints":{"allow":["GET"]}}],"collection":[{"href":"https:\/\/www.projektwrzesnia.pl\/wordpress\/wp-json\/wp\/v2\/posts"}],"about":[{"href":"https:\/\/www.projektwrzesnia.pl\/wordpress\/wp-json\/wp\/v2\/types\/post"}],"author":[{"embeddable":true,"href":"https:\/\/www.projektwrzesnia.pl\/wordpress\/wp-json\/wp\/v2\/users\/1"}],"replies":[{"embeddable":true,"href":"https:\/\/www.projektwrzesnia.pl\/wordpress\/wp-json\/wp\/v2\/comments?post=548"}],"version-history":[{"count":0,"href":"https:\/\/www.projektwrzesnia.pl\/wordpress\/wp-json\/wp\/v2\/posts\/548\/revisions"}],"wp:featuredmedia":[{"embeddable":true,"href":"https:\/\/www.projektwrzesnia.pl\/wordpress\/wp-json\/wp\/v2\/media\/10661"}],"wp:attachment":[{"href":"https:\/\/www.projektwrzesnia.pl\/wordpress\/wp-json\/wp\/v2\/media?parent=548"}],"wp:term":[{"taxonomy":"category","embeddable":true,"href":"https:\/\/www.projektwrzesnia.pl\/wordpress\/wp-json\/wp\/v2\/categories?post=548"},{"taxonomy":"post_tag","embeddable":true,"href":"https:\/\/www.projektwrzesnia.pl\/wordpress\/wp-json\/wp\/v2\/tags?post=548"}],"curies":[{"name":"wp","href":"https:\/\/api.w.org\/{rel}","templated":true}]}}