{"id":617,"date":"2020-07-29T20:00:00","date_gmt":"2020-07-29T20:00:00","guid":{"rendered":"http:\/\/www.projektwrzesnia.pl\/wordpress\/617\/"},"modified":"2020-07-29T20:00:00","modified_gmt":"2020-07-29T20:00:00","slug":"projekt-wrzesnia-ma-juz-5-lat","status":"publish","type":"post","link":"https:\/\/www.projektwrzesnia.pl\/wordpress\/617\/","title":{"rendered":"Projekt Wrze\u015bnia ma ju\u017c 5 lat!"},"content":{"rendered":"<p><a href=\"https:\/\/www.projektwrzesnia.pl\/wordpress\/wp-content\/uploads\/2023\/03\/20200729_pw_5lat.jpg\" target=\"_blank\" rel=\"noopener\"><\/a>W\u0142a\u015bnie mija 5 lat odk\u0105d zacz\u0119li\u015bmy nasze pierwsze kroki w&nbsp;spo\u0142ecznym dzia\u0142aniu na rzecz Wrze\u015bni i&nbsp;okolic. Przypomnijmy, \u017ce jako Projekt Wrze\u015bnia zorganizowali\u015bmy si\u0119 pod koniec czerwca 2015 roku w&nbsp;celu obrony Ogrodu&nbsp;Bractwa Kurkowego (tzw. LOK) przy ulicy S\u0142owackiego we Wrze\u015bni przed zniszczeniem i&nbsp;wybudowaniem w&nbsp;jego miejsce marketu. Tamta akcja zako\u0144czy\u0142a si\u0119 sukcesem i&nbsp;sta\u0142a si\u0119 motorem do kolejnych dzia\u0142a\u0144.<\/p>\n<p>Warto wspomnie\u0107, \u017ce przez te ostatnie 5 lat uda\u0142o si\u0119 nie tylko z&nbsp;LOK-iem, ale&nbsp;r\u00f3wnie\u017c ze&nbsp;skwerem u&nbsp;zbiegu ulic Zamys\u0142owskiego i&nbsp;Konopnickiej, remontem 10 nagrobk\u00f3w z&nbsp;cmentarza parafialnego, dzia\u0142aniami charytatywnymi, organizacj\u0105 debat i&nbsp;sympozj\u00f3w na wa\u017cne lokalne tematy, ratowaniem okolicznych zabytk\u00f3w, czy organizacj\u0105 \u015bmieciobra\u0144. Nie brakowa\u0142o r\u00f3wnie\u017c dzia\u0142a\u0144 prawnych, w&nbsp;tym petycji (np. za budow\u0105 obwodnicy Wrze\u015bni, w&nbsp;sprawie konsultacji spo\u0142ecznych czy&nbsp;budowy dr\u00f3g lokalnych), dziesi\u0105tek wniosk\u00f3w w&nbsp;sprawach publicznych oraz inne dzia\u0142a\u0144, kt\u00f3re prowadzili\u015bmy w&nbsp;imieniu i&nbsp;na rzecz mieszka\u0144c\u00f3w.<\/p>\n<p>Wszystkim dzi\u0119kujemy za wsp\u00f3lne 5 lat i&nbsp;ju\u017c teraz zapowiadamy dalsze dzia\u0142ania. Razem mo\u017cemy zdzia\u0142a\u0107 naprawd\u0119 wiele! \uf04a&nbsp;<\/p>\n","protected":false},"excerpt":{"rendered":"<p>W\u0142a\u015bnie mija 5 lat odk\u0105d zacz\u0119li\u015bmy nasze pierwsze kroki w&nbsp;spo\u0142ecznym dzia\u0142aniu na rzecz Wrze\u015bni i&nbsp;okolic. Przypomnijmy, \u017ce jako Projekt Wrze\u015bnia zorganizowali\u015bmy si\u0119 pod koniec czerwca 2015 roku w&nbsp;celu obrony Ogrodu&nbsp;Bractwa Kurkowego (tzw. LOK) przy ulicy S\u0142owackiego we Wrze\u015bni przed zniszczeniem i&nbsp;wybudowaniem w&nbsp;jego miejsce marketu. Tamta akcja zako\u0144czy\u0142a si\u0119 sukcesem i&nbsp;sta\u0142a si\u0119 motorem do kolejnych dzia\u0142a\u0144. [&hellip;]<\/p>\n","protected":false},"author":1,"featured_media":10617,"comment_status":"open","ping_status":"open","sticky":false,"template":"","format":"standard","meta":{"_acf_changed":false,"footnotes":""},"categories":[1],"tags":[],"class_list":["post-617","post","type-post","status-publish","format-standard","has-post-thumbnail","hentry","category-uncategorized"],"acf":[],"_links":{"self":[{"href":"https:\/\/www.projektwrzesnia.pl\/wordpress\/wp-json\/wp\/v2\/posts\/617","targetHints":{"allow":["GET"]}}],"collection":[{"href":"https:\/\/www.projektwrzesnia.pl\/wordpress\/wp-json\/wp\/v2\/posts"}],"about":[{"href":"https:\/\/www.projektwrzesnia.pl\/wordpress\/wp-json\/wp\/v2\/types\/post"}],"author":[{"embeddable":true,"href":"https:\/\/www.projektwrzesnia.pl\/wordpress\/wp-json\/wp\/v2\/users\/1"}],"replies":[{"embeddable":true,"href":"https:\/\/www.projektwrzesnia.pl\/wordpress\/wp-json\/wp\/v2\/comments?post=617"}],"version-history":[{"count":0,"href":"https:\/\/www.projektwrzesnia.pl\/wordpress\/wp-json\/wp\/v2\/posts\/617\/revisions"}],"wp:featuredmedia":[{"embeddable":true,"href":"https:\/\/www.projektwrzesnia.pl\/wordpress\/wp-json\/wp\/v2\/media\/10617"}],"wp:attachment":[{"href":"https:\/\/www.projektwrzesnia.pl\/wordpress\/wp-json\/wp\/v2\/media?parent=617"}],"wp:term":[{"taxonomy":"category","embeddable":true,"href":"https:\/\/www.projektwrzesnia.pl\/wordpress\/wp-json\/wp\/v2\/categories?post=617"},{"taxonomy":"post_tag","embeddable":true,"href":"https:\/\/www.projektwrzesnia.pl\/wordpress\/wp-json\/wp\/v2\/tags?post=617"}],"curies":[{"name":"wp","href":"https:\/\/api.w.org\/{rel}","templated":true}]}}