{"id":618,"date":"2020-07-30T20:00:00","date_gmt":"2020-07-30T20:00:00","guid":{"rendered":"http:\/\/www.projektwrzesnia.pl\/wordpress\/618\/"},"modified":"2020-07-30T20:00:00","modified_gmt":"2020-07-30T20:00:00","slug":"nagrobek-bohdana-hulewicza-wpisany-do-ewidencji","status":"publish","type":"post","link":"https:\/\/www.projektwrzesnia.pl\/wordpress\/618\/","title":{"rendered":"Nagrobek Bohdana Hulewicza wpisany do ewidencji"},"content":{"rendered":"<p><a href=\"https:\/\/www.projektwrzesnia.pl\/wordpress\/wp-content\/uploads\/2023\/03\/20200730_grob_hulewicz.jpg\" target=\"_blank\" rel=\"noopener\"><\/a>Od pocz\u0105tku 2019 roku istnieje ewidencja grob\u00f3w weteran\u00f3w walk o&nbsp;wolno\u015b\u0107 i&nbsp;niepodleg\u0142o\u015b\u0107 Polski prowadzona przez Instytut Pami\u0119ci Narodowej. Wpis do ewidencji mo\u017ce by\u0107 dokonany na wniosek osoby fizycznej, fundacji, stowarzyszenia, ko\u015bcio\u0142a lub zwi\u0105zku wyznaniowego, innej osoby prawnej lub&nbsp;jednostki organizacyjnej nieb\u0119d\u0105cej osob\u0105 prawn\u0105, kt\u00f3rej ustawa przyznaje zdolno\u015b\u0107 prawn\u0105. Jeszcze w&nbsp;styczniu 2019 roku z\u0142o\u017cyli\u015bmy jako stowarzyszenie Projekt Wrze\u015bnia wnioski o&nbsp;wpisanie do ewidencji grob\u00f3w weteran\u00f3w walk o&nbsp;wolno\u015b\u0107 i&nbsp;niepodleg\u0142o\u015b\u0107 Polski dwie mogi\u0142y:<\/p>\n<p>&#8211; <strong>Stanis\u0142awa B\u0142ociszewskiego<\/strong> 1804-1888 (powstaniec listopadowy, uczestnik Wiosny Lud\u00f3w, powstaniec styczniowy) &ndash; jego nagrobek znajduje si\u0119 w&nbsp;Grzybowie,<\/p>\n<p>&#8211; <strong>Bohdana Hulewicza<\/strong> 1888-1968(powstaniec wielkopolski) &ndash; jego nagrobek znajduje si\u0119 w&nbsp;Graboszewie.<\/p>\n<p>W kwietniu uzyskali\u015bmy wpis do ewidencji grob\u00f3w weteran\u00f3w walk o&nbsp;wolno\u015b\u0107 i&nbsp;niepodleg\u0142o\u015b\u0107 Polski dla&nbsp;mogi\u0142y Stanis\u0142awa B\u0142ociszewskiego, o&nbsp;czym pisali\u015bmy [<a href=\"http:\/\/www.projektwrzesnia.pl\/asp\/pl_start.asp?typ=13&amp;menu=13&amp;schemat=&amp;dzialy=13&amp;akcja=artykul&amp;artykul=593\" target=\"_blank\" rel=\"noopener\">tutaj<\/a>]. Z&nbsp;kolei w&nbsp;czerwcu Instytut Pami\u0119ci Narodowej przes\u0142a\u0142 nam zawiadomienie [<a href=\"http:\/\/www.projektwrzesnia.pl\/asp\/pliki\/PDFy\/20200730_pismo-z-ipn-grob-hulewicza.pdf\" target=\"_blank\" rel=\"noopener\">tutaj<\/a>] o&nbsp;wpisaniu do ewidencji grobu Bohdana Hulewicza. Tym samym uda\u0142o si\u0119 wpisa\u0107 do ewidencji mogi\u0142y dw\u00f3ch zas\u0142u\u017conych powsta\u0144c\u00f3w.<\/p>\n<p>Wszyscy zainteresowani mog\u0105 sprawdzi\u0107, jakie groby znajduj\u0105 si\u0119 w&nbsp;ewidencji, klikaj\u0105c na ten [<a href=\"https:\/\/ipn.gov.pl\/pl\/upamietnianie\/groby-weteranow-walk-o\" target=\"_blank\" rel=\"noopener\">link<\/a>].<\/p>\n<p>Biogram Bohdana Hulewicza znajduje si\u0119 [<a href=\"https:\/\/pl.wikipedia.org\/wiki\/Bohdan_Hulewicz\" target=\"_blank\" rel=\"noopener\">tutaj<\/a>]. &nbsp;<\/p>\n<p><a href=\"http:\/\/www.projektwrzesnia.pl\/asp\/pl_start.asp?typ=13&amp;menu=13&amp;schemat=&amp;dzialy=13&amp;akcja=artykul&amp;artykul=593\" target=\"_blank\" rel=\"noopener\"><span class=\"pytanie_do_wiecej\" data-mce-mark=\"1\">Wcze\u015bniej pisali\u015bmy<\/span><\/a><\/p>\n","protected":false},"excerpt":{"rendered":"<p>Od pocz\u0105tku 2019 roku istnieje ewidencja grob\u00f3w weteran\u00f3w walk o&nbsp;wolno\u015b\u0107 i&nbsp;niepodleg\u0142o\u015b\u0107 Polski prowadzona przez Instytut Pami\u0119ci Narodowej. Wpis do ewidencji mo\u017ce by\u0107 dokonany na wniosek osoby fizycznej, fundacji, stowarzyszenia, ko\u015bcio\u0142a lub zwi\u0105zku wyznaniowego, innej osoby prawnej lub&nbsp;jednostki organizacyjnej nieb\u0119d\u0105cej osob\u0105 prawn\u0105, kt\u00f3rej ustawa przyznaje zdolno\u015b\u0107 prawn\u0105. Jeszcze w&nbsp;styczniu 2019 roku z\u0142o\u017cyli\u015bmy jako stowarzyszenie Projekt Wrze\u015bnia [&hellip;]<\/p>\n","protected":false},"author":1,"featured_media":10618,"comment_status":"open","ping_status":"open","sticky":false,"template":"","format":"standard","meta":{"_acf_changed":false,"footnotes":""},"categories":[1],"tags":[],"class_list":["post-618","post","type-post","status-publish","format-standard","has-post-thumbnail","hentry","category-uncategorized"],"acf":[],"_links":{"self":[{"href":"https:\/\/www.projektwrzesnia.pl\/wordpress\/wp-json\/wp\/v2\/posts\/618","targetHints":{"allow":["GET"]}}],"collection":[{"href":"https:\/\/www.projektwrzesnia.pl\/wordpress\/wp-json\/wp\/v2\/posts"}],"about":[{"href":"https:\/\/www.projektwrzesnia.pl\/wordpress\/wp-json\/wp\/v2\/types\/post"}],"author":[{"embeddable":true,"href":"https:\/\/www.projektwrzesnia.pl\/wordpress\/wp-json\/wp\/v2\/users\/1"}],"replies":[{"embeddable":true,"href":"https:\/\/www.projektwrzesnia.pl\/wordpress\/wp-json\/wp\/v2\/comments?post=618"}],"version-history":[{"count":0,"href":"https:\/\/www.projektwrzesnia.pl\/wordpress\/wp-json\/wp\/v2\/posts\/618\/revisions"}],"wp:featuredmedia":[{"embeddable":true,"href":"https:\/\/www.projektwrzesnia.pl\/wordpress\/wp-json\/wp\/v2\/media\/10618"}],"wp:attachment":[{"href":"https:\/\/www.projektwrzesnia.pl\/wordpress\/wp-json\/wp\/v2\/media?parent=618"}],"wp:term":[{"taxonomy":"category","embeddable":true,"href":"https:\/\/www.projektwrzesnia.pl\/wordpress\/wp-json\/wp\/v2\/categories?post=618"},{"taxonomy":"post_tag","embeddable":true,"href":"https:\/\/www.projektwrzesnia.pl\/wordpress\/wp-json\/wp\/v2\/tags?post=618"}],"curies":[{"name":"wp","href":"https:\/\/api.w.org\/{rel}","templated":true}]}}