{"id":622,"date":"2020-08-12T20:00:00","date_gmt":"2020-08-12T20:00:00","guid":{"rendered":"http:\/\/www.projektwrzesnia.pl\/wordpress\/622\/"},"modified":"2020-08-12T20:00:00","modified_gmt":"2020-08-12T20:00:00","slug":"porzadki-w-gulczewie","status":"publish","type":"post","link":"https:\/\/www.projektwrzesnia.pl\/wordpress\/622\/","title":{"rendered":"Porz\u0105dki w\u00a0Gulczewie"},"content":{"rendered":"<p>Takie rzeczy zawsze ciesz\u0105! W&nbsp;Gulczewie niedawno zosta\u0142 rozbudowany plac zabaw i&nbsp;doposa\u017cone otoczenie altany, gdzie opr\u00f3cz miejsca do grilla pojawi\u0142 si\u0119 st\u00f3\u0142 do&nbsp;pi\u0142karzyk\u00f3w. Wszystko to zas\u0142uga mieszka\u0144c\u00f3w, kt\u00f3rzy razem z&nbsp;so\u0142tysem Gulczewa i&nbsp;Gulczewka <strong>Maciejem S\u0142owi\u0144skim<\/strong> skutecznie zmobilizowali si\u0119 do kolejnego g\u0142osowanie w&nbsp;bud\u017cecie obywatelskim.<\/p>\n<p>Na fali tego zaanga\u017cowania w&nbsp;zesz\u0142y weekend wykorzystali\u015bmy \u015bwietn\u0105 pogod\u0119 i&nbsp;skrzykn\u0119li\u015bmy si\u0119 z&nbsp;mieszka\u0144cami Gulczewa na&nbsp;porz\u0105dkowanie boiska. W&nbsp;kilkana\u015bcie os\u00f3b szybko uporali\u015bmy si\u0119 z&nbsp;porozrzucanymi \u015bmieciami i&nbsp;chwastami wchodz\u0105cymi na&nbsp;boisko do pla\u017c\u00f3wki.<\/p>\n<p>Bardzo cieszy, \u017ce wci\u0105\u017c jeszcze pachn\u0105ca \u015bwie\u017co\u015bci\u0105 altana w&nbsp;Gulczewie ma tak\u0105 moc przyci\u0105gania mieszka\u0144c\u00f3w!&nbsp;<\/p>\n<p>&nbsp;<\/p>\n<p><span class=\"tytul\">Inni pisz\u0105:<\/span><\/p>\n<p><a href=\"https:\/\/wrzesnia.info.pl\/artykul\/w-gulczewie-powstala-strefa-rekreacyjna-najwieksza-frajde-maja-niewatpliwie-najmlodsi\" target=\"_blank\" rel=\"noopener\">W Gulczewie powsta\u0142a strefa rekreacyjna. Najwi\u0119ksz\u0105 frajd\u0119 maj\u0105 niew\u0105tpliwie najm\u0142odsi <\/a><br \/><a href=\"https:\/\/radiowrzesnia.pl\/czyn-spoleczny-w-gulczewie-zniknely-smieci-i-chwasty-galeria\/\" target=\"_blank\" rel=\"noopener\">Czyn spo\u0142eczny w&nbsp;Gulczewie. Znikn\u0119\u0142y \u015bmieci i&nbsp;chwasty (galeria)<\/a><br \/><a href=\"https:\/\/radiowrzesnia.pl\/w-gulczewie-przybylo-urzadzen-do-cwiczen-i-zabawy-galeria\/\" target=\"_blank\" rel=\"noopener\">W Gulczewie przyby\u0142o urz\u0105dze\u0144 do \u0107wicze\u0144 i&nbsp;zabawy (galeria)&nbsp;<\/a><\/p>\n<figure class=\"is-layout-flex wp-block-gallery-1 wp-block-gallery has-nested-images columns-default is-cropped\">\n<figure class=\"wp-block-image\"><img loading=\"lazy\" decoding=\"async\" width=\"960\" height=\"720\" src=\"https:\/\/www.projektwrzesnia.pl\/wordpress\/wp-content\/uploads\/2023\/03\/20200812_sprzatanie_gulczewo__11_.jpg\" alt=\"\" class=\"wp-image-106220\" srcset=\"https:\/\/www.projektwrzesnia.pl\/wordpress\/wp-content\/uploads\/2023\/03\/20200812_sprzatanie_gulczewo__11_.jpg 960w, https:\/\/www.projektwrzesnia.pl\/wordpress\/wp-content\/uploads\/2023\/03\/20200812_sprzatanie_gulczewo__11_-300x225.jpg 300w, https:\/\/www.projektwrzesnia.pl\/wordpress\/wp-content\/uploads\/2023\/03\/20200812_sprzatanie_gulczewo__11_-768x576.jpg 768w\" sizes=\"auto, (max-width: 960px) 100vw, 960px\" \/><\/figure>\n<figure class=\"wp-block-image\"><img loading=\"lazy\" decoding=\"async\" width=\"960\" height=\"720\" src=\"https:\/\/www.projektwrzesnia.pl\/wordpress\/wp-content\/uploads\/2023\/03\/20200812_sprzatanie_gulczewo__12_.jpg\" alt=\"\" class=\"wp-image-106221\" srcset=\"https:\/\/www.projektwrzesnia.pl\/wordpress\/wp-content\/uploads\/2023\/03\/20200812_sprzatanie_gulczewo__12_.jpg 960w, https:\/\/www.projektwrzesnia.pl\/wordpress\/wp-content\/uploads\/2023\/03\/20200812_sprzatanie_gulczewo__12_-300x225.jpg 300w, https:\/\/www.projektwrzesnia.pl\/wordpress\/wp-content\/uploads\/2023\/03\/20200812_sprzatanie_gulczewo__12_-768x576.jpg 768w\" sizes=\"auto, (max-width: 960px) 100vw, 960px\" \/><\/figure>\n<figure class=\"wp-block-image\"><img loading=\"lazy\" decoding=\"async\" width=\"960\" height=\"720\" src=\"https:\/\/www.projektwrzesnia.pl\/wordpress\/wp-content\/uploads\/2023\/03\/20200812_sprzatanie_gulczewo__13_.jpg\" alt=\"\" class=\"wp-image-106222\" srcset=\"https:\/\/www.projektwrzesnia.pl\/wordpress\/wp-content\/uploads\/2023\/03\/20200812_sprzatanie_gulczewo__13_.jpg 960w, https:\/\/www.projektwrzesnia.pl\/wordpress\/wp-content\/uploads\/2023\/03\/20200812_sprzatanie_gulczewo__13_-300x225.jpg 300w, https:\/\/www.projektwrzesnia.pl\/wordpress\/wp-content\/uploads\/2023\/03\/20200812_sprzatanie_gulczewo__13_-768x576.jpg 768w\" sizes=\"auto, (max-width: 960px) 100vw, 960px\" \/><\/figure>\n<figure class=\"wp-block-image\"><img loading=\"lazy\" decoding=\"async\" width=\"960\" height=\"720\" src=\"https:\/\/www.projektwrzesnia.pl\/wordpress\/wp-content\/uploads\/2023\/03\/20200812_sprzatanie_gulczewo__14_.jpg\" alt=\"\" class=\"wp-image-106223\" srcset=\"https:\/\/www.projektwrzesnia.pl\/wordpress\/wp-content\/uploads\/2023\/03\/20200812_sprzatanie_gulczewo__14_.jpg 960w, https:\/\/www.projektwrzesnia.pl\/wordpress\/wp-content\/uploads\/2023\/03\/20200812_sprzatanie_gulczewo__14_-300x225.jpg 300w, https:\/\/www.projektwrzesnia.pl\/wordpress\/wp-content\/uploads\/2023\/03\/20200812_sprzatanie_gulczewo__14_-768x576.jpg 768w\" sizes=\"auto, (max-width: 960px) 100vw, 960px\" \/><\/figure>\n<figure class=\"wp-block-image\"><img loading=\"lazy\" decoding=\"async\" width=\"960\" height=\"720\" src=\"https:\/\/www.projektwrzesnia.pl\/wordpress\/wp-content\/uploads\/2023\/03\/20200812_sprzatanie_gulczewo__15_.jpg\" alt=\"\" class=\"wp-image-106224\" srcset=\"https:\/\/www.projektwrzesnia.pl\/wordpress\/wp-content\/uploads\/2023\/03\/20200812_sprzatanie_gulczewo__15_.jpg 960w, https:\/\/www.projektwrzesnia.pl\/wordpress\/wp-content\/uploads\/2023\/03\/20200812_sprzatanie_gulczewo__15_-300x225.jpg 300w, https:\/\/www.projektwrzesnia.pl\/wordpress\/wp-content\/uploads\/2023\/03\/20200812_sprzatanie_gulczewo__15_-768x576.jpg 768w\" sizes=\"auto, (max-width: 960px) 100vw, 960px\" \/><\/figure>\n<figure class=\"wp-block-image\"><img loading=\"lazy\" decoding=\"async\" width=\"960\" height=\"720\" src=\"https:\/\/www.projektwrzesnia.pl\/wordpress\/wp-content\/uploads\/2023\/03\/20200812_sprzatanie_gulczewo__16_.jpg\" alt=\"\" class=\"wp-image-106225\" srcset=\"https:\/\/www.projektwrzesnia.pl\/wordpress\/wp-content\/uploads\/2023\/03\/20200812_sprzatanie_gulczewo__16_.jpg 960w, https:\/\/www.projektwrzesnia.pl\/wordpress\/wp-content\/uploads\/2023\/03\/20200812_sprzatanie_gulczewo__16_-300x225.jpg 300w, https:\/\/www.projektwrzesnia.pl\/wordpress\/wp-content\/uploads\/2023\/03\/20200812_sprzatanie_gulczewo__16_-768x576.jpg 768w\" sizes=\"auto, (max-width: 960px) 100vw, 960px\" \/><\/figure>\n<figure class=\"wp-block-image\"><img loading=\"lazy\" decoding=\"async\" width=\"960\" height=\"720\" src=\"https:\/\/www.projektwrzesnia.pl\/wordpress\/wp-content\/uploads\/2023\/03\/20200812_sprzatanie_gulczewo__17_.jpg\" alt=\"\" class=\"wp-image-106226\" srcset=\"https:\/\/www.projektwrzesnia.pl\/wordpress\/wp-content\/uploads\/2023\/03\/20200812_sprzatanie_gulczewo__17_.jpg 960w, https:\/\/www.projektwrzesnia.pl\/wordpress\/wp-content\/uploads\/2023\/03\/20200812_sprzatanie_gulczewo__17_-300x225.jpg 300w, https:\/\/www.projektwrzesnia.pl\/wordpress\/wp-content\/uploads\/2023\/03\/20200812_sprzatanie_gulczewo__17_-768x576.jpg 768w\" sizes=\"auto, (max-width: 960px) 100vw, 960px\" \/><\/figure>\n<figure class=\"wp-block-image\"><img loading=\"lazy\" decoding=\"async\" width=\"960\" height=\"720\" src=\"https:\/\/www.projektwrzesnia.pl\/wordpress\/wp-content\/uploads\/2023\/03\/20200812_sprzatanie_gulczewo__18_.jpg\" alt=\"\" class=\"wp-image-106227\" srcset=\"https:\/\/www.projektwrzesnia.pl\/wordpress\/wp-content\/uploads\/2023\/03\/20200812_sprzatanie_gulczewo__18_.jpg 960w, https:\/\/www.projektwrzesnia.pl\/wordpress\/wp-content\/uploads\/2023\/03\/20200812_sprzatanie_gulczewo__18_-300x225.jpg 300w, https:\/\/www.projektwrzesnia.pl\/wordpress\/wp-content\/uploads\/2023\/03\/20200812_sprzatanie_gulczewo__18_-768x576.jpg 768w\" sizes=\"auto, (max-width: 960px) 100vw, 960px\" \/><\/figure>\n<figure class=\"wp-block-image\"><img loading=\"lazy\" decoding=\"async\" width=\"960\" height=\"720\" src=\"https:\/\/www.projektwrzesnia.pl\/wordpress\/wp-content\/uploads\/2023\/03\/20200812_sprzatanie_gulczewo__19_.jpg\" alt=\"\" class=\"wp-image-106228\" srcset=\"https:\/\/www.projektwrzesnia.pl\/wordpress\/wp-content\/uploads\/2023\/03\/20200812_sprzatanie_gulczewo__19_.jpg 960w, https:\/\/www.projektwrzesnia.pl\/wordpress\/wp-content\/uploads\/2023\/03\/20200812_sprzatanie_gulczewo__19_-300x225.jpg 300w, https:\/\/www.projektwrzesnia.pl\/wordpress\/wp-content\/uploads\/2023\/03\/20200812_sprzatanie_gulczewo__19_-768x576.jpg 768w\" sizes=\"auto, (max-width: 960px) 100vw, 960px\" \/><\/figure>\n<figure class=\"wp-block-image\"><img loading=\"lazy\" decoding=\"async\" width=\"960\" height=\"720\" src=\"https:\/\/www.projektwrzesnia.pl\/wordpress\/wp-content\/uploads\/2023\/03\/20200812_sprzatanie_gulczewo__20_.jpg\" alt=\"\" class=\"wp-image-106229\" srcset=\"https:\/\/www.projektwrzesnia.pl\/wordpress\/wp-content\/uploads\/2023\/03\/20200812_sprzatanie_gulczewo__20_.jpg 960w, https:\/\/www.projektwrzesnia.pl\/wordpress\/wp-content\/uploads\/2023\/03\/20200812_sprzatanie_gulczewo__20_-300x225.jpg 300w, https:\/\/www.projektwrzesnia.pl\/wordpress\/wp-content\/uploads\/2023\/03\/20200812_sprzatanie_gulczewo__20_-768x576.jpg 768w\" sizes=\"auto, (max-width: 960px) 100vw, 960px\" \/><\/figure>\n<figure class=\"wp-block-image\"><img loading=\"lazy\" decoding=\"async\" width=\"960\" height=\"720\" src=\"https:\/\/www.projektwrzesnia.pl\/wordpress\/wp-content\/uploads\/2023\/03\/20200812_sprzatanie_gulczewo__21_.jpg\" alt=\"\" class=\"wp-image-1062210\" srcset=\"https:\/\/www.projektwrzesnia.pl\/wordpress\/wp-content\/uploads\/2023\/03\/20200812_sprzatanie_gulczewo__21_.jpg 960w, https:\/\/www.projektwrzesnia.pl\/wordpress\/wp-content\/uploads\/2023\/03\/20200812_sprzatanie_gulczewo__21_-300x225.jpg 300w, https:\/\/www.projektwrzesnia.pl\/wordpress\/wp-content\/uploads\/2023\/03\/20200812_sprzatanie_gulczewo__21_-768x576.jpg 768w\" sizes=\"auto, (max-width: 960px) 100vw, 960px\" \/><\/figure>\n<figure class=\"wp-block-image\"><img loading=\"lazy\" decoding=\"async\" width=\"720\" height=\"960\" src=\"https:\/\/www.projektwrzesnia.pl\/wordpress\/wp-content\/uploads\/2023\/03\/20200812_sprzatanie_gulczewo__22_.jpg\" alt=\"\" class=\"wp-image-1062211\" srcset=\"https:\/\/www.projektwrzesnia.pl\/wordpress\/wp-content\/uploads\/2023\/03\/20200812_sprzatanie_gulczewo__22_.jpg 720w, https:\/\/www.projektwrzesnia.pl\/wordpress\/wp-content\/uploads\/2023\/03\/20200812_sprzatanie_gulczewo__22_-225x300.jpg 225w\" sizes=\"auto, (max-width: 720px) 100vw, 720px\" \/><\/figure>\n<figure class=\"wp-block-image\"><img loading=\"lazy\" decoding=\"async\" width=\"960\" height=\"720\" src=\"https:\/\/www.projektwrzesnia.pl\/wordpress\/wp-content\/uploads\/2023\/03\/20200812_sprzatanie_gulczewo__26_.jpg\" alt=\"\" class=\"wp-image-1062212\" srcset=\"https:\/\/www.projektwrzesnia.pl\/wordpress\/wp-content\/uploads\/2023\/03\/20200812_sprzatanie_gulczewo__26_.jpg 960w, https:\/\/www.projektwrzesnia.pl\/wordpress\/wp-content\/uploads\/2023\/03\/20200812_sprzatanie_gulczewo__26_-300x225.jpg 300w, https:\/\/www.projektwrzesnia.pl\/wordpress\/wp-content\/uploads\/2023\/03\/20200812_sprzatanie_gulczewo__26_-768x576.jpg 768w\" sizes=\"auto, (max-width: 960px) 100vw, 960px\" \/><\/figure>\n<figure class=\"wp-block-image\"><img loading=\"lazy\" decoding=\"async\" width=\"960\" height=\"720\" src=\"https:\/\/www.projektwrzesnia.pl\/wordpress\/wp-content\/uploads\/2023\/03\/20200812_sprzatanie_gulczewo__27_.jpg\" alt=\"\" class=\"wp-image-1062213\" srcset=\"https:\/\/www.projektwrzesnia.pl\/wordpress\/wp-content\/uploads\/2023\/03\/20200812_sprzatanie_gulczewo__27_.jpg 960w, https:\/\/www.projektwrzesnia.pl\/wordpress\/wp-content\/uploads\/2023\/03\/20200812_sprzatanie_gulczewo__27_-300x225.jpg 300w, https:\/\/www.projektwrzesnia.pl\/wordpress\/wp-content\/uploads\/2023\/03\/20200812_sprzatanie_gulczewo__27_-768x576.jpg 768w\" sizes=\"auto, (max-width: 960px) 100vw, 960px\" \/><\/figure>\n<figure class=\"wp-block-image\"><img loading=\"lazy\" decoding=\"async\" width=\"720\" height=\"960\" src=\"https:\/\/www.projektwrzesnia.pl\/wordpress\/wp-content\/uploads\/2023\/03\/20200812_sprzatanie_gulczewo__28_.jpg\" alt=\"\" class=\"wp-image-1062214\" srcset=\"https:\/\/www.projektwrzesnia.pl\/wordpress\/wp-content\/uploads\/2023\/03\/20200812_sprzatanie_gulczewo__28_.jpg 720w, https:\/\/www.projektwrzesnia.pl\/wordpress\/wp-content\/uploads\/2023\/03\/20200812_sprzatanie_gulczewo__28_-225x300.jpg 225w\" sizes=\"auto, (max-width: 720px) 100vw, 720px\" \/><\/figure>\n<figure class=\"wp-block-image\"><img loading=\"lazy\" decoding=\"async\" width=\"960\" height=\"720\" src=\"https:\/\/www.projektwrzesnia.pl\/wordpress\/wp-content\/uploads\/2023\/03\/20200812_sprzatanie_gulczewo__30_.jpg\" alt=\"\" class=\"wp-image-1062215\" srcset=\"https:\/\/www.projektwrzesnia.pl\/wordpress\/wp-content\/uploads\/2023\/03\/20200812_sprzatanie_gulczewo__30_.jpg 960w, https:\/\/www.projektwrzesnia.pl\/wordpress\/wp-content\/uploads\/2023\/03\/20200812_sprzatanie_gulczewo__30_-300x225.jpg 300w, https:\/\/www.projektwrzesnia.pl\/wordpress\/wp-content\/uploads\/2023\/03\/20200812_sprzatanie_gulczewo__30_-768x576.jpg 768w\" sizes=\"auto, (max-width: 960px) 100vw, 960px\" \/><\/figure>\n<figure class=\"wp-block-image\"><img loading=\"lazy\" decoding=\"async\" width=\"960\" height=\"720\" src=\"https:\/\/www.projektwrzesnia.pl\/wordpress\/wp-content\/uploads\/2023\/03\/20200812_sprzatanie_gulczewo__32_.jpg\" alt=\"\" class=\"wp-image-1062216\" srcset=\"https:\/\/www.projektwrzesnia.pl\/wordpress\/wp-content\/uploads\/2023\/03\/20200812_sprzatanie_gulczewo__32_.jpg 960w, https:\/\/www.projektwrzesnia.pl\/wordpress\/wp-content\/uploads\/2023\/03\/20200812_sprzatanie_gulczewo__32_-300x225.jpg 300w, https:\/\/www.projektwrzesnia.pl\/wordpress\/wp-content\/uploads\/2023\/03\/20200812_sprzatanie_gulczewo__32_-768x576.jpg 768w\" sizes=\"auto, (max-width: 960px) 100vw, 960px\" \/><\/figure>\n<figure class=\"wp-block-image\"><img loading=\"lazy\" decoding=\"async\" width=\"960\" height=\"720\" src=\"https:\/\/www.projektwrzesnia.pl\/wordpress\/wp-content\/uploads\/2023\/03\/20200812_sprzatanie_gulczewo__33_.jpg\" alt=\"\" class=\"wp-image-1062217\" srcset=\"https:\/\/www.projektwrzesnia.pl\/wordpress\/wp-content\/uploads\/2023\/03\/20200812_sprzatanie_gulczewo__33_.jpg 960w, https:\/\/www.projektwrzesnia.pl\/wordpress\/wp-content\/uploads\/2023\/03\/20200812_sprzatanie_gulczewo__33_-300x225.jpg 300w, https:\/\/www.projektwrzesnia.pl\/wordpress\/wp-content\/uploads\/2023\/03\/20200812_sprzatanie_gulczewo__33_-768x576.jpg 768w\" sizes=\"auto, (max-width: 960px) 100vw, 960px\" \/><\/figure>\n<figure class=\"wp-block-image\"><img loading=\"lazy\" decoding=\"async\" width=\"960\" height=\"720\" src=\"https:\/\/www.projektwrzesnia.pl\/wordpress\/wp-content\/uploads\/2023\/03\/20200812_sprzatanie_gulczewo__36_.jpg\" alt=\"\" class=\"wp-image-1062218\" srcset=\"https:\/\/www.projektwrzesnia.pl\/wordpress\/wp-content\/uploads\/2023\/03\/20200812_sprzatanie_gulczewo__36_.jpg 960w, https:\/\/www.projektwrzesnia.pl\/wordpress\/wp-content\/uploads\/2023\/03\/20200812_sprzatanie_gulczewo__36_-300x225.jpg 300w, https:\/\/www.projektwrzesnia.pl\/wordpress\/wp-content\/uploads\/2023\/03\/20200812_sprzatanie_gulczewo__36_-768x576.jpg 768w\" sizes=\"auto, (max-width: 960px) 100vw, 960px\" \/><\/figure>\n<\/figure>\n","protected":false},"excerpt":{"rendered":"<p>Takie rzeczy zawsze ciesz\u0105! W&nbsp;Gulczewie niedawno zosta\u0142 rozbudowany plac zabaw i&nbsp;doposa\u017cone otoczenie altany, gdzie opr\u00f3cz miejsca do grilla pojawi\u0142 si\u0119 st\u00f3\u0142 do&nbsp;pi\u0142karzyk\u00f3w. Wszystko to zas\u0142uga mieszka\u0144c\u00f3w, kt\u00f3rzy razem z&nbsp;so\u0142tysem Gulczewa i&nbsp;Gulczewka Maciejem S\u0142owi\u0144skim skutecznie zmobilizowali si\u0119 do kolejnego g\u0142osowanie w&nbsp;bud\u017cecie obywatelskim. Na fali tego zaanga\u017cowania w&nbsp;zesz\u0142y weekend wykorzystali\u015bmy \u015bwietn\u0105 pogod\u0119 i&nbsp;skrzykn\u0119li\u015bmy si\u0119 z&nbsp;mieszka\u0144cami Gulczewa na&nbsp;porz\u0105dkowanie [&hellip;]<\/p>\n","protected":false},"author":1,"featured_media":10622,"comment_status":"open","ping_status":"open","sticky":false,"template":"","format":"standard","meta":{"_acf_changed":false,"footnotes":""},"categories":[1],"tags":[],"class_list":["post-622","post","type-post","status-publish","format-standard","has-post-thumbnail","hentry","category-uncategorized"],"acf":[],"_links":{"self":[{"href":"https:\/\/www.projektwrzesnia.pl\/wordpress\/wp-json\/wp\/v2\/posts\/622","targetHints":{"allow":["GET"]}}],"collection":[{"href":"https:\/\/www.projektwrzesnia.pl\/wordpress\/wp-json\/wp\/v2\/posts"}],"about":[{"href":"https:\/\/www.projektwrzesnia.pl\/wordpress\/wp-json\/wp\/v2\/types\/post"}],"author":[{"embeddable":true,"href":"https:\/\/www.projektwrzesnia.pl\/wordpress\/wp-json\/wp\/v2\/users\/1"}],"replies":[{"embeddable":true,"href":"https:\/\/www.projektwrzesnia.pl\/wordpress\/wp-json\/wp\/v2\/comments?post=622"}],"version-history":[{"count":0,"href":"https:\/\/www.projektwrzesnia.pl\/wordpress\/wp-json\/wp\/v2\/posts\/622\/revisions"}],"wp:featuredmedia":[{"embeddable":true,"href":"https:\/\/www.projektwrzesnia.pl\/wordpress\/wp-json\/wp\/v2\/media\/10622"}],"wp:attachment":[{"href":"https:\/\/www.projektwrzesnia.pl\/wordpress\/wp-json\/wp\/v2\/media?parent=622"}],"wp:term":[{"taxonomy":"category","embeddable":true,"href":"https:\/\/www.projektwrzesnia.pl\/wordpress\/wp-json\/wp\/v2\/categories?post=622"},{"taxonomy":"post_tag","embeddable":true,"href":"https:\/\/www.projektwrzesnia.pl\/wordpress\/wp-json\/wp\/v2\/tags?post=622"}],"curies":[{"name":"wp","href":"https:\/\/api.w.org\/{rel}","templated":true}]}}