{"id":623,"date":"2020-08-13T20:00:00","date_gmt":"2020-08-13T20:00:00","guid":{"rendered":"http:\/\/www.projektwrzesnia.pl\/wordpress\/623\/"},"modified":"2020-08-13T20:00:00","modified_gmt":"2020-08-13T20:00:00","slug":"nowe-statuty-solectw-w-gminie-wrzesnia","status":"publish","type":"post","link":"https:\/\/www.projektwrzesnia.pl\/wordpress\/623\/","title":{"rendered":"Nowe statuty so\u0142ectw w\u00a0Gminie Wrze\u015bnia"},"content":{"rendered":"<p>Kilka dni temu z\u0142o\u017cyli\u015bmy wniosek do burmistrza Wrze\u015bni, aby prace polegaj\u0105ce na opracowaniu nowych Statut\u00f3w So\u0142ectw w&nbsp;Gminie Wrze\u015bnia by\u0142y prowadzone we wsp\u00f3\u0142pracy z&nbsp;mieszka\u0144cami i&nbsp;wszystkimi innymi interesariuszami w&nbsp;ramach konsultacji spo\u0142ecznych. Takie pismo wynika st\u0105d, \u017ce niedawno Prokurator Rejonowy we Wrze\u015bni wni\u00f3s\u0142 skarg\u0119 na uchwa\u0142\u0119 nr XXVIII\/188\/96 Rady Miejskiej we Wrze\u015bni z&nbsp;dnia 18 pa\u017adziernika 1996 roku w&nbsp;sprawie Statut\u00f3w So\u0142ectw na terenie Gminy Wrze\u015bnia.<\/p>\n<p>Warto zaznaczy\u0107, \u017ce obecne statuty so\u0142ectw obowi\u0105zuj\u0105 od 1996 roku i&nbsp;nie by\u0142y nowelizowane (poza jednym przypadkiem), st\u0105d cz\u0119\u015b\u0107 zapis\u00f3w jest niejasna, b\u0105d\u017a nie przystaje do obecnego stanu prawnego. Nikomu nie trzeba te\u017c m\u00f3wi\u0107, jak mocno zmieni\u0142 si\u0119 samorz\u0105d przez te grubo ponad dwadzie\u015bcia lat.<\/p>\n<p>Obecne statuty so\u0142ectw by\u0142y r\u00f3wnie\u017c krytykowane podczas szkolenia dla so\u0142tys\u00f3w, cz\u0142onk\u00f3w rad so\u0142eckich oraz wszystkich zainteresowanych os\u00f3b, kt\u00f3re odby\u0142o si\u0119 pod tytu\u0142em &bdquo;Fundusz so\u0142ecki szans\u0105 rozwoju lokalnego&rdquo; i&nbsp;mia\u0142o miejsce 13 czerwca 2019 roku w&nbsp;restauracji Relax w&nbsp;Grzybowie. Dyskusja pokaza\u0142a \u017cywe zainteresowanie tematem statut\u00f3w u&nbsp;os\u00f3b anga\u017cuj\u0105cych si\u0119 w&nbsp;dzia\u0142ania so\u0142eckie, st\u0105d g\u0142os mieszka\u0144c\u00f3w powinien zosta\u0107 wys\u0142uchany i&nbsp;wzi\u0119ty pod uwag\u0119. &nbsp;<\/p>\n","protected":false},"excerpt":{"rendered":"<p>Kilka dni temu z\u0142o\u017cyli\u015bmy wniosek do burmistrza Wrze\u015bni, aby prace polegaj\u0105ce na opracowaniu nowych Statut\u00f3w So\u0142ectw w&nbsp;Gminie Wrze\u015bnia by\u0142y prowadzone we wsp\u00f3\u0142pracy z&nbsp;mieszka\u0144cami i&nbsp;wszystkimi innymi interesariuszami w&nbsp;ramach konsultacji spo\u0142ecznych. Takie pismo wynika st\u0105d, \u017ce niedawno Prokurator Rejonowy we Wrze\u015bni wni\u00f3s\u0142 skarg\u0119 na uchwa\u0142\u0119 nr XXVIII\/188\/96 Rady Miejskiej we Wrze\u015bni z&nbsp;dnia 18 pa\u017adziernika 1996 roku w&nbsp;sprawie [&hellip;]<\/p>\n","protected":false},"author":1,"featured_media":10623,"comment_status":"open","ping_status":"open","sticky":false,"template":"","format":"standard","meta":{"_acf_changed":false,"footnotes":""},"categories":[1],"tags":[],"class_list":["post-623","post","type-post","status-publish","format-standard","has-post-thumbnail","hentry","category-uncategorized"],"acf":[],"_links":{"self":[{"href":"https:\/\/www.projektwrzesnia.pl\/wordpress\/wp-json\/wp\/v2\/posts\/623","targetHints":{"allow":["GET"]}}],"collection":[{"href":"https:\/\/www.projektwrzesnia.pl\/wordpress\/wp-json\/wp\/v2\/posts"}],"about":[{"href":"https:\/\/www.projektwrzesnia.pl\/wordpress\/wp-json\/wp\/v2\/types\/post"}],"author":[{"embeddable":true,"href":"https:\/\/www.projektwrzesnia.pl\/wordpress\/wp-json\/wp\/v2\/users\/1"}],"replies":[{"embeddable":true,"href":"https:\/\/www.projektwrzesnia.pl\/wordpress\/wp-json\/wp\/v2\/comments?post=623"}],"version-history":[{"count":0,"href":"https:\/\/www.projektwrzesnia.pl\/wordpress\/wp-json\/wp\/v2\/posts\/623\/revisions"}],"wp:featuredmedia":[{"embeddable":true,"href":"https:\/\/www.projektwrzesnia.pl\/wordpress\/wp-json\/wp\/v2\/media\/10623"}],"wp:attachment":[{"href":"https:\/\/www.projektwrzesnia.pl\/wordpress\/wp-json\/wp\/v2\/media?parent=623"}],"wp:term":[{"taxonomy":"category","embeddable":true,"href":"https:\/\/www.projektwrzesnia.pl\/wordpress\/wp-json\/wp\/v2\/categories?post=623"},{"taxonomy":"post_tag","embeddable":true,"href":"https:\/\/www.projektwrzesnia.pl\/wordpress\/wp-json\/wp\/v2\/tags?post=623"}],"curies":[{"name":"wp","href":"https:\/\/api.w.org\/{rel}","templated":true}]}}