{"id":635,"date":"2020-09-16T20:00:00","date_gmt":"2020-09-16T20:00:00","guid":{"rendered":"http:\/\/www.projektwrzesnia.pl\/wordpress\/635\/"},"modified":"2020-09-16T20:00:00","modified_gmt":"2020-09-16T20:00:00","slug":"koszt-zabudowania-podcieni-ratusza","status":"publish","type":"post","link":"https:\/\/www.projektwrzesnia.pl\/wordpress\/635\/","title":{"rendered":"Koszt zabudowania podcieni ratusza"},"content":{"rendered":"<p>W sierpniu przeprowadzono prace przy g\u0142\u00f3wnym wej\u015bciu wrzesi\u0144skiego ratusza. W&nbsp;ich efekcie w&nbsp;zabytkowych podcieniach, dotychczas niezabudowanych, zamontowano 2 szklane okna oraz dobudowano 2 stopnie schod\u00f3w wraz z&nbsp;por\u0119czami.<br \/>Wielu wrze\u015bnian z&nbsp;zaskoczeniem przyj\u0119\u0142o widok przeszkle\u0144 w&nbsp;zabytkowym budynku ratusza. Pojawi\u0142y si\u0119 pytania o&nbsp;celowo\u015b\u0107 tych prac oraz o&nbsp;sam ich koszt. Dlatego zapytali\u015bmy, ile kosztowa\u0142o gminny bud\u017cet ich wykonanie. Po dw\u00f3ch tygodniach otrzymali\u015bmy odpowied\u017a od burmistrza, \u017ce koszt wykonanych w&nbsp;podcieniach prac wyni\u00f3s\u0142 97 137,43 z\u0142 brutto. Z&nbsp;pismem burmistrza mo\u017cna si\u0119 zapozna\u0107 [<a href=\"http:\/\/www.projektwrzesnia.pl\/asp\/pliki\/PDFy\/20200916_pismo_burmistrza_oszklenia.pdf\" target=\"_blank\" rel=\"noopener\">tutaj<\/a>].<\/p>\n<p>Jak mo\u017cna przeczyta\u0107 na facebookowym profilu Gminy Wrze\u015bnia, prace zosta\u0142y wykonane na wypadek nasilenia si\u0119 pandemii. Szkoda jednak, \u017ce kilka dni temu nie przyj\u0119to naszego projektu uchwa\u0142y pomocowej dla wrzesi\u0144skich przedsi\u0119biorc\u00f3w, kt\u00f3rzy najmocniej ucierpieli w&nbsp;trakcie pandemii. Sta\u0142o si\u0119 tak g\u0142osami 15 radnych z&nbsp;PO, PiS i&nbsp;UW, kt\u00f3rzy za namow\u0105 burmistrza opowiedzia\u0142o si\u0119 przeciwko jej przyj\u0119ciu.<\/p>\n","protected":false},"excerpt":{"rendered":"<p>W sierpniu przeprowadzono prace przy g\u0142\u00f3wnym wej\u015bciu wrzesi\u0144skiego ratusza. W&nbsp;ich efekcie w&nbsp;zabytkowych podcieniach, dotychczas niezabudowanych, zamontowano 2 szklane okna oraz dobudowano 2 stopnie schod\u00f3w wraz z&nbsp;por\u0119czami.Wielu wrze\u015bnian z&nbsp;zaskoczeniem przyj\u0119\u0142o widok przeszkle\u0144 w&nbsp;zabytkowym budynku ratusza. Pojawi\u0142y si\u0119 pytania o&nbsp;celowo\u015b\u0107 tych prac oraz o&nbsp;sam ich koszt. Dlatego zapytali\u015bmy, ile kosztowa\u0142o gminny bud\u017cet ich wykonanie. Po dw\u00f3ch tygodniach [&hellip;]<\/p>\n","protected":false},"author":1,"featured_media":10635,"comment_status":"open","ping_status":"open","sticky":false,"template":"","format":"standard","meta":{"_acf_changed":false,"footnotes":""},"categories":[1],"tags":[],"class_list":["post-635","post","type-post","status-publish","format-standard","has-post-thumbnail","hentry","category-uncategorized"],"acf":[],"_links":{"self":[{"href":"https:\/\/www.projektwrzesnia.pl\/wordpress\/wp-json\/wp\/v2\/posts\/635","targetHints":{"allow":["GET"]}}],"collection":[{"href":"https:\/\/www.projektwrzesnia.pl\/wordpress\/wp-json\/wp\/v2\/posts"}],"about":[{"href":"https:\/\/www.projektwrzesnia.pl\/wordpress\/wp-json\/wp\/v2\/types\/post"}],"author":[{"embeddable":true,"href":"https:\/\/www.projektwrzesnia.pl\/wordpress\/wp-json\/wp\/v2\/users\/1"}],"replies":[{"embeddable":true,"href":"https:\/\/www.projektwrzesnia.pl\/wordpress\/wp-json\/wp\/v2\/comments?post=635"}],"version-history":[{"count":0,"href":"https:\/\/www.projektwrzesnia.pl\/wordpress\/wp-json\/wp\/v2\/posts\/635\/revisions"}],"wp:featuredmedia":[{"embeddable":true,"href":"https:\/\/www.projektwrzesnia.pl\/wordpress\/wp-json\/wp\/v2\/media\/10635"}],"wp:attachment":[{"href":"https:\/\/www.projektwrzesnia.pl\/wordpress\/wp-json\/wp\/v2\/media?parent=635"}],"wp:term":[{"taxonomy":"category","embeddable":true,"href":"https:\/\/www.projektwrzesnia.pl\/wordpress\/wp-json\/wp\/v2\/categories?post=635"},{"taxonomy":"post_tag","embeddable":true,"href":"https:\/\/www.projektwrzesnia.pl\/wordpress\/wp-json\/wp\/v2\/tags?post=635"}],"curies":[{"name":"wp","href":"https:\/\/api.w.org\/{rel}","templated":true}]}}