{"id":638,"date":"2020-09-22T20:00:00","date_gmt":"2020-09-22T20:00:00","guid":{"rendered":"http:\/\/www.projektwrzesnia.pl\/wordpress\/638\/"},"modified":"2020-09-22T20:00:00","modified_gmt":"2020-09-22T20:00:00","slug":"damian-staniszewski-uhonorowany-medalem-mlodego-pozytywisty","status":"publish","type":"post","link":"https:\/\/www.projektwrzesnia.pl\/wordpress\/638\/","title":{"rendered":"Damian Staniszewski uhonorowany Medalem M\u0142odego Pozytywisty"},"content":{"rendered":"<p>Od 2002 roku kapitu\u0142a Towarzystwa im. Hipolita Cegielskiego w&nbsp;Poznaniu przyznaje ludziom pracy organicznej Medal M\u0142odego Pozytywisty. Dotychczas odznaczenie to otrzyma\u0142o wiele m\u0142odych os\u00f3b zas\u0142u\u017conych na niwie pracy spo\u0142ecznej, naukowej, kulturalnej i&nbsp;gospodarczej. Dzisiaj do tego grona do\u0142\u0105czy\u0142 prezes naszego stowarzyszenia &ndash;<strong> Damian Staniszewski<\/strong>.<\/p>\n<p>&nbsp;<\/p>\n<p><img loading=\"lazy\" decoding=\"async\" style=\"float: right; margin-left: 20px; margin-right: 0px;\" title=\"- 20200922_mlody_pozytywista.jpg\" src=\"http:\/\/www.projektwrzesnia.pl\/asp\/pliki\/aktualnosci2017\/20200922_mlody_pozytywista.jpg\" alt=\"- 20200922_mlody_pozytywista.jpg\" width=\"525\" height=\"400\"><\/p>\n","protected":false},"excerpt":{"rendered":"<p>Od 2002 roku kapitu\u0142a Towarzystwa im. Hipolita Cegielskiego w&nbsp;Poznaniu przyznaje ludziom pracy organicznej Medal M\u0142odego Pozytywisty. Dotychczas odznaczenie to otrzyma\u0142o wiele m\u0142odych os\u00f3b zas\u0142u\u017conych na niwie pracy spo\u0142ecznej, naukowej, kulturalnej i&nbsp;gospodarczej. Dzisiaj do tego grona do\u0142\u0105czy\u0142 prezes naszego stowarzyszenia &ndash; Damian Staniszewski. &nbsp;<\/p>\n","protected":false},"author":1,"featured_media":10638,"comment_status":"open","ping_status":"open","sticky":false,"template":"","format":"standard","meta":{"_acf_changed":false,"footnotes":""},"categories":[1],"tags":[],"class_list":["post-638","post","type-post","status-publish","format-standard","has-post-thumbnail","hentry","category-uncategorized"],"acf":[],"_links":{"self":[{"href":"https:\/\/www.projektwrzesnia.pl\/wordpress\/wp-json\/wp\/v2\/posts\/638","targetHints":{"allow":["GET"]}}],"collection":[{"href":"https:\/\/www.projektwrzesnia.pl\/wordpress\/wp-json\/wp\/v2\/posts"}],"about":[{"href":"https:\/\/www.projektwrzesnia.pl\/wordpress\/wp-json\/wp\/v2\/types\/post"}],"author":[{"embeddable":true,"href":"https:\/\/www.projektwrzesnia.pl\/wordpress\/wp-json\/wp\/v2\/users\/1"}],"replies":[{"embeddable":true,"href":"https:\/\/www.projektwrzesnia.pl\/wordpress\/wp-json\/wp\/v2\/comments?post=638"}],"version-history":[{"count":0,"href":"https:\/\/www.projektwrzesnia.pl\/wordpress\/wp-json\/wp\/v2\/posts\/638\/revisions"}],"wp:featuredmedia":[{"embeddable":true,"href":"https:\/\/www.projektwrzesnia.pl\/wordpress\/wp-json\/wp\/v2\/media\/10638"}],"wp:attachment":[{"href":"https:\/\/www.projektwrzesnia.pl\/wordpress\/wp-json\/wp\/v2\/media?parent=638"}],"wp:term":[{"taxonomy":"category","embeddable":true,"href":"https:\/\/www.projektwrzesnia.pl\/wordpress\/wp-json\/wp\/v2\/categories?post=638"},{"taxonomy":"post_tag","embeddable":true,"href":"https:\/\/www.projektwrzesnia.pl\/wordpress\/wp-json\/wp\/v2\/tags?post=638"}],"curies":[{"name":"wp","href":"https:\/\/api.w.org\/{rel}","templated":true}]}}