{"id":639,"date":"2020-09-25T20:00:00","date_gmt":"2020-09-25T20:00:00","guid":{"rendered":"http:\/\/www.projektwrzesnia.pl\/wordpress\/blog\/2020\/09\/25\/obecnie-w-powiatowej-szkole-muzycznej-i-stopnia-uczy-sie-91-dzieci\/"},"modified":"2020-09-25T20:00:00","modified_gmt":"2020-09-25T20:00:00","slug":"obecnie-w-powiatowej-szkole-muzycznej-i-stopnia-uczy-sie-91-dzieci","status":"publish","type":"post","link":"https:\/\/www.projektwrzesnia.pl\/wordpress\/639\/","title":{"rendered":"Obecnie w&nbsp;Powiatowej Szkole Muzycznej I&nbsp;Stopnia uczy si\u0119 91 dzieci"},"content":{"rendered":"<p> <em>Walentyna Jakubik <\/em><em>&#8211; cz\u0142onkini Stowarzyszenia Projekt Wrze\u015bnia<\/em><\/p>\n<p>91 &ndash; tyle dzieci uczy si\u0119 obecnie w&nbsp;Powiatowej Szkole Muzycznej I&nbsp;stopnia we Wrze\u015bni. To wspaniale, \u017ce jest tylu ch\u0119tnych po\u015br\u00f3d m\u0142odzie\u017cy do nauki gry na instrumentach muzycznych. To dow\u00f3d na to, jak szko\u0142a ta by\u0142a potrzebna lokalnej spo\u0142eczno\u015bci. Przypomnijmy, dzia\u0142ania w&nbsp;sprawie jej utworzenia trwa\u0142y grubo ponad dwadzie\u015bcia lat i&nbsp;w&nbsp;zesz\u0142ym roku zako\u0144czy\u0142y si\u0119 pe\u0142nym sukcesem. Szko\u0142a muzyczna w&nbsp;ko\u0144cu zosta\u0142a otwarta i&nbsp;muzyka na dobre rozgo\u015bci\u0142a si\u0119 w&nbsp;naszym mie\u015bcie. Wszystko to dzi\u0119ki zaanga\u017cowaniu i&nbsp;determinacji wielu os\u00f3b, w&nbsp;tym obecnej Pani Dyrektor, kt\u00f3ra od pocz\u0105tku wytrwale d\u0105\u017cy\u0142a do wyznaczonego celu.<br \/>W ubieg\u0142ym roku szkolnym nauka prowadzona by\u0142a w&nbsp;nast\u0119puj\u0105cych specjalno\u015bciach: fortepian, skrzypce, gitara klasyczna, akordeon, flet poprzeczny, klarnet, perkusja. Szko\u0142a wci\u0105\u017c si\u0119 rozwija, dlatego w&nbsp;tym roku do grupy instrument\u00f3w, na kt\u00f3rych ucz\u0105 si\u0119 gra\u0107 m\u0142odzi adepci, do\u0142\u0105czy tr\u0105bka. Wybitny wsp\u00f3\u0142czesny historyk &#8211; Norman Davies wskazywa\u0142, \u017ce idea i&nbsp;jedno\u015b\u0107 Europy najlepiej wyra\u017ca si\u0119 w&nbsp;dziedzictwie muzycznym. Bez w\u0105tpienia obecna w&nbsp;muzyce harmonia jest potrzebna naszemu miastu.<\/p>\n<p><em>Pierwotnie felieton zosta\u0142 opublikowany w&nbsp;tygodniku &#8222;Wiadomo\u015bci Wrzesi\u0144skie&#8221; oraz na portalu <a href=\"http:\/\/www.wrzesnia.info.pl\" target=\"_blank\" rel=\"noopener\">www.wrzesnia.info.pl<\/a>&nbsp;<\/em><\/p>\n<p>&nbsp;<\/p>\n","protected":false},"excerpt":{"rendered":"<p>Walentyna Jakubik &#8211; cz\u0142onkini Stowarzyszenia Projekt Wrze\u015bnia 91 &ndash; tyle dzieci uczy si\u0119 obecnie w&nbsp;Powiatowej Szkole Muzycznej I&nbsp;stopnia we Wrze\u015bni. To wspaniale, \u017ce jest tylu ch\u0119tnych po\u015br\u00f3d m\u0142odzie\u017cy do nauki gry na instrumentach muzycznych. To dow\u00f3d na to, jak szko\u0142a ta by\u0142a potrzebna lokalnej spo\u0142eczno\u015bci. Przypomnijmy, dzia\u0142ania w&nbsp;sprawie jej utworzenia trwa\u0142y grubo ponad dwadzie\u015bcia lat [&hellip;]<\/p>\n","protected":false},"author":1,"featured_media":10639,"comment_status":"open","ping_status":"open","sticky":false,"template":"","format":"standard","meta":{"_acf_changed":false,"footnotes":""},"categories":[41],"tags":[],"class_list":["post-639","post","type-post","status-publish","format-standard","has-post-thumbnail","hentry","category-41"],"acf":[],"_links":{"self":[{"href":"https:\/\/www.projektwrzesnia.pl\/wordpress\/wp-json\/wp\/v2\/posts\/639","targetHints":{"allow":["GET"]}}],"collection":[{"href":"https:\/\/www.projektwrzesnia.pl\/wordpress\/wp-json\/wp\/v2\/posts"}],"about":[{"href":"https:\/\/www.projektwrzesnia.pl\/wordpress\/wp-json\/wp\/v2\/types\/post"}],"author":[{"embeddable":true,"href":"https:\/\/www.projektwrzesnia.pl\/wordpress\/wp-json\/wp\/v2\/users\/1"}],"replies":[{"embeddable":true,"href":"https:\/\/www.projektwrzesnia.pl\/wordpress\/wp-json\/wp\/v2\/comments?post=639"}],"version-history":[{"count":0,"href":"https:\/\/www.projektwrzesnia.pl\/wordpress\/wp-json\/wp\/v2\/posts\/639\/revisions"}],"wp:featuredmedia":[{"embeddable":true,"href":"https:\/\/www.projektwrzesnia.pl\/wordpress\/wp-json\/wp\/v2\/media\/10639"}],"wp:attachment":[{"href":"https:\/\/www.projektwrzesnia.pl\/wordpress\/wp-json\/wp\/v2\/media?parent=639"}],"wp:term":[{"taxonomy":"category","embeddable":true,"href":"https:\/\/www.projektwrzesnia.pl\/wordpress\/wp-json\/wp\/v2\/categories?post=639"},{"taxonomy":"post_tag","embeddable":true,"href":"https:\/\/www.projektwrzesnia.pl\/wordpress\/wp-json\/wp\/v2\/tags?post=639"}],"curies":[{"name":"wp","href":"https:\/\/api.w.org\/{rel}","templated":true}]}}