{"id":644,"date":"2020-10-11T20:00:00","date_gmt":"2020-10-11T20:00:00","guid":{"rendered":"http:\/\/www.projektwrzesnia.pl\/wordpress\/644\/"},"modified":"2020-10-11T20:00:00","modified_gmt":"2020-10-11T20:00:00","slug":"co-z-drogami-na-osiedlu-bohaterow-monte-cassino","status":"publish","type":"post","link":"https:\/\/www.projektwrzesnia.pl\/wordpress\/644\/","title":{"rendered":"Co z\u00a0drogami na Osiedlu Bohater\u00f3w Monte Cassino?"},"content":{"rendered":"<p>Jaki jest stan dr\u00f3g na Osiedlu Bohater\u00f3w Monte Cassino? Nienajlepszy, dlatego w&nbsp;zesz\u0142ym tygodniu zbierali\u015bmy podpisy w\u015br\u00f3d mieszka\u0144c\u00f3w tego osiedla, aby&nbsp;w&nbsp;przysz\u0142orocznym bud\u017cecie pojawi\u0142y si\u0119 \u015brodki na ich przebudow\u0119.<\/p>\n<p>Od dw\u00f3ch lat zabiegamy o&nbsp;budow\u0119 asfaltowych ulic na drogach tzw. Osiedla Bohater\u00f3w Monte Cassino. Odpowiednie propozycje sk\u0142adali\u015bmy do bud\u017cetu Miasta i&nbsp;Gminy Wrze\u015bnia na rok 2019 i&nbsp;2020. Co wi\u0119cej, dok\u0142adnie wskazywali\u015bmy w\u00f3wczas \u017ar\u00f3d\u0142a finansowania tego przedsi\u0119wzi\u0119cia.<\/p>\n<p>Niestety za ka\u017cdym razem nieprzychylnie do naszej propozycji odnosi\u0142 si\u0119 Burmistrz Tomasz Ka\u0142u\u017cny oraz radni koalicji rz\u0105dz\u0105cej, kt\u00f3rzy dwukrotnie zag\u0142osowali za&nbsp;odrzuceniem przedsi\u0119wzi\u0119cia budowy dr\u00f3g na tym osiedlu. Jest to tym bardziej smutne z&nbsp;uwagi na fakt, \u017ce cz\u0119\u015b\u0107 dzia\u0142ek by\u0142a kupowana przez mieszka\u0144c\u00f3w od Miasta i&nbsp;Gminy Wrze\u015bnia.<\/p>\n<p>Mimo tego nadal b\u0119dziemy zabiega\u0107 o&nbsp;budow\u0119 asfaltowych ulic na drogach tzw. Osiedla Bohater\u00f3w Monte Cassino. Wszystkim mieszka\u0144com, kt\u00f3rzy&nbsp;w\u0142\u0105czyli si\u0119 w&nbsp;akcj\u0119 zbi\u00f3rki podpis\u00f3w pod tym pomys\u0142em, serdecznie dzi\u0119kujemy!<\/p>\n<p>W naszym mie\u015bcie wci\u0105\u017c wiele dr\u00f3g nie posiada nawierzchni asfaltowej. Poza tym osiedlem mo\u017cna wymieni\u0107 ul. Owocow\u0105 (wraz z&nbsp;okolicznymi), drogi&nbsp;przy ul. So\u0142tysiaka czy na tzw. Osiedlu Brylantowym. Mamy nadziej\u0119, \u017ce w&nbsp;bud\u017cecie na 2021 rok znajd\u0105 si\u0119 \u015brodki, by zmieni\u0107 stan chocia\u017c cz\u0119\u015bci z&nbsp;nich. &nbsp;<\/p>\n","protected":false},"excerpt":{"rendered":"<p>Jaki jest stan dr\u00f3g na Osiedlu Bohater\u00f3w Monte Cassino? Nienajlepszy, dlatego w&nbsp;zesz\u0142ym tygodniu zbierali\u015bmy podpisy w\u015br\u00f3d mieszka\u0144c\u00f3w tego osiedla, aby&nbsp;w&nbsp;przysz\u0142orocznym bud\u017cecie pojawi\u0142y si\u0119 \u015brodki na ich przebudow\u0119. Od dw\u00f3ch lat zabiegamy o&nbsp;budow\u0119 asfaltowych ulic na drogach tzw. Osiedla Bohater\u00f3w Monte Cassino. Odpowiednie propozycje sk\u0142adali\u015bmy do bud\u017cetu Miasta i&nbsp;Gminy Wrze\u015bnia na rok 2019 i&nbsp;2020. Co wi\u0119cej, [&hellip;]<\/p>\n","protected":false},"author":1,"featured_media":10644,"comment_status":"open","ping_status":"open","sticky":false,"template":"","format":"standard","meta":{"_acf_changed":false,"footnotes":""},"categories":[15],"tags":[],"class_list":["post-644","post","type-post","status-publish","format-standard","has-post-thumbnail","hentry","category-15"],"acf":[],"_links":{"self":[{"href":"https:\/\/www.projektwrzesnia.pl\/wordpress\/wp-json\/wp\/v2\/posts\/644","targetHints":{"allow":["GET"]}}],"collection":[{"href":"https:\/\/www.projektwrzesnia.pl\/wordpress\/wp-json\/wp\/v2\/posts"}],"about":[{"href":"https:\/\/www.projektwrzesnia.pl\/wordpress\/wp-json\/wp\/v2\/types\/post"}],"author":[{"embeddable":true,"href":"https:\/\/www.projektwrzesnia.pl\/wordpress\/wp-json\/wp\/v2\/users\/1"}],"replies":[{"embeddable":true,"href":"https:\/\/www.projektwrzesnia.pl\/wordpress\/wp-json\/wp\/v2\/comments?post=644"}],"version-history":[{"count":0,"href":"https:\/\/www.projektwrzesnia.pl\/wordpress\/wp-json\/wp\/v2\/posts\/644\/revisions"}],"wp:featuredmedia":[{"embeddable":true,"href":"https:\/\/www.projektwrzesnia.pl\/wordpress\/wp-json\/wp\/v2\/media\/10644"}],"wp:attachment":[{"href":"https:\/\/www.projektwrzesnia.pl\/wordpress\/wp-json\/wp\/v2\/media?parent=644"}],"wp:term":[{"taxonomy":"category","embeddable":true,"href":"https:\/\/www.projektwrzesnia.pl\/wordpress\/wp-json\/wp\/v2\/categories?post=644"},{"taxonomy":"post_tag","embeddable":true,"href":"https:\/\/www.projektwrzesnia.pl\/wordpress\/wp-json\/wp\/v2\/tags?post=644"}],"curies":[{"name":"wp","href":"https:\/\/api.w.org\/{rel}","templated":true}]}}