{"id":645,"date":"2020-10-09T20:00:00","date_gmt":"2020-10-09T20:00:00","guid":{"rendered":"http:\/\/www.projektwrzesnia.pl\/wordpress\/blog\/2020\/10\/09\/wrzesinski-skatepark-lata-swietnosci-ma-juz-zdecydowanie-za-soba\/"},"modified":"2020-10-09T20:00:00","modified_gmt":"2020-10-09T20:00:00","slug":"wrzesinski-skatepark-lata-swietnosci-ma-juz-zdecydowanie-za-soba","status":"publish","type":"post","link":"https:\/\/www.projektwrzesnia.pl\/wordpress\/645\/","title":{"rendered":"Wrzesi\u0144ski skatepark lata \u015bwietno\u015bci ma ju\u017c zdecydowanie za sob\u0105"},"content":{"rendered":"<p>&nbsp;<em>Kornel Tomczak<\/em><em>&#8211; skarbnik Stowarzyszenia Projekt Wrze\u015bnia<\/em><\/p>\n<p>Wrzesi\u0144ski skatepark lata \u015bwietno\u015bci ma ju\u017c zdecydowanie za sob\u0105. Z&nbsp;uwagi na jego z\u0142y stan techniczny wys\u0142u\u017cony obiekt jest obecnie w&nbsp;remoncie, ale pora pomy\u015ble\u0107 o&nbsp;dodatkowym miejscu dla stale powi\u0119kszaj\u0105cej si\u0119 grupy jego u\u017cytkownik\u00f3w.&nbsp; Warto, by w&nbsp;naszym mie\u015bcie powsta\u0142 skatepark z&nbsp;prawdziwego zdarzenia.&nbsp;Dlaczego potrzebny jest nowy obiekt?&nbsp;Niestety, obecny skatepark jest niewystarczaj\u0105cy &#8211; nie chodzi tylko o&nbsp;to, czy jego stan techniczny zapewnia bezpiecznie z&nbsp;niego korzystanie, ale r\u00f3wnie\u017c o&nbsp;rosn\u0105c\u0105 liczb\u0119 jego u\u017cytkownik\u00f3w. Bior\u0105c pod uwag\u0119, jak du\u017cym zainteresowaniem cieszy si\u0119 w\u015br\u00f3d dzieci i&nbsp;m\u0142odzie\u017cy, nale\u017cy stworzy\u0107 miejsce, kt\u00f3re umo\u017cliwi im aktywne rozwijanie swoich pasji. Dlatego z\u0142o\u017cyli\u015bmy wniosek o&nbsp;uj\u0119cie zadania budowy nowego skateparku w&nbsp;przysz\u0142orocznym bud\u017cecie.&nbsp;Jak powinien wygl\u0105da\u0107 nowy obiekt?&nbsp;Przyk\u0142ad\u00f3w dobrze zaprojektowanych skatepark\u00f3w nie trzeba daleko szuka\u0107. Skatepark w&nbsp;Swarz\u0119dzu posiada betonow\u0105 nawierzchni\u0119 i&nbsp;spe\u0142nia\u0142a wymagania wszystkich u\u017cytkownik\u00f3w &#8211; zar\u00f3wno tych, kt\u00f3rzy na deskorolce, hulajnodze czy rolkach &#8211; radz\u0105 sobie \u015bwietnie, jak i&nbsp;tych kt\u00f3rzy stawiaj\u0105 na nich swoje pierwsze kroki.<\/p>\n<p><em>Pierwotnie felieton zosta\u0142 opublikowany w&nbsp;tygodniku &#8222;Wiadomo\u015bci Wrzesi\u0144skie&#8221; oraz na portalu <a href=\"http:\/\/www.wrzesnia.info.pl\" target=\"_blank\" rel=\"noopener\">www.wrzesnia.info.pl<\/a>&nbsp;<\/em><\/p>\n<p>&nbsp;<\/p>\n","protected":false},"excerpt":{"rendered":"<p>&nbsp;Kornel Tomczak&#8211; skarbnik Stowarzyszenia Projekt Wrze\u015bnia Wrzesi\u0144ski skatepark lata \u015bwietno\u015bci ma ju\u017c zdecydowanie za sob\u0105. Z&nbsp;uwagi na jego z\u0142y stan techniczny wys\u0142u\u017cony obiekt jest obecnie w&nbsp;remoncie, ale pora pomy\u015ble\u0107 o&nbsp;dodatkowym miejscu dla stale powi\u0119kszaj\u0105cej si\u0119 grupy jego u\u017cytkownik\u00f3w.&nbsp; Warto, by w&nbsp;naszym mie\u015bcie powsta\u0142 skatepark z&nbsp;prawdziwego zdarzenia.&nbsp;Dlaczego potrzebny jest nowy obiekt?&nbsp;Niestety, obecny skatepark jest niewystarczaj\u0105cy &#8211; [&hellip;]<\/p>\n","protected":false},"author":1,"featured_media":10853,"comment_status":"open","ping_status":"open","sticky":false,"template":"","format":"standard","meta":{"_acf_changed":false,"footnotes":""},"categories":[41],"tags":[],"class_list":["post-645","post","type-post","status-publish","format-standard","has-post-thumbnail","hentry","category-41"],"acf":[],"_links":{"self":[{"href":"https:\/\/www.projektwrzesnia.pl\/wordpress\/wp-json\/wp\/v2\/posts\/645","targetHints":{"allow":["GET"]}}],"collection":[{"href":"https:\/\/www.projektwrzesnia.pl\/wordpress\/wp-json\/wp\/v2\/posts"}],"about":[{"href":"https:\/\/www.projektwrzesnia.pl\/wordpress\/wp-json\/wp\/v2\/types\/post"}],"author":[{"embeddable":true,"href":"https:\/\/www.projektwrzesnia.pl\/wordpress\/wp-json\/wp\/v2\/users\/1"}],"replies":[{"embeddable":true,"href":"https:\/\/www.projektwrzesnia.pl\/wordpress\/wp-json\/wp\/v2\/comments?post=645"}],"version-history":[{"count":0,"href":"https:\/\/www.projektwrzesnia.pl\/wordpress\/wp-json\/wp\/v2\/posts\/645\/revisions"}],"wp:featuredmedia":[{"embeddable":true,"href":"https:\/\/www.projektwrzesnia.pl\/wordpress\/wp-json\/wp\/v2\/media\/10853"}],"wp:attachment":[{"href":"https:\/\/www.projektwrzesnia.pl\/wordpress\/wp-json\/wp\/v2\/media?parent=645"}],"wp:term":[{"taxonomy":"category","embeddable":true,"href":"https:\/\/www.projektwrzesnia.pl\/wordpress\/wp-json\/wp\/v2\/categories?post=645"},{"taxonomy":"post_tag","embeddable":true,"href":"https:\/\/www.projektwrzesnia.pl\/wordpress\/wp-json\/wp\/v2\/tags?post=645"}],"curies":[{"name":"wp","href":"https:\/\/api.w.org\/{rel}","templated":true}]}}