{"id":652,"date":"2020-11-06T20:00:00","date_gmt":"2020-11-06T20:00:00","guid":{"rendered":"http:\/\/www.projektwrzesnia.pl\/wordpress\/blog\/2020\/11\/06\/dziennik-gazeta-prawna-od-osmiu-lat-tworzy-ranking-pod-nazwa%cc%a8-perly-samorza%cc%a8du\/"},"modified":"2020-11-06T20:00:00","modified_gmt":"2020-11-06T20:00:00","slug":"dziennik-gazeta-prawna-od-osmiu-lat-tworzy-ranking-pod-nazwa%cc%a8-perly-samorza%cc%a8du","status":"publish","type":"post","link":"https:\/\/www.projektwrzesnia.pl\/wordpress\/652\/","title":{"rendered":"Dziennik Gazeta Prawna od os\u0301miu lat tworzy ranking pod nazwa\u0328 &#8222;Per\u0142y samorza\u0328du&#8221;."},"content":{"rendered":"<p>&nbsp;&nbsp;<em>Maciej<\/em><em> <span class=\"aktualnosci_tresc\">S\u0142owi\u0144ski<\/span> &#8211; cz\u0142onek Stowarzyszenia Projekt Wrze\u015bnia<\/em><\/p>\n<p>Dziennik Gazeta Prawna od os\u0301miu lat tworzy ranking pod nazwa\u0328 &bdquo;Per\u0142y samorza\u0328du&rdquo;. S\u0301mia\u0142o moz\u0307na powiedziec\u0301, z\u0307e to jeden z&nbsp;lepszych wyznaczniko\u0301w trendo\u0301w oraz zmian w&nbsp;gminach i&nbsp;powiatach. Poza tym kaz\u0307dy, kto czyta prase\u0328 drukowana\u0328, wie, jakim dobrym dziennikarstwem i&nbsp;jakim zapleczem specjalisto\u0301w dysponuje Dziennik Gazeta Prawna. Na uwage\u0328 zas\u0142uz\u0307y\u0142y dzia\u0142ania gminy Golenio\u0301w (35 tys. mieszkan\u0301co\u0301w), gdzie wszystkie so\u0142ectwa maja\u0328 bezp\u0142atna\u0328 komunikacja\u0328 publiczna\u0328, samorza\u0328d dop\u0142aca do kolei metropolitalnej, a&nbsp;autobusy szkolne sa\u0328 doste\u0328pne dla wszystkich. Inna\u0328 ciekawa\u0328 inicjatywe\u0328 podje\u0328\u0142a gmina Gostycyn (5 tys. mieszkan\u0301co\u0301w) tworza\u0328c przedsie\u0328biorstwo spo\u0142eczne zatrudniaja\u0328ce osoby niepe\u0142nosprawne i&nbsp;wykluczone. Z&nbsp;kolei w&nbsp;gminie Aleksandro\u0301w \u0141o\u0301dzki (30 tys. mieszkan\u0301co\u0301w) stana\u0328\u0142 kosmetomat-nalewak, w&nbsp;kto\u0301rym moz\u0307na do swoich pojemniko\u0301w pobrac\u0301 s\u0301rodki czystos\u0301ci, co zmniejsza produkcje\u0328 odpado\u0301w komunalnych. Dodatkowo mieszkan\u0301cy zostali wyposaz\u0307eni w&nbsp;zgniatarki do puszek i&nbsp;butelek, co wymiernie zmniejszy\u0142o obje\u0328tos\u0301ci odpado\u0301w i&nbsp;zarazem ca\u0142kowite koszty. To tylko pierwsze z&nbsp;brzegu przyk\u0142ady. Na pewno warto zapoznac\u0301 sie\u0328 z&nbsp;rankingiem lidero\u0301w dobrych praktyk samorza\u0328dowych.<\/p>\n<p><em>Pierwotnie felieton zosta\u0142 opublikowany w&nbsp;tygodniku &#8222;Wiadomo\u015bci Wrzesi\u0144skie&#8221; oraz na portalu <a href=\"http:\/\/www.wrzesnia.info.pl\" target=\"_blank\" rel=\"noopener\">www.wrzesnia.info.pl<\/a><\/em><\/p>\n","protected":false},"excerpt":{"rendered":"<p>&nbsp;&nbsp;Maciej S\u0142owi\u0144ski &#8211; cz\u0142onek Stowarzyszenia Projekt Wrze\u015bnia Dziennik Gazeta Prawna od os\u0301miu lat tworzy ranking pod nazwa\u0328 &bdquo;Per\u0142y samorza\u0328du&rdquo;. S\u0301mia\u0142o moz\u0307na powiedziec\u0301, z\u0307e to jeden z&nbsp;lepszych wyznaczniko\u0301w trendo\u0301w oraz zmian w&nbsp;gminach i&nbsp;powiatach. Poza tym kaz\u0307dy, kto czyta prase\u0328 drukowana\u0328, wie, jakim dobrym dziennikarstwem i&nbsp;jakim zapleczem specjalisto\u0301w dysponuje Dziennik Gazeta Prawna. Na uwage\u0328 zas\u0142uz\u0307y\u0142y dzia\u0142ania gminy [&hellip;]<\/p>\n","protected":false},"author":1,"featured_media":10652,"comment_status":"open","ping_status":"open","sticky":false,"template":"","format":"standard","meta":{"_acf_changed":false,"footnotes":""},"categories":[41],"tags":[],"class_list":["post-652","post","type-post","status-publish","format-standard","has-post-thumbnail","hentry","category-41"],"acf":[],"_links":{"self":[{"href":"https:\/\/www.projektwrzesnia.pl\/wordpress\/wp-json\/wp\/v2\/posts\/652","targetHints":{"allow":["GET"]}}],"collection":[{"href":"https:\/\/www.projektwrzesnia.pl\/wordpress\/wp-json\/wp\/v2\/posts"}],"about":[{"href":"https:\/\/www.projektwrzesnia.pl\/wordpress\/wp-json\/wp\/v2\/types\/post"}],"author":[{"embeddable":true,"href":"https:\/\/www.projektwrzesnia.pl\/wordpress\/wp-json\/wp\/v2\/users\/1"}],"replies":[{"embeddable":true,"href":"https:\/\/www.projektwrzesnia.pl\/wordpress\/wp-json\/wp\/v2\/comments?post=652"}],"version-history":[{"count":0,"href":"https:\/\/www.projektwrzesnia.pl\/wordpress\/wp-json\/wp\/v2\/posts\/652\/revisions"}],"wp:featuredmedia":[{"embeddable":true,"href":"https:\/\/www.projektwrzesnia.pl\/wordpress\/wp-json\/wp\/v2\/media\/10652"}],"wp:attachment":[{"href":"https:\/\/www.projektwrzesnia.pl\/wordpress\/wp-json\/wp\/v2\/media?parent=652"}],"wp:term":[{"taxonomy":"category","embeddable":true,"href":"https:\/\/www.projektwrzesnia.pl\/wordpress\/wp-json\/wp\/v2\/categories?post=652"},{"taxonomy":"post_tag","embeddable":true,"href":"https:\/\/www.projektwrzesnia.pl\/wordpress\/wp-json\/wp\/v2\/tags?post=652"}],"curies":[{"name":"wp","href":"https:\/\/api.w.org\/{rel}","templated":true}]}}