{"id":66,"date":"2016-11-30T20:00:00","date_gmt":"2016-11-30T20:00:00","guid":{"rendered":"http:\/\/www.projektwrzesnia.pl\/wordpress\/66\/"},"modified":"2023-03-10T13:20:20","modified_gmt":"2023-03-10T13:20:20","slug":"nieprawidlowosci-w-podatkach-od-zabytkowych-nieruchomosci","status":"publish","type":"post","link":"https:\/\/www.projektwrzesnia.pl\/wordpress\/66\/","title":{"rendered":"Nieprawid\u0142owo\u015bci w\u00a0podatkach od zabytkowych nieruchomo\u015bci"},"content":{"rendered":"<p>Nasi w\u00f3jtowie i&nbsp;burmistrzowie swoimi decyzjami dotycz\u0105cymi spraw podatkowych maj\u0105 realny wp\u0142yw na dochody zarz\u0105dzanych przez siebie gmin. Jedn\u0105 z&nbsp;takich decyzji jest zwolnienie od podatku od nieruchomo\u015bci dla&nbsp;grunt\u00f3w i&nbsp;budynk\u00f3w wpisanych do rejestru zabytk\u00f3w.<\/p>\n<p>Zwolnienie takie mo\u017cna zastosowa\u0107 tylko w&nbsp;przypadku utrzymania nieruchomo\u015bci w&nbsp;dobrym stanie. Podobnie wygl\u0105da sprawa podatku rolnego dla grunt\u00f3w wpisanych do rejestru zabytk\u00f3w \u2013 grunty takie mog\u0105 by\u0107 zwolnione z&nbsp;podatku pod warunkiem ich utrzymania w&nbsp;dobrym stanie.<\/p>\n<p>Postanowili\u015bmy sprawdzi\u0107 jak wygl\u0105daj\u0105 takie zwolnienia od podatk\u00f3w gminach w&nbsp;powiecie wrzesi\u0144skim oraz dla por\u00f3wnania w&nbsp;gminie Strza\u0142kowo. Okaza\u0142o si\u0119, \u017ce w\u00f3jtowie i&nbsp;burmistrzowie zwalniaj\u0105 od podatku bardzo cz\u0119sto nieruchomo\u015bci, kt\u00f3re znajduj\u0105 si\u0119 w&nbsp;bardzo z\u0142ym, a&nbsp;nieraz nawet op\u0142akanym, stanie technicznym.<\/p>\n<p><span style=\"text-decoration: underline;\" data-mce-mark=\"1\"><strong>Najbardziej skrajne przypadki zwolnie\u0144 to:<\/strong><\/span><\/p>\n<p>Gmina Wrze\u015bnia:<br \/>\n<em>&#8211; zesp\u00f3\u0142 dworski i&nbsp;folwarczny Bardo,<\/em><br \/>\n<em>&#8211; zesp\u00f3\u0142 pa\u0142acowy Chwalibogowo,<\/em><br \/>\n<em>&#8211; zesp\u00f3\u0142 pa\u0142acowy: kurnik, Ostrowo Szlacheckie,<\/em><br \/>\n<em>&#8211; zesp\u00f3\u0142 pa\u0142acowy Gulczewo,<\/em><br \/>\n<em>&#8211; dom przy ul. Warszawskiej 15 we Wrze\u015bni.<\/em><\/p>\n<p>Gmina Mi\u0142os\u0142aw:<br \/>\n<em>&#8211; budynek mieszkalny \u201eBrowar\u201d, ul. Wrzesi\u0144ska 24.<\/em><\/p>\n<p>Gmina Nekla:<br \/>\n<em>&#8211; zesp\u00f3\u0142 pa\u0142acowy w&nbsp;Mystkach.<\/em><\/p>\n<p>Gmina Pyzdry:<br \/>\n<em>&#8211; nie ma zwolnie\u0144 od podatk\u00f3w.<\/em><\/p>\n<p>Gmina Ko\u0142aczkowo:<br \/>\n<em>&#8211; dw\u00f3r w&nbsp;Grabowie Kr\u00f3lewskim,<\/em><br \/>\n<em>&#8211; dw\u00f3r i&nbsp;oficyna w&nbsp;Gorazdowie,<\/em><\/p>\n<p>Gmina Strza\u0142kowo:<br \/>\n<em>&#8211; dw\u00f3r w&nbsp;M\u0142odziejewicach,<\/em><br \/>\n<em>&#8211; pa\u0142ac w&nbsp;Paruszewie,<\/em><br \/>\n<em>&#8211; dw\u00f3r w&nbsp;Rad\u0142owie,<\/em><br \/>\n<em>&#8211; pa\u0142ac w&nbsp;Unii.<\/em><\/p>\n<p>W zwi\u0105zku z&nbsp;tymi zaniedbaniami wyst\u0105pili\u015bmy do w\u00f3jt\u00f3w i&nbsp;burmistrz\u00f3w o&nbsp;ponown\u0105 weryfikacj\u0119 nieruchomo\u015bci zwolnionych z&nbsp;podatk\u00f3w,<br \/>\nkt\u00f3re znajduj\u0105 si\u0119 w&nbsp;rejestrze zabytk\u00f3w. Mamy nadziej\u0119, \u017ce takie nieprawid\u0142owo\u015bci nie b\u0119d\u0105 ju\u017c mia\u0142y miejsca.<br \/>\nZestawienie wszystkich nieruchomo\u015bci zwolnionych od podatk\u00f3w mo\u017cna znale\u017a\u0107 klikaj\u0105c&nbsp;poni\u017cej:<\/p>\n<p><a href=\"https:\/\/www.projektwrzesnia.pl\/wordpress\/wp-content\/uploads\/2023\/03\/20161130_wrzesnia_zabytki.pdf\" target=\"_blank\" rel=\"noopener\">Wrze\u015bnia_pdf,<\/a><br \/>\n<a href=\"http:\/\/www.projektwrzesnia.pl\/asp\/pliki\/PDFy\/20161130_miloslaw_zabytki.pdf\" target=\"_blank\" rel=\"noopener\"> Mi\u0142os\u0142aw_pdf,<\/a><br \/>\n<a href=\"http:\/\/www.projektwrzesnia.pl\/asp\/pliki\/PDFy\/20161130_nekla_zabytki.pdf\" target=\"_blank\" rel=\"noopener\"> Nekla_pdf,<\/a><br \/>\n<a href=\"http:\/\/www.projektwrzesnia.pl\/asp\/pliki\/PDFy\/20161130_kolaczkowo_zabytki.pdf\" target=\"_blank\" rel=\"noopener\"> Ko\u0142aczkowo_pdf,<\/a><br \/>\n<a href=\"http:\/\/www.projektwrzesnia.pl\/asp\/pliki\/PDFy\/20161130_strzalkowo_zabytki.pdf\" target=\"_blank\" rel=\"noopener\"> Strza\u0142kowo_pdf.<\/a><\/p>\n<p>&nbsp;<\/p>\n","protected":false},"excerpt":{"rendered":"<p>Nasi w\u00f3jtowie i&nbsp;burmistrzowie swoimi decyzjami dotycz\u0105cymi spraw podatkowych maj\u0105 realny wp\u0142yw na dochody zarz\u0105dzanych przez siebie gmin. Jedn\u0105 z&nbsp;takich decyzji jest zwolnienie od podatku od nieruchomo\u015bci dla&nbsp;grunt\u00f3w i&nbsp;budynk\u00f3w wpisanych do rejestru zabytk\u00f3w. Zwolnienie takie mo\u017cna zastosowa\u0107 tylko w&nbsp;przypadku utrzymania nieruchomo\u015bci w&nbsp;dobrym stanie. Podobnie wygl\u0105da sprawa podatku rolnego dla grunt\u00f3w wpisanych do rejestru zabytk\u00f3w \u2013 grunty [&hellip;]<\/p>\n","protected":false},"author":1,"featured_media":10100660,"comment_status":"open","ping_status":"open","sticky":false,"template":"","format":"standard","meta":{"_acf_changed":false,"footnotes":""},"categories":[27],"tags":[],"class_list":["post-66","post","type-post","status-publish","format-standard","has-post-thumbnail","hentry","category-27"],"acf":[],"_links":{"self":[{"href":"https:\/\/www.projektwrzesnia.pl\/wordpress\/wp-json\/wp\/v2\/posts\/66","targetHints":{"allow":["GET"]}}],"collection":[{"href":"https:\/\/www.projektwrzesnia.pl\/wordpress\/wp-json\/wp\/v2\/posts"}],"about":[{"href":"https:\/\/www.projektwrzesnia.pl\/wordpress\/wp-json\/wp\/v2\/types\/post"}],"author":[{"embeddable":true,"href":"https:\/\/www.projektwrzesnia.pl\/wordpress\/wp-json\/wp\/v2\/users\/1"}],"replies":[{"embeddable":true,"href":"https:\/\/www.projektwrzesnia.pl\/wordpress\/wp-json\/wp\/v2\/comments?post=66"}],"version-history":[{"count":1,"href":"https:\/\/www.projektwrzesnia.pl\/wordpress\/wp-json\/wp\/v2\/posts\/66\/revisions"}],"predecessor-version":[{"id":10100661,"href":"https:\/\/www.projektwrzesnia.pl\/wordpress\/wp-json\/wp\/v2\/posts\/66\/revisions\/10100661"}],"wp:featuredmedia":[{"embeddable":true,"href":"https:\/\/www.projektwrzesnia.pl\/wordpress\/wp-json\/wp\/v2\/media\/10100660"}],"wp:attachment":[{"href":"https:\/\/www.projektwrzesnia.pl\/wordpress\/wp-json\/wp\/v2\/media?parent=66"}],"wp:term":[{"taxonomy":"category","embeddable":true,"href":"https:\/\/www.projektwrzesnia.pl\/wordpress\/wp-json\/wp\/v2\/categories?post=66"},{"taxonomy":"post_tag","embeddable":true,"href":"https:\/\/www.projektwrzesnia.pl\/wordpress\/wp-json\/wp\/v2\/tags?post=66"}],"curies":[{"name":"wp","href":"https:\/\/api.w.org\/{rel}","templated":true}]}}