{"id":665,"date":"2020-12-04T20:00:00","date_gmt":"2020-12-04T20:00:00","guid":{"rendered":"http:\/\/www.projektwrzesnia.pl\/wordpress\/blog\/2020\/12\/04\/w-marcu-zorganizowalismy-debate\/"},"modified":"2020-12-04T20:00:00","modified_gmt":"2020-12-04T20:00:00","slug":"w-marcu-zorganizowalismy-debate","status":"publish","type":"post","link":"https:\/\/www.projektwrzesnia.pl\/wordpress\/665\/","title":{"rendered":"W marcu zorganizowali\u015bmy debat\u0119"},"content":{"rendered":"<p>&nbsp;<em>Arkadiusz Sobczak<\/em><em>&#8211; cz\u0142onek Stowarzyszenia Projekt Wrze\u015bnia<\/em><\/p>\n<p>Jeszcze w&nbsp;marcu zorganizowali\u015bmy debat\u0119 na temat tego, jakiej obwodnicy potrzebuje nasze miasto. W&nbsp;jej trakcie swoje wyst\u0105pienia wyg\u0142osili specjali\u015bci z&nbsp;Politechniki Pozna\u0144skiej oraz Zarz\u0105du Dr\u00f3g Miejskich w&nbsp;Poznaniu. Zaproszeni go\u015bcie przedstawili nie tylko ciekawe spojrzenie na&nbsp;problemy komunikacyjne naszego miasta, ale wzi\u0119li r\u00f3wnie\u017c udzia\u0142 w&nbsp;dyskusji z&nbsp;mieszka\u0144cami na temat dalszego przebiegu obwodnicy.&nbsp;Dlaczego&nbsp;wracamy do tego tematu? Ju\u017c nied\u0142ugo zako\u0144czy si\u0119 budowa p\u00f3\u0142nocno-wschodniej obwodnicy Wrze\u015bni. Tym samym ponownie powr\u00f3c\u0105 pytania o&nbsp;jej kolejne odcinki. Burmistrz przedstawi\u0142 koncepcj\u0119 budowy tzw. po\u0142udniowej obwodnicy Wrze\u015bni (biegnie ona obok Ob\u0142aczkowa), kt\u00f3ra zdaniem wielu nie rozwi\u0105\u017ce problem\u00f3w komunikacyjnych. Sama Generalna Dyrekcja Dr\u00f3g Krajowych i&nbsp;Autostrad nazywa t\u0119 propozycj\u0119 &bdquo;obwodnic\u0105 Ob\u0142aczkowa&rdquo;.&nbsp;Czy&nbsp;s\u0105 inne koncepcje poprowadzenia obwodnicy? Oczywi\u015bcie, dlatego warto dobrze si\u0119 zastanowi\u0107, kt\u00f3ry wariant powinien by\u0107 zrealizowany. Taka&nbsp;inwestycja jest niezwykle kosztowna i&nbsp;zostanie z&nbsp;nami na lata, warto wi\u0119c szuka\u0107 wsp\u00f3lnie najlepszych rozwi\u0105za\u0144.&nbsp;Debata&nbsp;samorz\u0105dowc\u00f3w z&nbsp;mieszka\u0144cami na istotne sprawy dla regionu, mog\u0142aby sta\u0107 si\u0119 podstaw\u0105 do stworzenia silnego spo\u0142ecze\u0144stwa obywatelskiego.<\/p>\n<p><em>Pierwotnie felieton zosta\u0142 opublikowany w&nbsp;tygodniku &#8222;Wiadomo\u015bci Wrzesi\u0144skie&#8221; oraz na portalu <a href=\"http:\/\/www.wrzesnia.info.pl\" target=\"_blank\" rel=\"noopener\">www.wrzesnia.info.pl<\/a><\/em><\/p>\n<p><span>&nbsp;<\/span><\/p>\n","protected":false},"excerpt":{"rendered":"<p>&nbsp;Arkadiusz Sobczak&#8211; cz\u0142onek Stowarzyszenia Projekt Wrze\u015bnia Jeszcze w&nbsp;marcu zorganizowali\u015bmy debat\u0119 na temat tego, jakiej obwodnicy potrzebuje nasze miasto. W&nbsp;jej trakcie swoje wyst\u0105pienia wyg\u0142osili specjali\u015bci z&nbsp;Politechniki Pozna\u0144skiej oraz Zarz\u0105du Dr\u00f3g Miejskich w&nbsp;Poznaniu. Zaproszeni go\u015bcie przedstawili nie tylko ciekawe spojrzenie na&nbsp;problemy komunikacyjne naszego miasta, ale wzi\u0119li r\u00f3wnie\u017c udzia\u0142 w&nbsp;dyskusji z&nbsp;mieszka\u0144cami na temat dalszego przebiegu obwodnicy.&nbsp;Dlaczego&nbsp;wracamy do tego [&hellip;]<\/p>\n","protected":false},"author":1,"featured_media":10671,"comment_status":"open","ping_status":"open","sticky":false,"template":"","format":"standard","meta":{"_acf_changed":false,"footnotes":""},"categories":[41],"tags":[],"class_list":["post-665","post","type-post","status-publish","format-standard","has-post-thumbnail","hentry","category-41"],"acf":[],"_links":{"self":[{"href":"https:\/\/www.projektwrzesnia.pl\/wordpress\/wp-json\/wp\/v2\/posts\/665","targetHints":{"allow":["GET"]}}],"collection":[{"href":"https:\/\/www.projektwrzesnia.pl\/wordpress\/wp-json\/wp\/v2\/posts"}],"about":[{"href":"https:\/\/www.projektwrzesnia.pl\/wordpress\/wp-json\/wp\/v2\/types\/post"}],"author":[{"embeddable":true,"href":"https:\/\/www.projektwrzesnia.pl\/wordpress\/wp-json\/wp\/v2\/users\/1"}],"replies":[{"embeddable":true,"href":"https:\/\/www.projektwrzesnia.pl\/wordpress\/wp-json\/wp\/v2\/comments?post=665"}],"version-history":[{"count":0,"href":"https:\/\/www.projektwrzesnia.pl\/wordpress\/wp-json\/wp\/v2\/posts\/665\/revisions"}],"wp:featuredmedia":[{"embeddable":true,"href":"https:\/\/www.projektwrzesnia.pl\/wordpress\/wp-json\/wp\/v2\/media\/10671"}],"wp:attachment":[{"href":"https:\/\/www.projektwrzesnia.pl\/wordpress\/wp-json\/wp\/v2\/media?parent=665"}],"wp:term":[{"taxonomy":"category","embeddable":true,"href":"https:\/\/www.projektwrzesnia.pl\/wordpress\/wp-json\/wp\/v2\/categories?post=665"},{"taxonomy":"post_tag","embeddable":true,"href":"https:\/\/www.projektwrzesnia.pl\/wordpress\/wp-json\/wp\/v2\/tags?post=665"}],"curies":[{"name":"wp","href":"https:\/\/api.w.org\/{rel}","templated":true}]}}