{"id":666,"date":"2020-12-05T20:00:00","date_gmt":"2020-12-05T20:00:00","guid":{"rendered":"http:\/\/www.projektwrzesnia.pl\/wordpress\/666\/"},"modified":"2020-12-05T20:00:00","modified_gmt":"2020-12-05T20:00:00","slug":"mikolaj-w-kolaczkowie","status":"publish","type":"post","link":"https:\/\/www.projektwrzesnia.pl\/wordpress\/666\/","title":{"rendered":"Miko\u0142aj w\u00a0Ko\u0142aczkowie"},"content":{"rendered":"<p>Cho\u0107 za oknem nie ma ju\u017c \u015bniegu, \u015awi\u0119ty Miko\u0142aj nie pr\u00f3\u017cnuje. W&nbsp;sobot\u0119 rano w&nbsp;jego imieniu odwiedzili\u015bmy podopiecznych Domu Dziecka w&nbsp;Ko\u0142aczkowie i&nbsp;wr\u0119czyli\u015bmy jego&nbsp;wychowankom \u015bwi\u0105teczne paczki.<\/p>\n<p>Jeste\u015bmy bardzo szcz\u0119\u015bliwi, \u017ce w&nbsp;tym roku r\u00f3wnie\u017c mogli\u015bmy odwiedzi\u0107 wspania\u0142ych podopiecznych z&nbsp;O\u015brodka Wspomagania Dziecka i&nbsp;Rodziny w&nbsp;Ko\u0142aczkowie. Sp\u0119dzone&nbsp;z&nbsp;nimi przed\u015bwi\u0105teczne chwile s\u0105 dla nas zawsze inspiruj\u0105ce i&nbsp;wyj\u0105tkowo ciep\u0142e.<\/p>\n<p>By\u0107 mo\u017ce nie wszyscy o&nbsp;tym wiedz\u0105, ale jest to jedyny Dom Dziecka w&nbsp;naszym powiecie, dlatego tym bardziej powinni\u015bmy pami\u0119ta\u0107 o&nbsp;jego podopiecznych.<\/p>\n<p>Potrzeby wychowank\u00f3w s\u0105 mocno zr\u00f3\u017cnicowane. Obecnie w&nbsp;Ko\u0142aczkowie przebywa 25&nbsp;podopiecznych. Zach\u0119camy wszystkich do wspierania wspania\u0142ych dzieciak\u00f3w z&nbsp;Ko\u0142aczkowa!<\/p>\n","protected":false},"excerpt":{"rendered":"<p>Cho\u0107 za oknem nie ma ju\u017c \u015bniegu, \u015awi\u0119ty Miko\u0142aj nie pr\u00f3\u017cnuje. W&nbsp;sobot\u0119 rano w&nbsp;jego imieniu odwiedzili\u015bmy podopiecznych Domu Dziecka w&nbsp;Ko\u0142aczkowie i&nbsp;wr\u0119czyli\u015bmy jego&nbsp;wychowankom \u015bwi\u0105teczne paczki. Jeste\u015bmy bardzo szcz\u0119\u015bliwi, \u017ce w&nbsp;tym roku r\u00f3wnie\u017c mogli\u015bmy odwiedzi\u0107 wspania\u0142ych podopiecznych z&nbsp;O\u015brodka Wspomagania Dziecka i&nbsp;Rodziny w&nbsp;Ko\u0142aczkowie. Sp\u0119dzone&nbsp;z&nbsp;nimi przed\u015bwi\u0105teczne chwile s\u0105 dla nas zawsze inspiruj\u0105ce i&nbsp;wyj\u0105tkowo ciep\u0142e. By\u0107 mo\u017ce nie wszyscy o&nbsp;tym [&hellip;]<\/p>\n","protected":false},"author":1,"featured_media":10666,"comment_status":"open","ping_status":"open","sticky":false,"template":"","format":"standard","meta":{"_acf_changed":false,"footnotes":""},"categories":[35],"tags":[],"class_list":["post-666","post","type-post","status-publish","format-standard","has-post-thumbnail","hentry","category-35"],"acf":[],"_links":{"self":[{"href":"https:\/\/www.projektwrzesnia.pl\/wordpress\/wp-json\/wp\/v2\/posts\/666","targetHints":{"allow":["GET"]}}],"collection":[{"href":"https:\/\/www.projektwrzesnia.pl\/wordpress\/wp-json\/wp\/v2\/posts"}],"about":[{"href":"https:\/\/www.projektwrzesnia.pl\/wordpress\/wp-json\/wp\/v2\/types\/post"}],"author":[{"embeddable":true,"href":"https:\/\/www.projektwrzesnia.pl\/wordpress\/wp-json\/wp\/v2\/users\/1"}],"replies":[{"embeddable":true,"href":"https:\/\/www.projektwrzesnia.pl\/wordpress\/wp-json\/wp\/v2\/comments?post=666"}],"version-history":[{"count":0,"href":"https:\/\/www.projektwrzesnia.pl\/wordpress\/wp-json\/wp\/v2\/posts\/666\/revisions"}],"wp:featuredmedia":[{"embeddable":true,"href":"https:\/\/www.projektwrzesnia.pl\/wordpress\/wp-json\/wp\/v2\/media\/10666"}],"wp:attachment":[{"href":"https:\/\/www.projektwrzesnia.pl\/wordpress\/wp-json\/wp\/v2\/media?parent=666"}],"wp:term":[{"taxonomy":"category","embeddable":true,"href":"https:\/\/www.projektwrzesnia.pl\/wordpress\/wp-json\/wp\/v2\/categories?post=666"},{"taxonomy":"post_tag","embeddable":true,"href":"https:\/\/www.projektwrzesnia.pl\/wordpress\/wp-json\/wp\/v2\/tags?post=666"}],"curies":[{"name":"wp","href":"https:\/\/api.w.org\/{rel}","templated":true}]}}