{"id":667,"date":"2020-12-18T20:00:00","date_gmt":"2020-12-18T20:00:00","guid":{"rendered":"http:\/\/www.projektwrzesnia.pl\/wordpress\/blog\/2020\/12\/18\/nadchodzacy-rok-to-rok-pelen-wyzwan\/"},"modified":"2020-12-18T20:00:00","modified_gmt":"2020-12-18T20:00:00","slug":"nadchodzacy-rok-to-rok-pelen-wyzwan","status":"publish","type":"post","link":"https:\/\/www.projektwrzesnia.pl\/wordpress\/667\/","title":{"rendered":"Nadchodz\u0105cy rok to rok pe\u0142en wyzwa\u0144"},"content":{"rendered":"<p>&nbsp;<em>Kornel Tomczak<\/em><em>&#8211; skarbnik Stowarzyszenia Projekt Wrze\u015bnia<\/em><\/p>\n<p>Nadchodz\u0105cy rok to rok pe\u0142en wyzwa\u0144.&nbsp;Tymczasem w&nbsp;przysz\u0142orocznym bud\u017cecie naszego miasta przewiduje si\u0119 wydatki w&nbsp;wysoko\u015bci 731 960 z\u0142 na promocj\u0119 gminy. Z&nbsp;kolei 110 tys. z\u0142 kosztowa\u0107 nas b\u0119dzie wydawanie gazety &bdquo;Wie\u015bci z&nbsp;Ratusza&rdquo;, podczas gdy ani z\u0142ot\u00f3wka nie trafi na dotacje na wymian\u0119 piec\u00f3w na bardziej ekologiczne. Mimo tego, \u017ce przez praktycznie ca\u0142y sezon grzewczy powietrze w&nbsp;centrum miasta nie nadaje si\u0119 do oddychania.&nbsp;Tymczasem jak wynika z&nbsp;najnowszego raportu Europejskiej Agencji \u015arodowiskowej nara\u017cenie na zanieczyszczenia drobnymi py\u0142ami doprowadzi\u0142o w&nbsp;2018 roku do 417 tys. przedwczesnych \u015bmierci w&nbsp;Europie. Spo\u015br\u00f3d nich a\u017c&nbsp;46,3 tys. mia\u0142o miejsce w&nbsp;Polsce, gdzie odnotowano r\u00f3wnie\u017c najwi\u0119ksze st\u0119\u017cenie rakotw\u00f3rczego benzo(a)pirenu w&nbsp;zestawieniu. Jak wiemy, zanieczyszczenie powietrza powoduje choroby uk\u0142adu kr\u0105\u017cenia i&nbsp;oddechowego, kt\u00f3re to z&nbsp;kolei zosta\u0142y uznane w&nbsp;raporcie za czynniki ryzyka zgonu u&nbsp;pacjent\u00f3w z&nbsp;koronawirusem.<br \/>A jak wygl\u0105da dofinansowanie wymiany piec\u00f3w w&nbsp;innych gminach? Mi\u0142os\u0142aw przeznaczy na ten cel 100 tys. z\u0142, Gniezno &#8211; 150 tys. z\u0142. \u015arem na ochron\u0119 powietrza atmosferycznego i&nbsp;klimatu planuje 224 000 z\u0142.<\/p>\n<p><em>Pierwotnie felieton zosta\u0142 opublikowany w&nbsp;tygodniku &#8222;Wiadomo\u015bci Wrzesi\u0144skie&#8221; oraz na portalu <a href=\"http:\/\/www.wrzesnia.info.pl\" target=\"_blank\" rel=\"noopener\">www.wrzesnia.info.pl<\/a>&nbsp;<\/em><\/p>\n<p>&nbsp;<\/p>\n","protected":false},"excerpt":{"rendered":"<p>&nbsp;Kornel Tomczak&#8211; skarbnik Stowarzyszenia Projekt Wrze\u015bnia Nadchodz\u0105cy rok to rok pe\u0142en wyzwa\u0144.&nbsp;Tymczasem w&nbsp;przysz\u0142orocznym bud\u017cecie naszego miasta przewiduje si\u0119 wydatki w&nbsp;wysoko\u015bci 731 960 z\u0142 na promocj\u0119 gminy. Z&nbsp;kolei 110 tys. z\u0142 kosztowa\u0107 nas b\u0119dzie wydawanie gazety &bdquo;Wie\u015bci z&nbsp;Ratusza&rdquo;, podczas gdy ani z\u0142ot\u00f3wka nie trafi na dotacje na wymian\u0119 piec\u00f3w na bardziej ekologiczne. Mimo tego, \u017ce przez [&hellip;]<\/p>\n","protected":false},"author":1,"featured_media":10853,"comment_status":"open","ping_status":"open","sticky":false,"template":"","format":"standard","meta":{"_acf_changed":false,"footnotes":""},"categories":[41],"tags":[],"class_list":["post-667","post","type-post","status-publish","format-standard","has-post-thumbnail","hentry","category-41"],"acf":[],"_links":{"self":[{"href":"https:\/\/www.projektwrzesnia.pl\/wordpress\/wp-json\/wp\/v2\/posts\/667","targetHints":{"allow":["GET"]}}],"collection":[{"href":"https:\/\/www.projektwrzesnia.pl\/wordpress\/wp-json\/wp\/v2\/posts"}],"about":[{"href":"https:\/\/www.projektwrzesnia.pl\/wordpress\/wp-json\/wp\/v2\/types\/post"}],"author":[{"embeddable":true,"href":"https:\/\/www.projektwrzesnia.pl\/wordpress\/wp-json\/wp\/v2\/users\/1"}],"replies":[{"embeddable":true,"href":"https:\/\/www.projektwrzesnia.pl\/wordpress\/wp-json\/wp\/v2\/comments?post=667"}],"version-history":[{"count":0,"href":"https:\/\/www.projektwrzesnia.pl\/wordpress\/wp-json\/wp\/v2\/posts\/667\/revisions"}],"wp:featuredmedia":[{"embeddable":true,"href":"https:\/\/www.projektwrzesnia.pl\/wordpress\/wp-json\/wp\/v2\/media\/10853"}],"wp:attachment":[{"href":"https:\/\/www.projektwrzesnia.pl\/wordpress\/wp-json\/wp\/v2\/media?parent=667"}],"wp:term":[{"taxonomy":"category","embeddable":true,"href":"https:\/\/www.projektwrzesnia.pl\/wordpress\/wp-json\/wp\/v2\/categories?post=667"},{"taxonomy":"post_tag","embeddable":true,"href":"https:\/\/www.projektwrzesnia.pl\/wordpress\/wp-json\/wp\/v2\/tags?post=667"}],"curies":[{"name":"wp","href":"https:\/\/api.w.org\/{rel}","templated":true}]}}