{"id":67,"date":"2016-12-01T20:00:00","date_gmt":"2016-12-01T20:00:00","guid":{"rendered":"http:\/\/www.projektwrzesnia.pl\/wordpress\/67\/"},"modified":"2016-12-01T20:00:00","modified_gmt":"2016-12-01T20:00:00","slug":"nasze-stanowisko-w-sprawie-projektu-budzetu-gminy-wrzesnia-na-2017-rok","status":"publish","type":"post","link":"https:\/\/www.projektwrzesnia.pl\/wordpress\/67\/","title":{"rendered":"Nasze stanowisko w\u00a0sprawie projektu bud\u017cetu Gminy Wrze\u015bnia na 2017 rok"},"content":{"rendered":"<p>Dochody miasta sukcesywnie rosn\u0105 i&nbsp;to jedyna dobra informacja wynikaj\u0105ca z&nbsp;analizy <a href=\"http:\/\/bip.wrzesnia.pl\/strona-19332-title2_Rocznik_2016_ZARZADZENIE_NR_2572016.html\" target=\"_blank\" rel=\"noopener\">Projektu bud\u017cetu Miasta i&nbsp;Gminy Wrze\u015bnia na 2017 rok<\/a>.<\/p>\n<p>Ten wzrost wynosi w&nbsp;stosunku do <a href=\"http:\/\/bip.wrzesnia.pl\/strona-18372-title2_Uchwala_budzetowa_Uchwala_Nr_XIII1962015.html\" target=\"_blank\" rel=\"noopener\">roku ubieg\u0142ego <\/a>ponad 54&nbsp;miliony z\u0142otych. Niestety jak si\u0119 okazuje to za ma\u0142o, w&nbsp;roku 2017 planowany jest bowiem ogromny deficyt na poziomie ponad 22 milion\u00f3w z\u0142otych (przy 14 milionach w&nbsp;roku poprzednim).<\/p>\n<p>Miasto zaci\u0105ga nowy d\u0142ug w&nbsp;wysoko\u015bci 26,5 milion\u00f3w z\u0142otych co&nbsp;przek\u0142ada si\u0119 na wzrost skumulowanego ca\u0142kowitego zad\u0142u\u017cenia. Nowy d\u0142ug zaci\u0105gany jest na sp\u0142at\u0119 starych kredyt\u00f3w oraz pokrycie dziury bud\u017cetowej.<\/p>\n<p>Obs\u0142uga d\u0142ugu publicznego poch\u0142ania 0.86% ca\u0142ej kwoty wydatk\u00f3w bie\u017c\u0105cych, co nominalnie daje sum\u0119 blisko 1,4&nbsp;milion\u00f3w z\u0142otych rocznie.<\/p>\n<p>Planowana sp\u0142ata rat kapita\u0142owych kredyt\u00f3w i&nbsp;po\u017cyczek oraz wykup papier\u00f3w warto\u015bciowych w&nbsp;2017 roku wynosi 3,6 milion\u00f3w z\u0142otych. <br \/>\u0141\u0105cznie na sp\u0142at\u0119 zobowi\u0105za\u0144 i&nbsp;odsetek wydamy w&nbsp;tym roku niebagateln\u0105 kwot\u0119 ponad 5 milion\u00f3w z\u0142otych.<\/p>\n<p>Przy takich danych finansowych Wrze\u015bni na dzie\u0144 dzisiejszy nie sta\u0107 w\u0142a\u015bciwie na \u017cadne powa\u017cne nowe inwestycje. Niezb\u0119dna jest kontrola (audyt) wszystkich wydzia\u0142\u00f3w i&nbsp;jednostek w&nbsp;celu optymalizacji koszt\u00f3w, konieczny jest tak\u017ce rzetelny audyt sp\u00f3\u0142ek miejskich, zw\u0142aszcza w&nbsp;kontek\u015bcie tzw.&nbsp;<strong>&bdquo;afery kanalizacyjnej&rdquo;<\/strong>.<\/p>\n<p>Ponadto w&nbsp;opinii stowarzyszenia Projekt Wrze\u015bnia niewystarczaj\u0105ce s\u0105 nak\u0142ady na budow\u0119 nowych dr\u00f3g, kt\u00f3re mog\u0142yby roz\u0142adowa\u0107 korki w&nbsp;mie\u015bcie. W&nbsp;2017 roku planuje wyda\u0107 si\u0119 na ten cel 4,6 miliona z\u0142otych. W&nbsp;poprzednim roku by\u0142a to kwota ponad 7,6 miliona z\u0142otych. Takie ograniczenie \u015brodk\u00f3w na nowe drogi w&nbsp;jeszcze wi\u0119kszym stopniu przyczyni si\u0119 do pogorszenia warunk\u00f3w drogowych w&nbsp;Gminie Wrze\u015bnia.<br \/>W bud\u017cecie Wrze\u015bni w&nbsp;niewystarczaj\u0105cym stopniu uwzgl\u0119dniono wydatki na wa\u017cne dla miasta inwestycje infrastrukturalne na przyk\u0142ad drog\u0119 \u0142\u0105cz\u0105c\u0105 ulic\u0119 Szos\u0119 Witkowsk\u0105 z&nbsp;ulic\u0105 S\u0142owackiego.<\/p>\n<p>Oczywi\u015bcie realizacja projekt\u00f3w takich, jak wspomniany wy\u017cej, wymaga nak\u0142ad\u00f3w finansowych, a&nbsp;\u015brodki w&nbsp;bud\u017cecie to przecie\u017c pula zamkni\u0119ta i&nbsp;nie&nbsp;da si\u0119 zadowoli\u0107 wszystkich. Niemniej jednak z&nbsp;naszej analizy projektu uchwa\u0142y bud\u017cetowej wynika, \u017ce wygospodarowanie na przyk\u0142ad 0,5&nbsp;miliona z\u0142otych by\u0142oby mo\u017cliwe przy bardziej optymalnej i&nbsp;oszcz\u0119dniejszej alokacji \u015brodk\u00f3w. Pytanie tak\u017ce, czy konieczne by\u0142o zwi\u0119kszenie o&nbsp;30&nbsp;tysi\u0119cy z\u0142otych \u015brodk\u00f3w na Urz\u0105d Miasta i&nbsp;Gminy czy wzrost nak\u0142ad\u00f3w na wynagrodzenia pracownik\u00f3w Urz\u0119du o&nbsp;blisko 5%, czyli o&nbsp;ponad 450&nbsp;tysi\u0119cy z\u0142otych.<\/p>\n","protected":false},"excerpt":{"rendered":"<p>Dochody miasta sukcesywnie rosn\u0105 i&nbsp;to jedyna dobra informacja wynikaj\u0105ca z&nbsp;analizy Projektu bud\u017cetu Miasta i&nbsp;Gminy Wrze\u015bnia na 2017 rok. Ten wzrost wynosi w&nbsp;stosunku do roku ubieg\u0142ego ponad 54&nbsp;miliony z\u0142otych. Niestety jak si\u0119 okazuje to za ma\u0142o, w&nbsp;roku 2017 planowany jest bowiem ogromny deficyt na poziomie ponad 22 milion\u00f3w z\u0142otych (przy 14 milionach w&nbsp;roku poprzednim). Miasto zaci\u0105ga [&hellip;]<\/p>\n","protected":false},"author":1,"featured_media":1067,"comment_status":"open","ping_status":"open","sticky":false,"template":"","format":"standard","meta":{"_acf_changed":false,"footnotes":""},"categories":[1],"tags":[],"class_list":["post-67","post","type-post","status-publish","format-standard","has-post-thumbnail","hentry","category-uncategorized"],"acf":[],"_links":{"self":[{"href":"https:\/\/www.projektwrzesnia.pl\/wordpress\/wp-json\/wp\/v2\/posts\/67","targetHints":{"allow":["GET"]}}],"collection":[{"href":"https:\/\/www.projektwrzesnia.pl\/wordpress\/wp-json\/wp\/v2\/posts"}],"about":[{"href":"https:\/\/www.projektwrzesnia.pl\/wordpress\/wp-json\/wp\/v2\/types\/post"}],"author":[{"embeddable":true,"href":"https:\/\/www.projektwrzesnia.pl\/wordpress\/wp-json\/wp\/v2\/users\/1"}],"replies":[{"embeddable":true,"href":"https:\/\/www.projektwrzesnia.pl\/wordpress\/wp-json\/wp\/v2\/comments?post=67"}],"version-history":[{"count":0,"href":"https:\/\/www.projektwrzesnia.pl\/wordpress\/wp-json\/wp\/v2\/posts\/67\/revisions"}],"wp:featuredmedia":[{"embeddable":true,"href":"https:\/\/www.projektwrzesnia.pl\/wordpress\/wp-json\/wp\/v2\/media\/1067"}],"wp:attachment":[{"href":"https:\/\/www.projektwrzesnia.pl\/wordpress\/wp-json\/wp\/v2\/media?parent=67"}],"wp:term":[{"taxonomy":"category","embeddable":true,"href":"https:\/\/www.projektwrzesnia.pl\/wordpress\/wp-json\/wp\/v2\/categories?post=67"},{"taxonomy":"post_tag","embeddable":true,"href":"https:\/\/www.projektwrzesnia.pl\/wordpress\/wp-json\/wp\/v2\/tags?post=67"}],"curies":[{"name":"wp","href":"https:\/\/api.w.org\/{rel}","templated":true}]}}