{"id":69,"date":"2016-12-07T20:00:00","date_gmt":"2016-12-07T20:00:00","guid":{"rendered":"http:\/\/www.projektwrzesnia.pl\/wordpress\/69\/"},"modified":"2023-03-10T13:19:19","modified_gmt":"2023-03-10T13:19:19","slug":"odpowiedz-na-petycje-w-sprawie-remontow-linii-kolejowych","status":"publish","type":"post","link":"https:\/\/www.projektwrzesnia.pl\/wordpress\/69\/","title":{"rendered":"Odpowied\u017a na petycj\u0119 w\u00a0sprawie remont\u00f3w linii kolejowych"},"content":{"rendered":"<p>Pod koniec wrze\u015bnia zbierali\u015bmy podpisy pod petycj\u0105 skierowan\u0105 do PKP PLK i&nbsp;Urz\u0119du Marsza\u0142kowskiego Wojew\u00f3dztwa Wielkopolskiego o&nbsp;przeprowadzenie remontu linii kolejowej E-20 (odcinek Swarz\u0119dz-Sochaczew) z&nbsp;zachowaniem ruchu poci\u0105g\u00f3w zar\u00f3wno relacji Wrze\u015bnia \u2013 Pozna\u0144, Pozna\u0144 &#8211; Wrze\u015bnia, jak i&nbsp;Wrze\u015bnia \u2013 Konin, Konin \u2013 Wrze\u015bnia oraz o&nbsp;maksymalne zabezpieczenie interes\u00f3w pasa\u017cer\u00f3w, kt\u00f3rzy powinni jak najmniej odczu\u0107 skutki remontu&nbsp; linii kolejowej. Pod petycj\u0105 podpisa\u0142o si\u0119 328 os\u00f3b, kt\u00f3re na&nbsp;co&nbsp;dzie\u0144 korzystaj\u0105 z&nbsp;us\u0142ug przewo\u017anik\u00f3w kolejowych.<\/p>\n<p>W ostatnich dniach otrzymali\u015bmy odpowiedzi z&nbsp;obu instytucji, kt\u00f3re mo\u017cna przeczyta\u0107 tutaj: [<a href=\"https:\/\/www.projektwrzesnia.pl\/wordpress\/wp-content\/uploads\/2023\/03\/20161207_odpowiedz_pkp_marszalek__petycja_pdf.pdf\" target=\"_blank\" rel=\"noopener\">odpowied\u017a Wicemarsza\u0142ka Wojew\u00f3dztwa Wielkopolskiego<\/a>], [<a href=\"http:\/\/www.projektwrzesnia.pl\/asp\/pliki\/PDFy\/20161207_odpowiedz_pkp_pkp_petycja_pdf.pdf\" target=\"_blank\" rel=\"noopener\">odpowied\u017a PKP<\/a>]<\/p>\n<p>Na odcinku Wrze\u015bnia &#8211; Pozna\u0144 b\u0119dziemy mogli nieustannie korzysta\u0107 z&nbsp;komunikacji szynowej, z&nbsp;tym drobnym zastrze\u017ceniem, \u017ce ruch b\u0119dzie odbywa\u0142 si\u0119 po jednym torze. Jednocze\u015bnie na odcinku Wrze\u015bnia &#8211; Konin ruch poci\u0105gu w&nbsp;obu kierunkach zostanie niestety zawieszony i&nbsp;zapewniona zostanie zast\u0119pcza komunikacja autobusowa, za&nbsp;organizacj\u0119 kt\u00f3rej odpowiada\u0107 b\u0119dzie PKP PLK wraz z&nbsp;Kolejami Wielkopolskimi. W&nbsp;najbli\u017cszych dniach otrzymamy w&nbsp;tym temacie jeszcze wi\u0119cej szczeg\u00f3\u0142\u00f3w z&nbsp;Urz\u0119du Marsza\u0142kowskiego. O&nbsp;wszystkim b\u0119dziemy na bie\u017c\u0105co Was informowa\u0107.<\/p>\n<p>Przypomnijmy, \u017ce ka\u017cdego dnia tras\u0105 Wrze\u015bnia-Konin podr\u00f3\u017cuje \u015brednio 6,5 tysi\u0105ca os\u00f3b. Jeszcze wi\u0119cej os\u00f3b przewo\u017c\u0105 poci\u0105gi na trasie Wrze\u015bnia-Pozna\u0144. \u0141\u0105cznie daje to liczb\u0119 kilku tysi\u0119cy os\u00f3b na dob\u0119 \u2013 ich interes musi by\u0107 zagwarantowany.<\/p>\n<p>&nbsp;<\/p>\n","protected":false},"excerpt":{"rendered":"<p>Pod koniec wrze\u015bnia zbierali\u015bmy podpisy pod petycj\u0105 skierowan\u0105 do PKP PLK i&nbsp;Urz\u0119du Marsza\u0142kowskiego Wojew\u00f3dztwa Wielkopolskiego o&nbsp;przeprowadzenie remontu linii kolejowej E-20 (odcinek Swarz\u0119dz-Sochaczew) z&nbsp;zachowaniem ruchu poci\u0105g\u00f3w zar\u00f3wno relacji Wrze\u015bnia \u2013 Pozna\u0144, Pozna\u0144 &#8211; Wrze\u015bnia, jak i&nbsp;Wrze\u015bnia \u2013 Konin, Konin \u2013 Wrze\u015bnia oraz o&nbsp;maksymalne zabezpieczenie interes\u00f3w pasa\u017cer\u00f3w, kt\u00f3rzy powinni jak najmniej odczu\u0107 skutki remontu&nbsp; linii kolejowej. Pod [&hellip;]<\/p>\n","protected":false},"author":1,"featured_media":10100658,"comment_status":"open","ping_status":"open","sticky":false,"template":"","format":"standard","meta":{"_acf_changed":false,"footnotes":""},"categories":[36],"tags":[],"class_list":["post-69","post","type-post","status-publish","format-standard","has-post-thumbnail","hentry","category-36"],"acf":[],"_links":{"self":[{"href":"https:\/\/www.projektwrzesnia.pl\/wordpress\/wp-json\/wp\/v2\/posts\/69","targetHints":{"allow":["GET"]}}],"collection":[{"href":"https:\/\/www.projektwrzesnia.pl\/wordpress\/wp-json\/wp\/v2\/posts"}],"about":[{"href":"https:\/\/www.projektwrzesnia.pl\/wordpress\/wp-json\/wp\/v2\/types\/post"}],"author":[{"embeddable":true,"href":"https:\/\/www.projektwrzesnia.pl\/wordpress\/wp-json\/wp\/v2\/users\/1"}],"replies":[{"embeddable":true,"href":"https:\/\/www.projektwrzesnia.pl\/wordpress\/wp-json\/wp\/v2\/comments?post=69"}],"version-history":[{"count":1,"href":"https:\/\/www.projektwrzesnia.pl\/wordpress\/wp-json\/wp\/v2\/posts\/69\/revisions"}],"predecessor-version":[{"id":10100659,"href":"https:\/\/www.projektwrzesnia.pl\/wordpress\/wp-json\/wp\/v2\/posts\/69\/revisions\/10100659"}],"wp:featuredmedia":[{"embeddable":true,"href":"https:\/\/www.projektwrzesnia.pl\/wordpress\/wp-json\/wp\/v2\/media\/10100658"}],"wp:attachment":[{"href":"https:\/\/www.projektwrzesnia.pl\/wordpress\/wp-json\/wp\/v2\/media?parent=69"}],"wp:term":[{"taxonomy":"category","embeddable":true,"href":"https:\/\/www.projektwrzesnia.pl\/wordpress\/wp-json\/wp\/v2\/categories?post=69"},{"taxonomy":"post_tag","embeddable":true,"href":"https:\/\/www.projektwrzesnia.pl\/wordpress\/wp-json\/wp\/v2\/tags?post=69"}],"curies":[{"name":"wp","href":"https:\/\/api.w.org\/{rel}","templated":true}]}}