{"id":692,"date":"2021-02-15T20:00:00","date_gmt":"2021-02-15T20:00:00","guid":{"rendered":"http:\/\/www.projektwrzesnia.pl\/wordpress\/692\/"},"modified":"2021-02-15T20:00:00","modified_gmt":"2021-02-15T20:00:00","slug":"kiedy-swiatla-na-skrzyzowaniach-w-psarach-malych-i-przyborkach","status":"publish","type":"post","link":"https:\/\/www.projektwrzesnia.pl\/wordpress\/692\/","title":{"rendered":"Kiedy \u015bwiat\u0142a na skrzy\u017cowaniach w\u00a0Psarach Ma\u0142ych i\u00a0Przyborkach?"},"content":{"rendered":"<p>Ju\u017c kilka lat czekamy na popraw\u0119 bezpiecze\u0144stwa na skrzy\u017cowaniu drogi krajowej numer 92 z&nbsp;ulic\u0105 Przylesie i&nbsp;Kr\u00f3tk\u0105 w&nbsp;Psarach Ma\u0142ych oraz skrzy\u017cowaniu drogi krajowej numer 92 z&nbsp;ulic\u0105 Podmiejsk\u0105 w&nbsp;Przyborkach. Co roku dochodzi tam do wielu wypadk\u00f3w, w&nbsp;tym r\u00f3wnie\u017c \u015bmiertelnych.<\/p>\n<p>Kilkana\u015bcie dni temu kolejny ju\u017c raz podj\u0119li\u015bmy temat i&nbsp;napisali\u015bmy do zarz\u0105dcy drogi &ndash; czyli Generalnej Dyrekcji Dr\u00f3g Krajowych i&nbsp;Autostrad. Chcieli\u015bmy im przypomnie\u0107 t\u0119 wa\u017cn\u0105 spraw\u0119, jak r\u00f3wnie\u017c dowiedzie\u0107 si\u0119 jakie s\u0105 efekty stara\u0144 GDDKiA zmierzaj\u0105cych do zainstalowania sygnalizacji \u015bwietlnych na powy\u017cszych skrzy\u017cowaniach.<\/p>\n<p>Z odpowiedzi dowiedzieli\u015bmy si\u0119, \u017ce zarz\u0105dca drogi przyst\u0119puje do&nbsp;opracowania programu inwestycji dla odcinka drogi krajowej nr 92 Starczanowo &ndash; Wrze\u015bnia, w&nbsp;kt\u00f3rym to b\u0119dzie stara\u0142 si\u0119 umie\u015bci\u0107 zadania zwi\u0105zane z&nbsp;popraw\u0105 bezpiecze\u0144stwa we wskazanych miejscach. Termin realizacji zada\u0144 jest uzale\u017cniony od akceptacji programu przez Ministra w\u0142a\u015bciwego do&nbsp;spraw transportu i&nbsp;tym samym pozyskania \u015brodk\u00f3w finansowych na ten cel.<\/p>\n<p>Mamy nadziej\u0119, \u017ce infrastruktura poprawiaj\u0105ca bezpiecze\u0144stwo na tych skrzy\u017cowaniach w&nbsp;ko\u0144cu doczeka si\u0119 realizacji. Te skrzy\u017cowania to jedne z&nbsp;najbardziej niebezpiecznych na terenie naszej gminy.<\/p>\n<p><a href=\"http:\/\/www.projektwrzesnia.pl\/asp\/pl_start.asp?typ=13&amp;menu=13&amp;artykul=295&amp;akcja=artykul\"><span class=\"pytanie_do_wiecej\">Wcze\u015bniej pisali\u015bmy<\/span><\/a><\/p>\n","protected":false},"excerpt":{"rendered":"<p>Ju\u017c kilka lat czekamy na popraw\u0119 bezpiecze\u0144stwa na skrzy\u017cowaniu drogi krajowej numer 92 z&nbsp;ulic\u0105 Przylesie i&nbsp;Kr\u00f3tk\u0105 w&nbsp;Psarach Ma\u0142ych oraz skrzy\u017cowaniu drogi krajowej numer 92 z&nbsp;ulic\u0105 Podmiejsk\u0105 w&nbsp;Przyborkach. Co roku dochodzi tam do wielu wypadk\u00f3w, w&nbsp;tym r\u00f3wnie\u017c \u015bmiertelnych. Kilkana\u015bcie dni temu kolejny ju\u017c raz podj\u0119li\u015bmy temat i&nbsp;napisali\u015bmy do zarz\u0105dcy drogi &ndash; czyli Generalnej Dyrekcji Dr\u00f3g Krajowych [&hellip;]<\/p>\n","protected":false},"author":1,"featured_media":10692,"comment_status":"open","ping_status":"open","sticky":false,"template":"","format":"standard","meta":{"_acf_changed":false,"footnotes":""},"categories":[1],"tags":[],"class_list":["post-692","post","type-post","status-publish","format-standard","has-post-thumbnail","hentry","category-uncategorized"],"acf":[],"_links":{"self":[{"href":"https:\/\/www.projektwrzesnia.pl\/wordpress\/wp-json\/wp\/v2\/posts\/692","targetHints":{"allow":["GET"]}}],"collection":[{"href":"https:\/\/www.projektwrzesnia.pl\/wordpress\/wp-json\/wp\/v2\/posts"}],"about":[{"href":"https:\/\/www.projektwrzesnia.pl\/wordpress\/wp-json\/wp\/v2\/types\/post"}],"author":[{"embeddable":true,"href":"https:\/\/www.projektwrzesnia.pl\/wordpress\/wp-json\/wp\/v2\/users\/1"}],"replies":[{"embeddable":true,"href":"https:\/\/www.projektwrzesnia.pl\/wordpress\/wp-json\/wp\/v2\/comments?post=692"}],"version-history":[{"count":0,"href":"https:\/\/www.projektwrzesnia.pl\/wordpress\/wp-json\/wp\/v2\/posts\/692\/revisions"}],"wp:featuredmedia":[{"embeddable":true,"href":"https:\/\/www.projektwrzesnia.pl\/wordpress\/wp-json\/wp\/v2\/media\/10692"}],"wp:attachment":[{"href":"https:\/\/www.projektwrzesnia.pl\/wordpress\/wp-json\/wp\/v2\/media?parent=692"}],"wp:term":[{"taxonomy":"category","embeddable":true,"href":"https:\/\/www.projektwrzesnia.pl\/wordpress\/wp-json\/wp\/v2\/categories?post=692"},{"taxonomy":"post_tag","embeddable":true,"href":"https:\/\/www.projektwrzesnia.pl\/wordpress\/wp-json\/wp\/v2\/tags?post=692"}],"curies":[{"name":"wp","href":"https:\/\/api.w.org\/{rel}","templated":true}]}}