{"id":693,"date":"2021-02-16T20:00:00","date_gmt":"2021-02-16T20:00:00","guid":{"rendered":"http:\/\/www.projektwrzesnia.pl\/wordpress\/693\/"},"modified":"2021-02-16T20:00:00","modified_gmt":"2021-02-16T20:00:00","slug":"stypendia-dla-sportowcow-i-ich-trenerow","status":"publish","type":"post","link":"https:\/\/www.projektwrzesnia.pl\/wordpress\/693\/","title":{"rendered":"Stypendia dla sportowc\u00f3w i\u00a0ich trener\u00f3w"},"content":{"rendered":"<p>Utalentowani sportowcy oraz ich trenerzy powinni otrzymywa\u0107 wsparcie finansowe ze&nbsp;strony samorz\u0105du, aby mogli bra\u0107 udzia\u0142 w&nbsp;profesjonalnych zawodach i&nbsp;treningach. We Wrze\u015bni nie brak utalentowanych sportowc\u00f3w i&nbsp;trener\u00f3w. Ich wysi\u0142ki przynosz\u0119 efekty. Kilka dni temu medale z&nbsp;Halowych Lekkoatletycznych Mistrzostw Polski U20 przywioz\u0142y zawodniczki trenera Andrzeja Pujdaka. Warto&nbsp;doceni\u0107 ten trud i&nbsp;po\u015bwi\u0119cenie, dlatego z\u0142o\u017cyli\u015bmy projekt uchwa\u0142y o&nbsp;przyznawaniu nagr\u00f3d i&nbsp;wyr\u00f3\u017cnie\u0144 dla zawodnik\u00f3w i&nbsp;trener\u00f3w sportowych za wybitne osi\u0105gni\u0119cia sportowe.<\/p>\n<p>Mo\u017cliwo\u015bci takie daje ustawa z&nbsp;dnia 25 czerwca 2010 r. o&nbsp;sporcie, kt\u00f3ra stanowi, \u017ce jednostki samorz\u0105du terytorialnego mog\u0105 ustanawia\u0107 i&nbsp;finansowa\u0107 okresowe stypendia sportowe oraz nagrody i&nbsp;wyr\u00f3\u017cnienia dla os\u00f3b fizycznych za osi\u0105gni\u0119te wyniki sportowe oraz dla trener\u00f3w prowadz\u0105cych szkolenie zawodnik\u00f3w osi\u0105gaj\u0105cych wysokie wyniki sportowe w&nbsp;mi\u0119dzynarodowym wsp\u00f3\u0142zawodnictwie sportowym lub krajowym.<\/p>\n<p>Proponujemy, aby podstaw\u0119 ustalenia wysoko\u015bci nagrody pieni\u0119\u017cnej stanowi\u0142a kwota 1000,00 z\u0142. Nagroda pieni\u0119\u017cna dla zawodnika za osi\u0105gni\u0119cie wysokich wynik\u00f3w sportowych we wsp\u00f3\u0142zawodnictwie mi\u0119dzynarodowym lub krajowym nie mo\u017ce by\u0107 ni\u017csza ni\u017c 50% podstawy oraz nie mo\u017ce przekroczy\u0107 5-krotno\u015bci podstawy. Proponujemy r\u00f3wnie\u017c podobne zasady w&nbsp;przypadku trener\u00f3w. Jasne jest, \u017ce w&nbsp;trakcie prac nad uchwa\u0142\u0105 zasady te&nbsp;mog\u0105 ulec zmianie, ale mamy nadziej\u0119, \u017ce tylko na korzy\u015b\u0107 sportowc\u00f3w i&nbsp;ich trener\u00f3w.<\/p>\n","protected":false},"excerpt":{"rendered":"<p>Utalentowani sportowcy oraz ich trenerzy powinni otrzymywa\u0107 wsparcie finansowe ze&nbsp;strony samorz\u0105du, aby mogli bra\u0107 udzia\u0142 w&nbsp;profesjonalnych zawodach i&nbsp;treningach. We Wrze\u015bni nie brak utalentowanych sportowc\u00f3w i&nbsp;trener\u00f3w. Ich wysi\u0142ki przynosz\u0119 efekty. Kilka dni temu medale z&nbsp;Halowych Lekkoatletycznych Mistrzostw Polski U20 przywioz\u0142y zawodniczki trenera Andrzeja Pujdaka. Warto&nbsp;doceni\u0107 ten trud i&nbsp;po\u015bwi\u0119cenie, dlatego z\u0142o\u017cyli\u015bmy projekt uchwa\u0142y o&nbsp;przyznawaniu nagr\u00f3d i&nbsp;wyr\u00f3\u017cnie\u0144 dla [&hellip;]<\/p>\n","protected":false},"author":1,"featured_media":10693,"comment_status":"open","ping_status":"open","sticky":false,"template":"","format":"standard","meta":{"_acf_changed":false,"footnotes":""},"categories":[1],"tags":[],"class_list":["post-693","post","type-post","status-publish","format-standard","has-post-thumbnail","hentry","category-uncategorized"],"acf":[],"_links":{"self":[{"href":"https:\/\/www.projektwrzesnia.pl\/wordpress\/wp-json\/wp\/v2\/posts\/693","targetHints":{"allow":["GET"]}}],"collection":[{"href":"https:\/\/www.projektwrzesnia.pl\/wordpress\/wp-json\/wp\/v2\/posts"}],"about":[{"href":"https:\/\/www.projektwrzesnia.pl\/wordpress\/wp-json\/wp\/v2\/types\/post"}],"author":[{"embeddable":true,"href":"https:\/\/www.projektwrzesnia.pl\/wordpress\/wp-json\/wp\/v2\/users\/1"}],"replies":[{"embeddable":true,"href":"https:\/\/www.projektwrzesnia.pl\/wordpress\/wp-json\/wp\/v2\/comments?post=693"}],"version-history":[{"count":0,"href":"https:\/\/www.projektwrzesnia.pl\/wordpress\/wp-json\/wp\/v2\/posts\/693\/revisions"}],"wp:featuredmedia":[{"embeddable":true,"href":"https:\/\/www.projektwrzesnia.pl\/wordpress\/wp-json\/wp\/v2\/media\/10693"}],"wp:attachment":[{"href":"https:\/\/www.projektwrzesnia.pl\/wordpress\/wp-json\/wp\/v2\/media?parent=693"}],"wp:term":[{"taxonomy":"category","embeddable":true,"href":"https:\/\/www.projektwrzesnia.pl\/wordpress\/wp-json\/wp\/v2\/categories?post=693"},{"taxonomy":"post_tag","embeddable":true,"href":"https:\/\/www.projektwrzesnia.pl\/wordpress\/wp-json\/wp\/v2\/tags?post=693"}],"curies":[{"name":"wp","href":"https:\/\/api.w.org\/{rel}","templated":true}]}}