{"id":694,"date":"2021-02-18T20:00:00","date_gmt":"2021-02-18T20:00:00","guid":{"rendered":"http:\/\/www.projektwrzesnia.pl\/wordpress\/694\/"},"modified":"2021-02-18T20:00:00","modified_gmt":"2021-02-18T20:00:00","slug":"a2-i-muzeum-dzieci-wrzesinskich","status":"publish","type":"post","link":"https:\/\/www.projektwrzesnia.pl\/wordpress\/694\/","title":{"rendered":"A2 i\u00a0Muzeum Dzieci Wrzesi\u0144skich"},"content":{"rendered":"<p>Wielkimi krokami zbli\u017ca si\u0119 120. rocznica Strajku Dzieci Wrzesi\u0144skich z&nbsp;1901 roku. W\u00f3wczas prawie 40 uczni\u00f3w zbojkotowa\u0142o nauczanie religii w&nbsp;j\u0119zyku niemieckim. Protestuj\u0105cych w&nbsp;ten spos\u00f3b przetrzymywano d\u0142u\u017cej w&nbsp;szkole, a&nbsp;najbardziej opornych wych\u0142ostano. 20 maja 1901 roku 14 uczni\u00f3w odm\u00f3wi\u0142o nauki niemieckiej pie\u015bni religijnej. Dzieci zosta\u0142y poddane karze ch\u0142osty. Wydarzenia te wywo\u0142a\u0142y oburzenie mieszka\u0144c\u00f3w Wrze\u015bni i&nbsp;opinii publicznej. Wzorem dzieci z&nbsp;Wrze\u015bni strajk rozpocz\u0119\u0142y inne okoliczne szko\u0142y, m.in. uczniowie z&nbsp;pobliskiego Mi\u0142os\u0142awia. Te&nbsp;wydarzenia stanowi\u0105 centralne miejsce w&nbsp;historii naszej okolicy &#8211; s\u0105 cz\u0119\u015bci\u0105 lokalnej to\u017csamo\u015bci mieszka\u0144c\u00f3w, a&nbsp;pami\u0119\u0107 o&nbsp;nich jest pieczo\u0142owicie utrzymywana i&nbsp;piel\u0119gnowana przez ca\u0142\u0105 spo\u0142eczno\u015b\u0107.<\/p>\n<p>Instytucj\u0105, kt\u00f3ra przechowuje i&nbsp;kultywuje pami\u0119\u0107 o&nbsp;strajku, jest Muzeum Regionalne im. Dzieci Wrzesi\u0144skich, znajduj\u0105ce si\u0119 w&nbsp;zabytkowym budynku szko\u0142y, w&nbsp;kt\u00f3rej dosz\u0142o do strajku. Budynek powsta\u0142 oko\u0142o 1790 roku i&nbsp;by\u0142 kilkukrotnie przebudowywany. W&nbsp;roku 1974 obiekt zosta\u0142 wpisany do rejestru zabytk\u00f3w.<\/p>\n<p>Warto, \u017ceby jak najwi\u0119cej os\u00f3b odwiedza\u0142o nasz muzeum, st\u0105d poprosili\u015bmy Autostrad\u0119 Wielkopolsk\u0105 oraz Wielkopolsk\u0105 Organizacj\u0119 Turystyczn\u0105 o&nbsp;ustawienie przy autostradzie A2 w&nbsp;okolicach Wrze\u015bni znaku drogowego E-22b z&nbsp;informacj\u0105 &bdquo;Muzeum Dzieci Wrzesi\u0144skich&rdquo;. Trzymamy kciuki za&nbsp;powodzenie!<\/p>\n<p>fot: koncepcja znaku drogowego E-22b<\/p>\n","protected":false},"excerpt":{"rendered":"<p>Wielkimi krokami zbli\u017ca si\u0119 120. rocznica Strajku Dzieci Wrzesi\u0144skich z&nbsp;1901 roku. W\u00f3wczas prawie 40 uczni\u00f3w zbojkotowa\u0142o nauczanie religii w&nbsp;j\u0119zyku niemieckim. Protestuj\u0105cych w&nbsp;ten spos\u00f3b przetrzymywano d\u0142u\u017cej w&nbsp;szkole, a&nbsp;najbardziej opornych wych\u0142ostano. 20 maja 1901 roku 14 uczni\u00f3w odm\u00f3wi\u0142o nauki niemieckiej pie\u015bni religijnej. Dzieci zosta\u0142y poddane karze ch\u0142osty. Wydarzenia te wywo\u0142a\u0142y oburzenie mieszka\u0144c\u00f3w Wrze\u015bni i&nbsp;opinii publicznej. Wzorem dzieci [&hellip;]<\/p>\n","protected":false},"author":1,"featured_media":10694,"comment_status":"open","ping_status":"open","sticky":false,"template":"","format":"standard","meta":{"_acf_changed":false,"footnotes":""},"categories":[1],"tags":[],"class_list":["post-694","post","type-post","status-publish","format-standard","has-post-thumbnail","hentry","category-uncategorized"],"acf":[],"_links":{"self":[{"href":"https:\/\/www.projektwrzesnia.pl\/wordpress\/wp-json\/wp\/v2\/posts\/694","targetHints":{"allow":["GET"]}}],"collection":[{"href":"https:\/\/www.projektwrzesnia.pl\/wordpress\/wp-json\/wp\/v2\/posts"}],"about":[{"href":"https:\/\/www.projektwrzesnia.pl\/wordpress\/wp-json\/wp\/v2\/types\/post"}],"author":[{"embeddable":true,"href":"https:\/\/www.projektwrzesnia.pl\/wordpress\/wp-json\/wp\/v2\/users\/1"}],"replies":[{"embeddable":true,"href":"https:\/\/www.projektwrzesnia.pl\/wordpress\/wp-json\/wp\/v2\/comments?post=694"}],"version-history":[{"count":0,"href":"https:\/\/www.projektwrzesnia.pl\/wordpress\/wp-json\/wp\/v2\/posts\/694\/revisions"}],"wp:featuredmedia":[{"embeddable":true,"href":"https:\/\/www.projektwrzesnia.pl\/wordpress\/wp-json\/wp\/v2\/media\/10694"}],"wp:attachment":[{"href":"https:\/\/www.projektwrzesnia.pl\/wordpress\/wp-json\/wp\/v2\/media?parent=694"}],"wp:term":[{"taxonomy":"category","embeddable":true,"href":"https:\/\/www.projektwrzesnia.pl\/wordpress\/wp-json\/wp\/v2\/categories?post=694"},{"taxonomy":"post_tag","embeddable":true,"href":"https:\/\/www.projektwrzesnia.pl\/wordpress\/wp-json\/wp\/v2\/tags?post=694"}],"curies":[{"name":"wp","href":"https:\/\/api.w.org\/{rel}","templated":true}]}}