{"id":695,"date":"2021-02-19T20:00:00","date_gmt":"2021-02-19T20:00:00","guid":{"rendered":"http:\/\/www.projektwrzesnia.pl\/wordpress\/blog\/2021\/02\/19\/historia-naszej-okolicy-przez-wieki-byla-tworzona-przez-ludzi-roznych-kultur-i-wyznan\/"},"modified":"2021-02-19T20:00:00","modified_gmt":"2021-02-19T20:00:00","slug":"historia-naszej-okolicy-przez-wieki-byla-tworzona-przez-ludzi-roznych-kultur-i-wyznan","status":"publish","type":"post","link":"https:\/\/www.projektwrzesnia.pl\/wordpress\/695\/","title":{"rendered":"Historia naszej okolicy przez wieki by\u0142a tworzona przez ludzi r\u00f3\u017cnych kultur i\u00a0wyzna\u0144"},"content":{"rendered":"<p>&nbsp;<\/p>\n<p>Historia naszej okolicy przez wieki by\u0142a tworzona przez ludzi r\u00f3\u017cnych kultur i&nbsp;wyzna\u0144. \u015alady po nich s\u0105&nbsp;nadal obecne w&nbsp;naszym otoczeniu &#8211; mo\u017cna je dostrzec cho\u0107by w&nbsp;architekturze, miejscach kultu, czy poch\u00f3wku. Tym ostatnim miejscom nierzadko grozi jednak zapomnienie.&nbsp;Problem z&nbsp;cmentarzami zaczyna si\u0119, gdy ludzie na nich pochowani nie maj\u0105 ju\u017c bliskich, kt\u00f3rzy opiekowaliby si\u0119 ich grobami. To stawia nas przed zadaniem, jak ocali\u0107 dziedzictwo wielokulturowe i&nbsp;pami\u0119\u0107 po tych ludziach.&nbsp;Za spraw\u0105 wolontariuszy, kt\u00f3rym lideruje B\u0142a\u017cej \u015aniegowski, cmentarze ewangelickie w&nbsp;Gminie Wrze\u015bnia s\u0105&nbsp;sukcesywnie sprz\u0105tane i&nbsp;porz\u0105dkowane. Ta inicjatywa zas\u0142uguj\u0105ca na wielkie uznanie, poniewa\u017c cmentarze te stanowi\u0105 nieod\u0142\u0105czny element krajobrazu kulturowego i&nbsp;historycznego naszej okolicy.&nbsp;Cz\u0119\u015b\u0107&nbsp;z nich nie jest jednak w&nbsp;\u017caden spos\u00f3b oznaczona, dlatego warto postara\u0107 si\u0119 ich o&nbsp;oznakowanie. Przyk\u0142ad&nbsp;mo\u017cna wzi\u0105\u0107 z&nbsp;gminy Nekla, gdzie samorz\u0105d wsp\u00f3lnie z&nbsp;Nekielskim Stowarzyszeniem Kulturalnym oznaczy\u0142 wszystkie cmentarze.<\/p>\n<p><em><em class=\"tytul\">ARKADIUSZ<\/em><em><span class=\"tytul\" data-mce-mark=\"1\">&nbsp;SOBCZAK &#8211; cz\u0142onek Stowarzyszenia Projekt Wrze\u015bnia<\/span><a name=\"kk\"><\/a><\/em><\/em><\/p>\n<p><em>Pierwotnie felieton zosta\u0142 opublikowany w&nbsp;tygodniku &#8222;Wiadomo\u015bci Wrzesi\u0144skie&#8221; oraz na portalu <a href=\"http:\/\/www.wrzesnia.info.pl\" target=\"_blank\" rel=\"noopener\">www.wrzesnia.info.pl<\/a><\/em><\/p>\n","protected":false},"excerpt":{"rendered":"<p>&nbsp; Historia naszej okolicy przez wieki by\u0142a tworzona przez ludzi r\u00f3\u017cnych kultur i&nbsp;wyzna\u0144. \u015alady po nich s\u0105&nbsp;nadal obecne w&nbsp;naszym otoczeniu &#8211; mo\u017cna je dostrzec cho\u0107by w&nbsp;architekturze, miejscach kultu, czy poch\u00f3wku. Tym ostatnim miejscom nierzadko grozi jednak zapomnienie.&nbsp;Problem z&nbsp;cmentarzami zaczyna si\u0119, gdy ludzie na nich pochowani nie maj\u0105 ju\u017c bliskich, kt\u00f3rzy opiekowaliby si\u0119 ich grobami. To [&hellip;]<\/p>\n","protected":false},"author":1,"featured_media":10863,"comment_status":"open","ping_status":"open","sticky":false,"template":"","format":"standard","meta":{"_acf_changed":false,"footnotes":""},"categories":[41],"tags":[],"class_list":["post-695","post","type-post","status-publish","format-standard","has-post-thumbnail","hentry","category-41"],"acf":[],"_links":{"self":[{"href":"https:\/\/www.projektwrzesnia.pl\/wordpress\/wp-json\/wp\/v2\/posts\/695","targetHints":{"allow":["GET"]}}],"collection":[{"href":"https:\/\/www.projektwrzesnia.pl\/wordpress\/wp-json\/wp\/v2\/posts"}],"about":[{"href":"https:\/\/www.projektwrzesnia.pl\/wordpress\/wp-json\/wp\/v2\/types\/post"}],"author":[{"embeddable":true,"href":"https:\/\/www.projektwrzesnia.pl\/wordpress\/wp-json\/wp\/v2\/users\/1"}],"replies":[{"embeddable":true,"href":"https:\/\/www.projektwrzesnia.pl\/wordpress\/wp-json\/wp\/v2\/comments?post=695"}],"version-history":[{"count":0,"href":"https:\/\/www.projektwrzesnia.pl\/wordpress\/wp-json\/wp\/v2\/posts\/695\/revisions"}],"wp:featuredmedia":[{"embeddable":true,"href":"https:\/\/www.projektwrzesnia.pl\/wordpress\/wp-json\/wp\/v2\/media\/10863"}],"wp:attachment":[{"href":"https:\/\/www.projektwrzesnia.pl\/wordpress\/wp-json\/wp\/v2\/media?parent=695"}],"wp:term":[{"taxonomy":"category","embeddable":true,"href":"https:\/\/www.projektwrzesnia.pl\/wordpress\/wp-json\/wp\/v2\/categories?post=695"},{"taxonomy":"post_tag","embeddable":true,"href":"https:\/\/www.projektwrzesnia.pl\/wordpress\/wp-json\/wp\/v2\/tags?post=695"}],"curies":[{"name":"wp","href":"https:\/\/api.w.org\/{rel}","templated":true}]}}