{"id":73,"date":"2016-12-11T20:00:00","date_gmt":"2016-12-11T20:00:00","guid":{"rendered":"http:\/\/www.projektwrzesnia.pl\/wordpress\/73\/"},"modified":"2016-12-11T20:00:00","modified_gmt":"2016-12-11T20:00:00","slug":"folwark-w-ostrowie-szlacheckim-wymaga-natychmiastowego-remontu","status":"publish","type":"post","link":"https:\/\/www.projektwrzesnia.pl\/wordpress\/73\/","title":{"rendered":"Folwark w\u00a0Ostrowie Szlacheckim wymaga natychmiastowego remontu!"},"content":{"rendered":"<p>Od bardzo d\u0142ugiego czasu docieraj\u0105 do nas niepokoj\u0105ce informacje o&nbsp;stanie technicznym zabytkowych budynk\u00f3w wchodz\u0105cych w&nbsp;sk\u0142ad zespo\u0142u folwarcznego w&nbsp;Ostrowie Szlacheckim.<\/p>\n<p>W jego sk\u0142ad wchodz\u0105 obiekty pochodz\u0105ce g\u0142\u00f3wnie z&nbsp;1916 roku: kurnik, stajnia, obora, magazyn zbo\u017cowy, wozownia oraz&nbsp;elektrownia. Wszystkie te zabudowania znajduj\u0105 si\u0119 w&nbsp;gminnej ewidencji zabytk\u00f3w, a&nbsp;ponadto kurnik zosta\u0142 wpisany do&nbsp;wojew\u00f3dzkiego rejestru zabytk\u00f3w (nr rej. 2637\/A z&nbsp;2.04.1998 r.).<\/p>\n<p>Przed II wojn\u0105 \u015bwiatow\u0105 folwark wraz z&nbsp;pa\u0142acem i&nbsp;parkiem nale\u017ca\u0142 do&nbsp;niemieckiej rodziny Voge. Nast\u0119pnie maj\u0105tek zosta\u0142 znacjonalizowany i&nbsp;wchodzi\u0142 w&nbsp;sk\u0142ad PGR. Co ciekawe na jego temat powsta\u0142a w&nbsp;roku 1955 publikacja pod tytu\u0142em &bdquo;Zesp\u00f3\u0142 PGR Ostrowo Szlacheckie&rdquo;. Po transformacji ustrojowej zespo\u0142em zarz\u0105dza\u0142a Agencja Nieruchomo\u015bci Rolnych, kt\u00f3ra 12 grudnia 2014 roku sprzeda\u0142a budynki folwarczne (dzia\u0142ka 29\/5) dotychczasowemu najemcy &ndash; Przedsi\u0119biorstwu Produkcyjno-Handlowemu &bdquo;Agropol&rdquo; z&nbsp;Soko\u0142owa.<br \/> Obecnie w\u0142a\u015bcicielem obiektu jest Przetw\u00f3rstwo Rolne G\u0105siorek Sp\u00f3\u0142ka Jawna z&nbsp;Czerniejewa.<\/p>\n<p>Kilka lat temu w\u0142a\u015bciciel przesta\u0142 u\u017cytkowa\u0107 obiekty folwarczne i&nbsp;od tego czasu stoj\u0105 puste i&nbsp;systematycznie niszczej\u0105. Dnia 2 wrze\u015bnia 2009 roku Wielkopolski Wojew\u00f3dzki Konserwator Zabytk\u00f3w wyda\u0142a nakaz remontu zabytkowego kurnika. 19 listopada 2014 roku w\u0142a\u015bciciel &#8211; Rajmund G\u0105siorek przed\u0142o\u017cy\u0142 Wielkopolskiemu Wojew\u00f3dzkiemu Konserwatorowi Zabytk\u00f3w program u\u017cytkowy dla zespo\u0142u folwarcznego Ostrowo Szlacheckie, w&nbsp;kt\u00f3rym zobowi\u0105za\u0142 si\u0119, \u017ce w&nbsp;przeci\u0105gu czterech lat dokona remontu kurnika. Jak do tej pory wszystkie obiekty tylko niszczej\u0105 i&nbsp;wymagaj\u0105 natychmiastowego remontu.<\/p>\n<p>Jako stowarzyszenie Projekt Wrze\u015bnia wystosowali\u015bmy w&nbsp;ostatnich dniach pouczenie do w\u0142a\u015bciciela zespo\u0142u folwarcznego &ndash; Rajmunda G\u0105siorka, o&nbsp;obowi\u0105zkach wynikaj\u0105cych z&nbsp;ustawy z&nbsp;dnia 23 lipca 2003 r. o&nbsp;ochronie zabytk\u00f3w i&nbsp;opiece nad zabytkami (Dz. U. Nr 162, poz. 1568). <br \/>Ponadto o&nbsp;sprawie poinformowali\u015bmy Burmistrza Miasta i&nbsp;Gminy Wrze\u015bnia, Starost\u0119 Wrzesi\u0144skiego oraz Wielkopolskiego Wojew\u00f3dzkiego Konserwatora Zabytk\u00f3w. Mamy nadziej\u0119, \u017ce w\u0142a\u015bciciel wykona remonty do kt\u00f3rych si\u0119 zobowi\u0105za\u0142 i&nbsp;do kt\u00f3rych jest zobowi\u0105zany przez prawo.<\/p>\n<p>W galerii zamie\u015bcili\u015bmy zdj\u0119cia wykonane w&nbsp;2016 roku.&nbsp;<\/p>\n<figure class=\"is-layout-flex wp-block-gallery-1 wp-block-gallery has-nested-images columns-default is-cropped\">\n<figure class=\"wp-block-image\"><img decoding=\"async\" src=\"https:\/\/www.projektwrzesnia.pl\/wordpress\/wp-content\/uploads\/2023\/03\/11_zabytkowy_kurnik.jpg\" alt=\"\" class=\"wp-image-10730\"\/><\/figure>\n<figure class=\"wp-block-image\"><img decoding=\"async\" src=\"https:\/\/www.projektwrzesnia.pl\/wordpress\/wp-content\/uploads\/2023\/03\/12_zabytkowy_kurnik2.jpg\" alt=\"\" class=\"wp-image-10731\"\/><\/figure>\n<figure class=\"wp-block-image\"><img decoding=\"async\" src=\"https:\/\/www.projektwrzesnia.pl\/wordpress\/wp-content\/uploads\/2023\/03\/13_zabytkowy_kurnik3.jpg\" alt=\"\" class=\"wp-image-10732\"\/><\/figure>\n<figure class=\"wp-block-image\"><img decoding=\"async\" src=\"https:\/\/www.projektwrzesnia.pl\/wordpress\/wp-content\/uploads\/2023\/03\/14_budynek_folwarczny_-_obora.jpg\" alt=\"\" class=\"wp-image-10733\"\/><\/figure>\n<figure class=\"wp-block-image\"><img decoding=\"async\" src=\"https:\/\/www.projektwrzesnia.pl\/wordpress\/wp-content\/uploads\/2023\/03\/15_budynek_folwarczny.jpg\" alt=\"\" class=\"wp-image-10734\"\/><\/figure>\n<figure class=\"wp-block-image\"><img decoding=\"async\" src=\"https:\/\/www.projektwrzesnia.pl\/wordpress\/wp-content\/uploads\/2023\/03\/16_budynki_folwarczne.jpg\" alt=\"\" class=\"wp-image-10735\"\/><\/figure>\n<figure class=\"wp-block-image\"><img decoding=\"async\" src=\"https:\/\/www.projektwrzesnia.pl\/wordpress\/wp-content\/uploads\/2023\/03\/17_tytly_obory_folwarcznej.jpg\" alt=\"\" class=\"wp-image-10736\"\/><\/figure>\n<figure class=\"wp-block-image\"><img decoding=\"async\" src=\"https:\/\/www.projektwrzesnia.pl\/wordpress\/wp-content\/uploads\/2023\/03\/18_widok_na_budynki_folwarczne.jpg\" alt=\"\" class=\"wp-image-10737\"\/><\/figure>\n<\/figure>\n","protected":false},"excerpt":{"rendered":"<p>Od bardzo d\u0142ugiego czasu docieraj\u0105 do nas niepokoj\u0105ce informacje o&nbsp;stanie technicznym zabytkowych budynk\u00f3w wchodz\u0105cych w&nbsp;sk\u0142ad zespo\u0142u folwarcznego w&nbsp;Ostrowie Szlacheckim. W jego sk\u0142ad wchodz\u0105 obiekty pochodz\u0105ce g\u0142\u00f3wnie z&nbsp;1916 roku: kurnik, stajnia, obora, magazyn zbo\u017cowy, wozownia oraz&nbsp;elektrownia. Wszystkie te zabudowania znajduj\u0105 si\u0119 w&nbsp;gminnej ewidencji zabytk\u00f3w, a&nbsp;ponadto kurnik zosta\u0142 wpisany do&nbsp;wojew\u00f3dzkiego rejestru zabytk\u00f3w (nr rej. 2637\/A z&nbsp;2.04.1998 r.). [&hellip;]<\/p>\n","protected":false},"author":1,"featured_media":1073,"comment_status":"open","ping_status":"open","sticky":false,"template":"","format":"standard","meta":{"_acf_changed":false,"footnotes":""},"categories":[27],"tags":[],"class_list":["post-73","post","type-post","status-publish","format-standard","has-post-thumbnail","hentry","category-27"],"acf":[],"_links":{"self":[{"href":"https:\/\/www.projektwrzesnia.pl\/wordpress\/wp-json\/wp\/v2\/posts\/73","targetHints":{"allow":["GET"]}}],"collection":[{"href":"https:\/\/www.projektwrzesnia.pl\/wordpress\/wp-json\/wp\/v2\/posts"}],"about":[{"href":"https:\/\/www.projektwrzesnia.pl\/wordpress\/wp-json\/wp\/v2\/types\/post"}],"author":[{"embeddable":true,"href":"https:\/\/www.projektwrzesnia.pl\/wordpress\/wp-json\/wp\/v2\/users\/1"}],"replies":[{"embeddable":true,"href":"https:\/\/www.projektwrzesnia.pl\/wordpress\/wp-json\/wp\/v2\/comments?post=73"}],"version-history":[{"count":0,"href":"https:\/\/www.projektwrzesnia.pl\/wordpress\/wp-json\/wp\/v2\/posts\/73\/revisions"}],"wp:featuredmedia":[{"embeddable":true,"href":"https:\/\/www.projektwrzesnia.pl\/wordpress\/wp-json\/wp\/v2\/media\/1073"}],"wp:attachment":[{"href":"https:\/\/www.projektwrzesnia.pl\/wordpress\/wp-json\/wp\/v2\/media?parent=73"}],"wp:term":[{"taxonomy":"category","embeddable":true,"href":"https:\/\/www.projektwrzesnia.pl\/wordpress\/wp-json\/wp\/v2\/categories?post=73"},{"taxonomy":"post_tag","embeddable":true,"href":"https:\/\/www.projektwrzesnia.pl\/wordpress\/wp-json\/wp\/v2\/tags?post=73"}],"curies":[{"name":"wp","href":"https:\/\/api.w.org\/{rel}","templated":true}]}}