{"id":74,"date":"2016-12-19T20:00:00","date_gmt":"2016-12-19T20:00:00","guid":{"rendered":"http:\/\/www.projektwrzesnia.pl\/wordpress\/74\/"},"modified":"2023-03-10T13:17:55","modified_gmt":"2023-03-10T13:17:55","slug":"wrzesnia-i-aktywnosc-spoleczna","status":"publish","type":"post","link":"https:\/\/www.projektwrzesnia.pl\/wordpress\/74\/","title":{"rendered":"Wrze\u015bnia i\u00a0aktywno\u015b\u0107 spo\u0142eczna"},"content":{"rendered":"<p>&nbsp;<\/p>\n\n\n<p>Wrze\u015bnia si\u0119 rozwija, ale czy razem z&nbsp;ni\u0105 rozwija si\u0119 aktywnos\u0107 spo\u0142eczna jej mieszka\u0144c\u00f3w? Odpowiedzi na takie pytanie mo\u017cemy poszuka\u0107 w&nbsp;raporcie zatytu\u0142owanym &#8222;<em><a href=\"http:\/\/www.wspolnota.org.pl\/fileadmin\/user_upload\/Ranking_-_Aktywnosc_spoleczna.pdf\" target=\"_blank\" rel=\"noreferrer noopener\">Spo\u0142eczna gmina &#8211; Ranking aktywno\u015bci spo\u0142ecznej w&nbsp;samorz\u0105dach<\/a>&#8222;.<\/em><\/p>\n\n\n\n<p>W zestawieniu samorz\u0105dy zosta\u0142y ocenione w&nbsp;czterech kategoriach:<\/p>\n\n\n\n<p>&nbsp;&nbsp; 1) Aktywno\u015b\u0107 obywatelska \u2013 mierzona frekwencj\u0105 w&nbsp;wyborach,<\/p>\n\n\n\n<p>&nbsp;&nbsp; 2) Sformalizowana aktywno\u015b\u0107 spo\u0142eczna \u2013 mierzona liczb\u0105 fundacji i&nbsp;stowarzysze\u0144,<\/p>\n\n\n\n<p>&nbsp;&nbsp; 3) Wspieranie przez samorz\u0105dy organizacji spo\u0142ecznych \u2013 mierzona warto\u015bci\u0105 \u015brodk\u00f3w przekazywanych fundacjom i&nbsp;stowarzyszeniom,<\/p>\n\n\n\n<p>&nbsp;&nbsp; 4)&nbsp;Aktywno\u015b\u0107 w&nbsp;akcjach spo\u0142ecznych \u2013 mierzona liczb\u0105 zbi\u00f3rek publicznych.<\/p>\n\n\n\n<p>W ka\u017cdej z&nbsp;wy\u017cej wymienionych kategorii przyznawano punkty, kt\u00f3re p\u00f3\u017aniej zsumowano. Postanowili\u015bmy zestawi\u0107 w&nbsp;tabeli gminy powiatu wrzesi\u0144skiego oraz gminy: Gniezno, S\u0142upca, \u015aroda Wielkopolska, Jarocin i&nbsp;Pleszew.&nbsp;<\/p>\n\n\n\n<figure class=\"wp-block-image\"><a href=\"http:\/\/www.projektwrzesnia.pl\/asp\/pliki\/Tabele\/20161219_aktywnosc__spoleczna_tabela1.jpg\" target=\"_blank\" rel=\"noreferrer noopener\"><img decoding=\"async\" src=\"http:\/\/www.projektwrzesnia.pl\/asp\/pliki\/Tabele\/20161219_aktywnosc__spoleczna_tabela1.jpg\" alt=\"- 20161219_aktywnosc__spoleczna_tabela1.jpg\" title=\"- 20161219_aktywnosc__spoleczna_tabela1.jpg\"\/><\/a><\/figure>\n\n\n\n<p>Podobny obraz Wrze\u015bni wy\u0142ania si\u0119 z&nbsp;raportu pod tytu\u0142em &#8222;<em><a href=\"http:\/\/www.wspolnota.org.pl\/fileadmin\/user_upload\/Andrzej\/ANDRZEJ_NOWY\/Nr_21_Ranking_-_Wykorzystanie_srodkow_UE.pdf\" target=\"_blank\" rel=\"noreferrer noopener\">Unijne per\u0142y &#8211; Ranking wykorzystania \u015brodk\u00f3w europejskich na projekty spo\u0142eczne 2007\u20132015<\/a>&#8222;.&nbsp;<\/em>W raporcie przygotowano zestawienie dotacje z&nbsp;funduszy UE na wydatki bie\u017c\u0105ce w&nbsp;przeliczeniu na 1 mieszka\u0144ca gminy.<br>W&nbsp;poni\u017cszej tabeli zestawilismy najlepsze gminy wraz z&nbsp;Gmin\u0105 Wrze\u015bnia i&nbsp;okolicznymi wzgl\u0119dem niej gminami.&nbsp;<\/p>\n\n\n\n<figure class=\"wp-block-image\"><a href=\"http:\/\/www.projektwrzesnia.pl\/asp\/pliki\/Tabele\/20161219_aktywnosc__spoleczna_tabela2.jpg\" target=\"_blank\" rel=\"noreferrer noopener\"><img decoding=\"async\" src=\"http:\/\/www.projektwrzesnia.pl\/asp\/pliki\/Tabele\/20161219_aktywnosc__spoleczna_tabela2.jpg\" alt=\"- 20161219_aktywnosc__spoleczna_tabela2.jpg\" title=\"- 20161219_aktywnosc__spoleczna_tabela2.jpg\"\/><\/a><\/figure>\n\n\n\n<p>Z obu raport\u00f3w wynika, \u017ce wspieranie przez Gmin\u0119 Wrze\u015bnia organizacji pozarz\u0105dowych i&nbsp;spo\u0142ecze\u0144stwa obywatelskiego nie jest mocn\u0105 stron\u0105 w\u0142adz Wrze\u015bni. Otwartym pozostaje pytanie o&nbsp;przyczyny niech\u0119ci do aktywno\u015bci spo\u0142ecznej mieszka\u0144c\u00f3w.<\/p>\n","protected":false},"excerpt":{"rendered":"<p>&nbsp; Wrze\u015bnia si\u0119 rozwija, ale czy razem z&nbsp;ni\u0105 rozwija si\u0119 aktywnos\u0107 spo\u0142eczna jej mieszka\u0144c\u00f3w? Odpowiedzi na takie pytanie mo\u017cemy poszuka\u0107 w&nbsp;raporcie zatytu\u0142owanym &#8222;Spo\u0142eczna gmina &#8211; Ranking aktywno\u015bci spo\u0142ecznej w&nbsp;samorz\u0105dach&#8222;. W zestawieniu samorz\u0105dy zosta\u0142y ocenione w&nbsp;czterech kategoriach: &nbsp;&nbsp; 1) Aktywno\u015b\u0107 obywatelska \u2013 mierzona frekwencj\u0105 w&nbsp;wyborach, &nbsp;&nbsp; 2) Sformalizowana aktywno\u015b\u0107 spo\u0142eczna \u2013 mierzona liczb\u0105 fundacji i&nbsp;stowarzysze\u0144, &nbsp;&nbsp; [&hellip;]<\/p>\n","protected":false},"author":1,"featured_media":10100655,"comment_status":"open","ping_status":"open","sticky":false,"template":"","format":"standard","meta":{"_acf_changed":false,"footnotes":""},"categories":[1],"tags":[],"class_list":["post-74","post","type-post","status-publish","format-standard","has-post-thumbnail","hentry","category-uncategorized"],"acf":[],"_links":{"self":[{"href":"https:\/\/www.projektwrzesnia.pl\/wordpress\/wp-json\/wp\/v2\/posts\/74","targetHints":{"allow":["GET"]}}],"collection":[{"href":"https:\/\/www.projektwrzesnia.pl\/wordpress\/wp-json\/wp\/v2\/posts"}],"about":[{"href":"https:\/\/www.projektwrzesnia.pl\/wordpress\/wp-json\/wp\/v2\/types\/post"}],"author":[{"embeddable":true,"href":"https:\/\/www.projektwrzesnia.pl\/wordpress\/wp-json\/wp\/v2\/users\/1"}],"replies":[{"embeddable":true,"href":"https:\/\/www.projektwrzesnia.pl\/wordpress\/wp-json\/wp\/v2\/comments?post=74"}],"version-history":[{"count":2,"href":"https:\/\/www.projektwrzesnia.pl\/wordpress\/wp-json\/wp\/v2\/posts\/74\/revisions"}],"predecessor-version":[{"id":10100657,"href":"https:\/\/www.projektwrzesnia.pl\/wordpress\/wp-json\/wp\/v2\/posts\/74\/revisions\/10100657"}],"wp:featuredmedia":[{"embeddable":true,"href":"https:\/\/www.projektwrzesnia.pl\/wordpress\/wp-json\/wp\/v2\/media\/10100655"}],"wp:attachment":[{"href":"https:\/\/www.projektwrzesnia.pl\/wordpress\/wp-json\/wp\/v2\/media?parent=74"}],"wp:term":[{"taxonomy":"category","embeddable":true,"href":"https:\/\/www.projektwrzesnia.pl\/wordpress\/wp-json\/wp\/v2\/categories?post=74"},{"taxonomy":"post_tag","embeddable":true,"href":"https:\/\/www.projektwrzesnia.pl\/wordpress\/wp-json\/wp\/v2\/tags?post=74"}],"curies":[{"name":"wp","href":"https:\/\/api.w.org\/{rel}","templated":true}]}}