{"id":741,"date":"2021-05-12T20:00:00","date_gmt":"2021-05-12T20:00:00","guid":{"rendered":"http:\/\/www.projektwrzesnia.pl\/wordpress\/741\/"},"modified":"2021-05-12T20:00:00","modified_gmt":"2021-05-12T20:00:00","slug":"krok-blizej-do-uregulowania-wlasnosci-ulicy-kolejowej-w-marzeninie","status":"publish","type":"post","link":"https:\/\/www.projektwrzesnia.pl\/wordpress\/741\/","title":{"rendered":"Krok bli\u017cej do uregulowania w\u0142asno\u015bci ulicy Kolejowej w\u00a0Marzeninie"},"content":{"rendered":"<p>W listopadzie zesz\u0142ego roku pisali\u015bmy o&nbsp;ulicy Kolejowej w&nbsp;Marzeninie [<a href=\"http:\/\/www.projektwrzesnia.pl\/asp\/pl_start.asp?typ=13&amp;menu=13&amp;artykul=655&amp;akcja=artykul\" target=\"_blank\" rel=\"noopener\">TUTAJ<\/a>]. W\u0142a\u015bcicielem dzia\u0142ki, na kt\u00f3rej znajduje si\u0119 ulica, jest PKP S.A. Efektem nieuregulowanego od wielu lat stanu prawnego jest z\u0142y stan nawierzchni i&nbsp;brak jakichkolwiek znacz\u0105cych inwestycji.<\/p>\n<p>Ostatnio ponownie zapytali\u015bmy PKP S.A., jak wygl\u0105da sprawa ulicy Kolejowej w&nbsp;Marzeninie, a&nbsp;w&nbsp;szczeg\u00f3lno\u015bci uregulowanie granic geodezyjnych i&nbsp;przekazanie nieruchomo\u015bci gminie Wrze\u015bnia. Na szcz\u0119\u015bcie obecnie trwaj\u0105 ustalenia pomi\u0119dzy gmin\u0105 Wrze\u015bnia a&nbsp;PKP S.A. dotycz\u0105ce koncepcji podzia\u0142owej ulicy Kolejowej w&nbsp;Marzeninie (dzia\u0142ka nr 180\/5, obr\u0119b Marzenin). Mamy nadziej\u0119, \u017ce sprawy b\u0119d\u0105 przebiega\u0142y w&nbsp;szybkim tempie.<\/p>\n<p>&nbsp;<\/p>\n","protected":false},"excerpt":{"rendered":"<p>W listopadzie zesz\u0142ego roku pisali\u015bmy o&nbsp;ulicy Kolejowej w&nbsp;Marzeninie [TUTAJ]. W\u0142a\u015bcicielem dzia\u0142ki, na kt\u00f3rej znajduje si\u0119 ulica, jest PKP S.A. Efektem nieuregulowanego od wielu lat stanu prawnego jest z\u0142y stan nawierzchni i&nbsp;brak jakichkolwiek znacz\u0105cych inwestycji. Ostatnio ponownie zapytali\u015bmy PKP S.A., jak wygl\u0105da sprawa ulicy Kolejowej w&nbsp;Marzeninie, a&nbsp;w&nbsp;szczeg\u00f3lno\u015bci uregulowanie granic geodezyjnych i&nbsp;przekazanie nieruchomo\u015bci gminie Wrze\u015bnia. Na szcz\u0119\u015bcie [&hellip;]<\/p>\n","protected":false},"author":1,"featured_media":10741,"comment_status":"open","ping_status":"open","sticky":false,"template":"","format":"standard","meta":{"_acf_changed":false,"footnotes":""},"categories":[1],"tags":[],"class_list":["post-741","post","type-post","status-publish","format-standard","has-post-thumbnail","hentry","category-uncategorized"],"acf":[],"_links":{"self":[{"href":"https:\/\/www.projektwrzesnia.pl\/wordpress\/wp-json\/wp\/v2\/posts\/741","targetHints":{"allow":["GET"]}}],"collection":[{"href":"https:\/\/www.projektwrzesnia.pl\/wordpress\/wp-json\/wp\/v2\/posts"}],"about":[{"href":"https:\/\/www.projektwrzesnia.pl\/wordpress\/wp-json\/wp\/v2\/types\/post"}],"author":[{"embeddable":true,"href":"https:\/\/www.projektwrzesnia.pl\/wordpress\/wp-json\/wp\/v2\/users\/1"}],"replies":[{"embeddable":true,"href":"https:\/\/www.projektwrzesnia.pl\/wordpress\/wp-json\/wp\/v2\/comments?post=741"}],"version-history":[{"count":0,"href":"https:\/\/www.projektwrzesnia.pl\/wordpress\/wp-json\/wp\/v2\/posts\/741\/revisions"}],"wp:featuredmedia":[{"embeddable":true,"href":"https:\/\/www.projektwrzesnia.pl\/wordpress\/wp-json\/wp\/v2\/media\/10741"}],"wp:attachment":[{"href":"https:\/\/www.projektwrzesnia.pl\/wordpress\/wp-json\/wp\/v2\/media?parent=741"}],"wp:term":[{"taxonomy":"category","embeddable":true,"href":"https:\/\/www.projektwrzesnia.pl\/wordpress\/wp-json\/wp\/v2\/categories?post=741"},{"taxonomy":"post_tag","embeddable":true,"href":"https:\/\/www.projektwrzesnia.pl\/wordpress\/wp-json\/wp\/v2\/tags?post=741"}],"curies":[{"name":"wp","href":"https:\/\/api.w.org\/{rel}","templated":true}]}}