{"id":743,"date":"2021-05-11T20:00:00","date_gmt":"2021-05-11T20:00:00","guid":{"rendered":"http:\/\/www.projektwrzesnia.pl\/wordpress\/743\/"},"modified":"2021-05-11T20:00:00","modified_gmt":"2021-05-11T20:00:00","slug":"parking-przy-dworcu-kolejowym","status":"publish","type":"post","link":"https:\/\/www.projektwrzesnia.pl\/wordpress\/743\/","title":{"rendered":"Parking przy dworcu kolejowym"},"content":{"rendered":"<p>W listopadzie zesz\u0142ego roku informowali\u015bmy, \u017ce uzyska\u0142a wszystkie zgody na rozbi\u00f3rk\u0119 tor\u00f3w znajduj\u0105cych si\u0119 na cz\u0119\u015bci dzia\u0142ki nr 929\/34 przeznaczonej pod parking przy dworcu kolejowym i&nbsp;w&nbsp;zwi\u0105zku z&nbsp;tym og\u0142osi przetarg na wykonanie rozbi\u00f3rki [<a href=\"http:\/\/www.projektwrzesnia.pl\/asp\/pl_start.asp?typ=13&amp;menu=94&amp;artykul=658&amp;akcja=artykul\" target=\"_blank\" rel=\"noopener\"><strong>tutaj<\/strong> <\/a>mo\u017cna przeczyta\u0107 wi\u0119cej].<\/p>\n<p>Na bie\u017c\u0105co monitorujemy temat, dlatego kolejny ju\u017c raz zwr\u00f3cili\u015bmy si\u0119 do PKP z&nbsp;pro\u015bb\u0105 o&nbsp;aktualne informacje. Poinformowano nas, \u017ce obecnie PKP S.A. organizuje przetarg na&nbsp;dokonanie rozbi\u00f3rki tor\u00f3w. Przetarg zosta\u0142 og\u0142oszony 22 kwietnia 2021 roku. Uzgodnienie z&nbsp;gmin\u0105 Wrze\u015bnia koncepcji podzia\u0142u nieruchomo\u015bci pod parking b\u0119dzie mo\u017cliwe po rozbi\u00f3rce tor\u00f3w.<\/p>\n<p>&nbsp;<\/p>\n<p>&nbsp;<\/p>\n","protected":false},"excerpt":{"rendered":"<p>W listopadzie zesz\u0142ego roku informowali\u015bmy, \u017ce uzyska\u0142a wszystkie zgody na rozbi\u00f3rk\u0119 tor\u00f3w znajduj\u0105cych si\u0119 na cz\u0119\u015bci dzia\u0142ki nr 929\/34 przeznaczonej pod parking przy dworcu kolejowym i&nbsp;w&nbsp;zwi\u0105zku z&nbsp;tym og\u0142osi przetarg na wykonanie rozbi\u00f3rki [tutaj mo\u017cna przeczyta\u0107 wi\u0119cej]. Na bie\u017c\u0105co monitorujemy temat, dlatego kolejny ju\u017c raz zwr\u00f3cili\u015bmy si\u0119 do PKP z&nbsp;pro\u015bb\u0105 o&nbsp;aktualne informacje. Poinformowano nas, \u017ce obecnie [&hellip;]<\/p>\n","protected":false},"author":1,"featured_media":10743,"comment_status":"open","ping_status":"open","sticky":false,"template":"","format":"standard","meta":{"_acf_changed":false,"footnotes":""},"categories":[1],"tags":[],"class_list":["post-743","post","type-post","status-publish","format-standard","has-post-thumbnail","hentry","category-uncategorized"],"acf":[],"_links":{"self":[{"href":"https:\/\/www.projektwrzesnia.pl\/wordpress\/wp-json\/wp\/v2\/posts\/743","targetHints":{"allow":["GET"]}}],"collection":[{"href":"https:\/\/www.projektwrzesnia.pl\/wordpress\/wp-json\/wp\/v2\/posts"}],"about":[{"href":"https:\/\/www.projektwrzesnia.pl\/wordpress\/wp-json\/wp\/v2\/types\/post"}],"author":[{"embeddable":true,"href":"https:\/\/www.projektwrzesnia.pl\/wordpress\/wp-json\/wp\/v2\/users\/1"}],"replies":[{"embeddable":true,"href":"https:\/\/www.projektwrzesnia.pl\/wordpress\/wp-json\/wp\/v2\/comments?post=743"}],"version-history":[{"count":0,"href":"https:\/\/www.projektwrzesnia.pl\/wordpress\/wp-json\/wp\/v2\/posts\/743\/revisions"}],"wp:featuredmedia":[{"embeddable":true,"href":"https:\/\/www.projektwrzesnia.pl\/wordpress\/wp-json\/wp\/v2\/media\/10743"}],"wp:attachment":[{"href":"https:\/\/www.projektwrzesnia.pl\/wordpress\/wp-json\/wp\/v2\/media?parent=743"}],"wp:term":[{"taxonomy":"category","embeddable":true,"href":"https:\/\/www.projektwrzesnia.pl\/wordpress\/wp-json\/wp\/v2\/categories?post=743"},{"taxonomy":"post_tag","embeddable":true,"href":"https:\/\/www.projektwrzesnia.pl\/wordpress\/wp-json\/wp\/v2\/tags?post=743"}],"curies":[{"name":"wp","href":"https:\/\/api.w.org\/{rel}","templated":true}]}}