{"id":75,"date":"2016-12-22T20:00:00","date_gmt":"2016-12-22T20:00:00","guid":{"rendered":"http:\/\/www.projektwrzesnia.pl\/wordpress\/75\/"},"modified":"2023-03-10T13:16:45","modified_gmt":"2023-03-10T13:16:45","slug":"palac-na-opieszynie-bedzie-znowu-ozdoba-miasta","status":"publish","type":"post","link":"https:\/\/www.projektwrzesnia.pl\/wordpress\/75\/","title":{"rendered":"Pa\u0142ac na Opieszynie b\u0119dzie znowu ozdob\u0105 miasta"},"content":{"rendered":"<p>W tym roku rozpocz\u0105\u0142 si\u0119 remont pa\u0142acu na Opieszynie we Wrze\u015bni. To dobra wiadomo\u015b\u0107, poniewa\u017c uchroni to ten budynek przed ruin\u0105, a&nbsp;wyremontowanie go przyczyni si\u0119 do powstania kolejnego ciekawego miejsca we Wrze\u015bni.<\/p>\n<p>Dla bezpiecze\u0144stwa prowadzonych prac teren ogrodzono tymczasowym p\u0142otem. Wzbudzi\u0142o to obawy wielu mieszka\u0144c\u00f3w, kt\u00f3rzy prosili nas o&nbsp;zaj\u0119ci\u0119 si\u0119 t\u0105 spraw\u0105 i&nbsp;odpowied\u017a na pytanie czy przypadkiem tymczasowy p\u0142ot za chwil\u0119 nie zamieni si\u0119&nbsp;w&nbsp;murowane ogrodzenie.<\/p>\n<p>Na to pytanie odpowiedzia\u0142 nam Wielkopolski Wojew\u00f3dzki Konserwator Zabytk\u00f3w, kt\u00f3ry potwierdzi\u0142, \u017ce obecnie istniej\u0105cy p\u0142ot, okalaj\u0105cy ca\u0142y teren jest tylko tymczasowy i&nbsp;zostanie zdemontowany po zako\u0144czeniu remontu [<a href=\"https:\/\/www.projektwrzesnia.pl\/wordpress\/wp-content\/uploads\/2023\/03\/20161222_palac_opieszyn_wwkz_pismo.pdf\" target=\"_blank\" rel=\"noopener\">pismo<\/a>].<\/p>\n<p>Natomiast istniej\u0105ce murowane ogrodzenie od strony ulicy Opieszyn zostanie przed\u0142u\u017cone a\u017c&nbsp;do miejsca g\u0142\u00f3wnego wej\u015bcia do parku (ko\u0142o ronda i&nbsp;budki z&nbsp;kurczakami z&nbsp;ro\u017cna). Teren od strony parku b\u0119dzie otwarty.<br \/>\nDobrych wiadomo\u015bci jest wi\u0119cej, poniewa\u017c projekt renowacji pa\u0142acu na Opieszynie jest bardzo ambitny. Zak\u0142ada dostosowanie budynku na cele gastronomiczno-hotelowe. W&nbsp;zwi\u0105zku z&nbsp;remontem i&nbsp;renowacj\u0105 zmianie ulegnie wygl\u0105d zewn\u0119trzny budynku. Na dachu pojawi\u0105 si\u0119 cztery kaferki, a&nbsp;parterowe skrzyd\u0142o po\u0142udniowe pa\u0142acu zostanie nadbudowane. Doklejona zostanie nowa bry\u0142a na pierwszym pi\u0119trze, gdzie dominowa\u0107 b\u0119dzie szklana elewacja, na pewno b\u0119dzie to bardzo kontrastowy element. B\u0119dziemy mogli te\u017c skorzysta\u0107 z&nbsp;kawiarni z&nbsp;cz\u0119\u015bci\u0105 zewn\u0119trzn\u0105 wychodz\u0105c\u0105 na&nbsp;park od strony po\u0142udniowej.<\/p>\n<p>W pa\u0142acu znajd\u0105 si\u0119 32 pokoje hotelowe, zlokalizowane g\u0142\u00f3wnie na pierwszym pi\u0119trze i&nbsp;zaadaptowanym poddaszu. W&nbsp;cz\u0119\u015bci parterowej b\u0119dzie restauracja oraz ogr\u00f3d zimowy. Rozbudowie poddane zostan\u0105 r\u00f3wnie\u017c piwnice, gdzie znajd\u0105 si\u0119 pomieszczenia rekreacyjno \u2013 biznesowe, sk\u0142adaj\u0105ce si\u0119 z&nbsp;dw\u00f3ch salek konferencyjnych, SPA, komory lodowej, pomieszczenia klubowego (salon VIP) oraz cz\u0119\u015b\u0107 zaplecza technologicznego i&nbsp;magazynowego.<\/p>\n<p>Je\u015bli wszystko p\u00f3jdzie zgodnie z&nbsp;planem ju\u017c za kilkana\u015bcie miesi\u0119cy b\u0119dziemy mieli kolejne pi\u0119kne miejsce w&nbsp;naszym mie\u015bcie. Trzymamy kciuki za&nbsp;pomy\u015bln\u0105 renowacj\u0119. Oby w\u0142a\u015bciciele innych okolicznych pa\u0142ac\u00f3w i&nbsp;dwor\u00f3w wzi\u0119li przyk\u0142ad z&nbsp;w\u0142a\u015bcicieli pa\u0142acu na&nbsp;Opieszynie. &nbsp;<\/p>\n<p><img loading=\"lazy\" decoding=\"async\" style=\"vertical-align: baseline;\" title=\"- 20161222_palac_opieszyn_mapa.jpg\" src=\"http:\/\/www.projektwrzesnia.pl\/asp\/pliki\/projekty2016\/20161222_palac_opieszyn_mapa.jpg\" alt=\"- 20161222_palac_opieszyn_mapa.jpg\" width=\"1308\" height=\"1423\"><\/p>\n<p>Wi\u0119kszy rozmiar [<a href=\"http:\/\/www.projektwrzesnia.pl\/asp\/pliki\/projekty2016\/20161222_palac_opieszyn_mapa.jpg\" target=\"_blank\" rel=\"noopener\">tutaj<\/a>]<\/p>\n","protected":false},"excerpt":{"rendered":"<p>W tym roku rozpocz\u0105\u0142 si\u0119 remont pa\u0142acu na Opieszynie we Wrze\u015bni. To dobra wiadomo\u015b\u0107, poniewa\u017c uchroni to ten budynek przed ruin\u0105, a&nbsp;wyremontowanie go przyczyni si\u0119 do powstania kolejnego ciekawego miejsca we Wrze\u015bni. Dla bezpiecze\u0144stwa prowadzonych prac teren ogrodzono tymczasowym p\u0142otem. Wzbudzi\u0142o to obawy wielu mieszka\u0144c\u00f3w, kt\u00f3rzy prosili nas o&nbsp;zaj\u0119ci\u0119 si\u0119 t\u0105 spraw\u0105 i&nbsp;odpowied\u017a na pytanie [&hellip;]<\/p>\n","protected":false},"author":1,"featured_media":10100653,"comment_status":"open","ping_status":"open","sticky":false,"template":"","format":"standard","meta":{"_acf_changed":false,"footnotes":""},"categories":[27],"tags":[],"class_list":["post-75","post","type-post","status-publish","format-standard","has-post-thumbnail","hentry","category-27"],"acf":[],"_links":{"self":[{"href":"https:\/\/www.projektwrzesnia.pl\/wordpress\/wp-json\/wp\/v2\/posts\/75","targetHints":{"allow":["GET"]}}],"collection":[{"href":"https:\/\/www.projektwrzesnia.pl\/wordpress\/wp-json\/wp\/v2\/posts"}],"about":[{"href":"https:\/\/www.projektwrzesnia.pl\/wordpress\/wp-json\/wp\/v2\/types\/post"}],"author":[{"embeddable":true,"href":"https:\/\/www.projektwrzesnia.pl\/wordpress\/wp-json\/wp\/v2\/users\/1"}],"replies":[{"embeddable":true,"href":"https:\/\/www.projektwrzesnia.pl\/wordpress\/wp-json\/wp\/v2\/comments?post=75"}],"version-history":[{"count":1,"href":"https:\/\/www.projektwrzesnia.pl\/wordpress\/wp-json\/wp\/v2\/posts\/75\/revisions"}],"predecessor-version":[{"id":10100654,"href":"https:\/\/www.projektwrzesnia.pl\/wordpress\/wp-json\/wp\/v2\/posts\/75\/revisions\/10100654"}],"wp:featuredmedia":[{"embeddable":true,"href":"https:\/\/www.projektwrzesnia.pl\/wordpress\/wp-json\/wp\/v2\/media\/10100653"}],"wp:attachment":[{"href":"https:\/\/www.projektwrzesnia.pl\/wordpress\/wp-json\/wp\/v2\/media?parent=75"}],"wp:term":[{"taxonomy":"category","embeddable":true,"href":"https:\/\/www.projektwrzesnia.pl\/wordpress\/wp-json\/wp\/v2\/categories?post=75"},{"taxonomy":"post_tag","embeddable":true,"href":"https:\/\/www.projektwrzesnia.pl\/wordpress\/wp-json\/wp\/v2\/tags?post=75"}],"curies":[{"name":"wp","href":"https:\/\/api.w.org\/{rel}","templated":true}]}}