{"id":752,"date":"2021-05-27T20:00:00","date_gmt":"2021-05-27T20:00:00","guid":{"rendered":"http:\/\/www.projektwrzesnia.pl\/wordpress\/752\/"},"modified":"2021-05-27T20:00:00","modified_gmt":"2021-05-27T20:00:00","slug":"xxiv-sesja-rady-miejskiej","status":"publish","type":"post","link":"https:\/\/www.projektwrzesnia.pl\/wordpress\/752\/","title":{"rendered":"XXIV Sesja Rady Miejskiej"},"content":{"rendered":"<\/p>\n<p>Dzisiaj odby\u0142a si\u0119 XXIV Sesja Rady Miejskiej we Wrze\u015bni. Obrady trwa\u0142y 3 godziny. W&nbsp;ich trakcie poddano pod g\u0142osowanie ponad dwadzie\u015bcia uchwa\u0142. Cz\u0119\u015b\u0107 z&nbsp;nich to uchwa\u0142y b\u0119d\u0105ce formalno\u015bci\u0105, ale cz\u0119\u015b\u0107 to uchwa\u0142y bardzo istotne z&nbsp;punktu widzenia gminy i&nbsp;jej mieszka\u0144c\u00f3w.<\/p>\n<p>Jedna z&nbsp;wa\u017cniejszych uchwa\u0142 dotyczy\u0142a zmiany &bdquo;Studium uwarunkowa\u0144 i&nbsp;kierunk\u00f3w zagospodarowania przestrzennego Miasta i&nbsp;Gminy Wrze\u015bnia&rdquo;. Przed&nbsp;podj\u0119ciem tej uchwa\u0142y apelowali\u015bmy o&nbsp;zmian\u0119 zapis\u00f3w, kt\u00f3re w&nbsp;obecnej formie pozwalaj\u0105 rozlewa\u0107 si\u0119 zabudowie, niszcz\u0105 krajobraz, ingeruj\u0105 negatywnie w&nbsp;przyrod\u0119 i&nbsp;zabytki oraz mog\u0105 przyczyni\u0107 si\u0119 do problem\u00f3w z&nbsp;lokalizowaniem w&nbsp;przysz\u0142o\u015bci inwestycji przemys\u0142owych i&nbsp;infrastrukturalnych. Nasze apele na nic si\u0119 zda\u0142y. Kr\u00f3tko m\u00f3wi\u0105c radni zezwolili na jeszcze wi\u0119kszy chaos urbanistyczny, maj\u0105c za nic wnioski z&nbsp;bada\u0144 Komitetu Przestrzennego Zagospodarowania Kraju Polskiej Akademii Nauk.<\/p>\n<p>&nbsp;Z kolei dobr\u0105 wiadomo\u015bci\u0105 jest przeznaczenie dotacji na prace przy renowacji zabytk\u00f3w wpisanych do rejestru zabytk\u00f3w. W&nbsp;tym roku finansowe wsparcie otrzymaj\u0105 w\u0142a\u015bciciele zabytkowego dworu w&nbsp;Bia\u0142\u0119\u017cycach oraz parafia w&nbsp;Nowej Wsi Kr\u00f3lewskiej. Cieszy fakt, \u017ce kolejny obiekt nale\u017c\u0105cy do&nbsp;dziedzictwa kulturowego odzyskuje sw\u00f3j blask. Buduje to nasz\u0105 wsp\u00f3lnot\u0119 i&nbsp;umacnia lokaln\u0105 to\u017csamo\u015b\u0107.<\/p>\n<p>Rada Miejska zdecydowa\u0142a si\u0119 przyst\u0105pi\u0107 do sporz\u0105dzenia zmiany miejscowego planu zagospodarowania przestrzennego pod zabudow\u0119 us\u0142ugow\u0105 we Wrze\u015bni w&nbsp;rejonie ulic: S\u0142owackiego i&nbsp;Gen. Sikorskiego. W\u0142a\u015bciciel tego terenu chce m\u00f3c stawia\u0107 w&nbsp;tym miejscu wi\u0119ksze obiekty handlowe. Szkoda,&nbsp;\u017ce tej uchwa\u0142y nie skonsultowano z&nbsp;naszymi lokalnymi przedsi\u0119biorcami i&nbsp;handlowcami.<\/p>\n<p><img loading=\"lazy\" decoding=\"async\" style=\"float: left; margin-left: 0px; margin-right: 20px;\" title=\"- 20210528_parking.png\" src=\"http:\/\/www.projektwrzesnia.pl\/asp\/pliki\/aktualnosci2017\/20210528_parking.png\" alt=\"- 20210528_parking.png\" width=\"457\" height=\"350\"><\/p>\n<p>Kolejna dobra uchwa\u0142a to ta dotycz\u0105ca mo\u017cliwo\u015bci mobilnego p\u0142acenia za parkowanie w&nbsp;strefie p\u0142atnego parkowania. Troch\u0119 to trwa\u0142o, bo burmistrzowi zaakceptowanie tych modernizacyjnych zmian zaj\u0119\u0142o ponad 1,5 roku [<a href=\"http:\/\/www.projektwrzesnia.pl\/asp\/pl_start.asp?typ=13&amp;menu=13&amp;artykul=518&amp;akcja=artykul\" target=\"_blank\" rel=\"noopener\"><strong>tutaj<\/strong><\/a>]. Niemniej by\u0142o warto, bo w&nbsp;ko\u0144cu doczekali\u015bmy si\u0119 nowoczesnych rozwi\u0105za\u0144 w&nbsp;tym aspekcie.<\/p>\n<p>Przyj\u0119li\u015bmy r\u00f3wnie\u017c dokument o&nbsp;nazwie &bdquo;Strategii rozwi\u0105zywania problem\u00f3w spo\u0142ecznych gminy Wrze\u015bnia na lata 2021-2025&rdquo;. To dobry program przygotowany przez fachowych pracownik\u00f3w wrzesi\u0144skiego O\u015brodka Pomocy Spo\u0142ecznej. Chcieli\u015bmy, \u017ceby doda\u0107 r\u00f3wnie\u017c kilka naszych pomys\u0142\u00f3w takich jak: poszerzenie oferty sp\u0119dzania wolnego czasu poprzez program otwartych \u015bwietlic wiejskich, podejmowanie dzia\u0142a\u0144 tworzenia miejsc pod nowe place zabaw i&nbsp;remont istniej\u0105cych, podejmowanie dzia\u0142a\u0144 integruj\u0105cych nakierowanych na&nbsp;cudzoziemc\u00f3w, pomoc psychologiczna dla uczni\u00f3w i&nbsp;nauczycieli w&nbsp;szko\u0142ach, podejmowanie dzia\u0142a\u0144 edukacyjnych w\u015br\u00f3d dzieci i&nbsp;m\u0142odzie\u017cy dotycz\u0105cych konsekwencji niszczenia mienia publicznego, zintensyfikowanie patroli Policji oraz Stra\u017cy Miejskiej, w&nbsp;tym patroli pieszych, poprawa bezpiecze\u0144stwa na drogach poprzez wykonanie przej\u015b\u0107 dla pieszych w&nbsp;spos\u00f3b zapewniaj\u0105cy bezpiecze\u0144stwo, podejmowanie dzia\u0142a\u0144 edukacyjnych w\u015br\u00f3d dzieci i&nbsp;m\u0142odzie\u017cy dotycz\u0105cych przeciwdzia\u0142aniu dyskryminacji. Niestety radni Unii Wrze\u015bnian, PO i&nbsp;cz\u0119\u015b\u0107 wspieraj\u0105cych ich radnych z&nbsp;PiS, zag\u0142osowali przeciwko rozszerzeniu strategii o&nbsp;wskazane kwestie.<\/p>\n<p><img loading=\"lazy\" decoding=\"async\" style=\"float: right; margin-left: 20px; margin-right: 0px;\" title=\"- 20210527_art__11_.jpg\" src=\"http:\/\/www.projektwrzesnia.pl\/asp\/pliki\/aktualnosci2017\/20210527_art__11_.jpg\" alt=\"- 20210527_art__11_.jpg\" width=\"467\" height=\"350\"><\/p>\n<p>Kolejn\u0105 spraw\u0105 by\u0142a uchwa\u0142a dotycz\u0105ca zasad naboru mieszka\u0144 w&nbsp;ramach programu &bdquo;Mieszkanie Plus&rdquo; we Wrze\u015bni. Tutaj prosili\u015bmy o&nbsp;rozszerzenie zapis\u00f3w o&nbsp;mo\u017cliwo\u015b\u0107 \u0142atwiejszego dost\u0119pu w&nbsp;naborze dla wychowank\u00f3w dom\u00f3w dziecka, kt\u00f3rzy wchodz\u0105 w&nbsp;doros\u0142o\u015b\u0107 i&nbsp;potrzebuj\u0105 wsparcia w&nbsp;usamodzielnieniu si\u0119 i&nbsp;uzyskaniu mieszkania. I&nbsp;tym&nbsp;razem nie by\u0142o zrozumienia dla takiego rozwi\u0105zania.<\/p>\n<p>Tradycyjnie procedowali\u015bmy zmiany bud\u017cetowe. Tym razem pieni\u0105dze pop\u0142yn\u0105 mi\u0119dzy innymi do Ochotniczych Stra\u017cy Po\u017carnych (Gozdowo, Marzenina, Kaczanowo), Pa\u0144stwowej Stra\u017cy Po\u017carnej, projekt gminnego bloku na ulicy Pilskiej, remonty w&nbsp;schronisku dla zwierz\u0105t oraz inne sprawy. Uda\u0142o si\u0119 w&nbsp;ko\u0144cu znale\u017a\u0107 finanse na zakup nieruchomo\u015bci z&nbsp;pomnikiem 68. Pu\u0142ku Piechoty. Apele poskutkowa\u0142y&nbsp;&nbsp;[<a href=\"http:\/\/www.projektwrzesnia.pl\/asp\/pl_start.asp?typ=13&amp;menu=13&amp;dzialy=13&amp;akcja=artykul&amp;artykul=742\" target=\"_blank\" rel=\"noopener\"><strong>tutaj<\/strong><\/a>].<\/p>\n<p>Jako radni Projektu Wrze\u015bnia z\u0142o\u017cyli\u015bmy sze\u015b\u0107 projekt\u00f3w uchwa\u0142. Dwie wycofali\u015bmy, poniewa\u017c burmistrz sam zdecydowa\u0142 si\u0119 opracowa\u0107 proponowane rozwi\u0105zania &ndash; w&nbsp;sprawie nagr\u00f3d dla sportowc\u00f3w i&nbsp;trener\u00f3w oraz w&nbsp;sprawie aplikacji mobilnej. Pozosta\u0142e&nbsp;cztery projekty by\u0142y procedowane normalnie.<\/p>\n<p><img loading=\"lazy\" decoding=\"async\" style=\"float: left; margin-left: px; margin-right: 20px;\" title=\"- 20210527_art__12_.jpg\" src=\"http:\/\/www.projektwrzesnia.pl\/asp\/pliki\/aktualnosci2017\/20210527_art__12_.jpg\" alt=\"- 20210527_art__12_.jpg\" width=\"467\" height=\"350\"><\/p>\n<p>Jako pierwszy projekt zaproponowali\u015bmy przyst\u0105pienie do sporz\u0105dzenia tzw. uchwa\u0142y krajobrazowej, kt\u00f3ra b\u0119dzie regulowa\u0142a estetyk\u0119 w&nbsp;mie\u015bcie i&nbsp;zahamuje negatywne procesy szpecenia Wrze\u015bni. Podobne rozwi\u0105zania funkcjonuj\u0105 w&nbsp;miastach zachodnioeuropejskich, kt\u00f3re w&nbsp;ogromnej wi\u0119kszo\u015bci charakteryzuj\u0105 si\u0119 uporz\u0105dkowaniem i&nbsp;estetyczno\u015bci\u0105. Niestety radni Unii Wrze\u015bnian, PO i&nbsp;cz\u0119\u015b\u0107 wspieraj\u0105cych ich radnych z&nbsp;PiS, zag\u0142osowali przeciwko. Tym samym uchwa\u0142a przepad\u0142a, a&nbsp;w&nbsp;efekcie Wrze\u015bni\u0119 czeka dalszy brak uporz\u0105dkowania przestrzeni publicznej.<\/p>\n<p>Kolejny projekt dotyczy\u0142 zwolnienia z&nbsp;II raty op\u0142aty za korzystanie w&nbsp;2021 r. z&nbsp;zezwole\u0144 na&nbsp;sprzeda\u017c napoj\u00f3w alkoholowych przeznaczonych do spo\u017cycia w&nbsp;miejscu sprzeda\u017cy na&nbsp;terenie Miasta i&nbsp;Gminy Wrze\u015bnia. Wszyscy wiemy, \u017ce do tej pory lokale gastronomiczne i&nbsp;restauracje by\u0142y zamkni\u0119te i&nbsp;nie mog\u0142y normalnie prowadzi\u0107 dzia\u0142alno\u015bci, st\u0105d chcieli\u015bmy wspom\u00f3c tych przedsi\u0119biorc\u00f3w&nbsp;&nbsp;[<a href=\"http:\/\/www.projektwrzesnia.pl\/asp\/pl_start.asp?typ=13&amp;menu=13&amp;dzialy=13&amp;akcja=artykul&amp;artykul=719\" target=\"_blank\" rel=\"noopener\"><strong>tutaj<\/strong><\/a>]. O&nbsp;uchwale pozytywnie wypowiadali si\u0119 restauratorzy. I&nbsp;tym razem nie by\u0142o zrozumienia dla takiego rozwi\u0105zania.<\/p>\n<p>Trzecia uchwa\u0142a dotyczy\u0142a przyst\u0105pienia do sporz\u0105dzenia miejscowego planu zagospodarowania przestrzennego dla teren\u00f3w po\u0142o\u017conych we Wrze\u015bni w&nbsp;rejonie ulicy Wroc\u0142awskiej. Burmistrz nie zgadza\u0142 si\u0119 na prace planistyczne w&nbsp;rejonie ruin po dawnym Stokbecie. Szkoda, teren widocznie nadal pozostanie ruin\u0105.<\/p>\n<p><img loading=\"lazy\" decoding=\"async\" style=\"float: right; margin-left: 20px; margin-right: 0px;\" title=\"- 20210527_art__13_.jpg\" src=\"http:\/\/www.projektwrzesnia.pl\/asp\/pliki\/aktualnosci2017\/20210527_art__13_.jpg\" alt=\"- 20210527_art__13_.jpg\" width=\"450\" height=\"300\">Na szcz\u0119\u015bcie czwarta uchwa\u0142a zosta\u0142a jednog\u0142o\u015bnie zaakceptowana. Dotyczy\u0142a ona przyst\u0105pienia do programu &bdquo;Wielkopolska Karta Rodziny&rdquo;. Tym samym rodziny wielodzietne, a&nbsp;w&nbsp;przysz\u0142o\u015bci by\u0107 mo\u017ce osoby starsze i&nbsp;niepe\u0142nosprawne (bo o&nbsp;te grup ma by\u0107 rozszerzona karta) zyskaj\u0105 dodatkowe wsparcie i&nbsp;zni\u017cki. By\u0142o to drugie podej\u015bcie do&nbsp;tego tematu i&nbsp;jak si\u0119 okaza\u0142o skuteczne&nbsp;&nbsp;[<a href=\"http:\/\/www.projektwrzesnia.pl\/asp\/pl_start.asp?typ=13&amp;menu=37&amp;artykul=715&amp;akcja=artykul\" target=\"_blank\" rel=\"noopener\"><strong>tutaj<\/strong><\/a>].<\/p>\n<p>Reasumuj\u0105c mo\u017cna powiedzie\u0107, \u017ce dzisiejsza sesja obfitowa\u0142a w&nbsp;mn\u00f3stwo decyzji &ndash; zar\u00f3wno tych dobrych i&nbsp;z\u0142ych. Mamy nadziej\u0119, \u017ce jednak argumenty kt\u00f3re pad\u0142y przygotuj\u0105 grunt pod przyj\u0119cie w&nbsp;przysz\u0142o\u015bci proponowanych i&nbsp;nowoczesnych rozwi\u0105za\u0144<\/p>\n<p>&nbsp;<\/p>\n<p class=\"tytul\">WIDEO<\/p>\n<p class=\"tresc\" style=\"text-align: left;\"><iframe loading=\"lazy\" src=\"https:\/\/www.youtube.com\/embed\/0qparbgVmzc\" width=\"425\" height=\"350\" frameborder=\"0\" style=\"float: left;\"><\/iframe> &nbsp;<\/p>\n<div class=\"tresc\" style=\"text-align: left;\">&nbsp; &nbsp; &nbsp; &nbsp; &nbsp; &bull; Porz\u0105dek obrad sesji [<a href=\"http:\/\/wrzesnia.esesja.pl\/posiedzenie\/8ca1633b-9d39-4\" target=\"_blank\" rel=\"noopener\">tutaj<\/a>]<\/div>\n<div class=\"tresc\" style=\"text-align: left;\">&nbsp; &nbsp; &nbsp; &nbsp; &nbsp; &nbsp; Link do kana\u0142u Urz\u0119du Miasta i&nbsp;Gminy Wrze\u015bnia [<a href=\"https:\/\/www.youtube.com\/user\/umigwrzesnia\/videos?view=2&amp;flow=grid\" target=\"_blank\" rel=\"noopener\">tutaj<\/a>]&nbsp; &nbsp; &nbsp; &nbsp; &nbsp; &nbsp; &nbsp; &nbsp; &nbsp; &nbsp; &nbsp; &nbsp; &nbsp; &nbsp; &nbsp; &nbsp; &nbsp; &nbsp; &nbsp; &nbsp; &nbsp; &nbsp; &nbsp; &nbsp; &nbsp; &nbsp; &nbsp; &nbsp; &nbsp; &nbsp; &nbsp; &nbsp; &nbsp; &nbsp;<\/div>\n<div class=\"tresc\" style=\"text-align: left;\">&nbsp;<\/div>\n<div class=\"tresc\" style=\"text-align: left;\">&nbsp;<\/div>\n<div class=\"tresc\" style=\"text-align: left;\">&nbsp;<\/div>\n<div class=\"tresc\" style=\"text-align: left;\">&nbsp;<\/div>\n<div class=\"tresc\" style=\"text-align: left;\">&nbsp;<\/div>\n<div class=\"tresc\" style=\"text-align: left;\">&nbsp;<\/div>\n<div class=\"tresc\" style=\"text-align: left;\">&nbsp;<\/div>\n<div class=\"tresc\" style=\"text-align: left;\">&nbsp; &nbsp; &nbsp; &nbsp; &nbsp;&nbsp;<\/div>\n<p>&nbsp;<\/p>\n","protected":false},"excerpt":{"rendered":"<p>Dzisiaj odby\u0142a si\u0119 XXIV Sesja Rady Miejskiej we Wrze\u015bni. Obrady trwa\u0142y 3 godziny. W&nbsp;ich trakcie poddano pod g\u0142osowanie ponad dwadzie\u015bcia uchwa\u0142. Cz\u0119\u015b\u0107 z&nbsp;nich to uchwa\u0142y b\u0119d\u0105ce formalno\u015bci\u0105, ale cz\u0119\u015b\u0107 to uchwa\u0142y bardzo istotne z&nbsp;punktu widzenia gminy i&nbsp;jej mieszka\u0144c\u00f3w. Jedna z&nbsp;wa\u017cniejszych uchwa\u0142 dotyczy\u0142a zmiany &bdquo;Studium uwarunkowa\u0144 i&nbsp;kierunk\u00f3w zagospodarowania przestrzennego Miasta i&nbsp;Gminy Wrze\u015bnia&rdquo;. Przed&nbsp;podj\u0119ciem tej uchwa\u0142y apelowali\u015bmy [&hellip;]<\/p>\n","protected":false},"author":1,"featured_media":10764,"comment_status":"open","ping_status":"open","sticky":false,"template":"","format":"standard","meta":{"_acf_changed":false,"footnotes":""},"categories":[15],"tags":[],"class_list":["post-752","post","type-post","status-publish","format-standard","has-post-thumbnail","hentry","category-15"],"acf":[],"_links":{"self":[{"href":"https:\/\/www.projektwrzesnia.pl\/wordpress\/wp-json\/wp\/v2\/posts\/752","targetHints":{"allow":["GET"]}}],"collection":[{"href":"https:\/\/www.projektwrzesnia.pl\/wordpress\/wp-json\/wp\/v2\/posts"}],"about":[{"href":"https:\/\/www.projektwrzesnia.pl\/wordpress\/wp-json\/wp\/v2\/types\/post"}],"author":[{"embeddable":true,"href":"https:\/\/www.projektwrzesnia.pl\/wordpress\/wp-json\/wp\/v2\/users\/1"}],"replies":[{"embeddable":true,"href":"https:\/\/www.projektwrzesnia.pl\/wordpress\/wp-json\/wp\/v2\/comments?post=752"}],"version-history":[{"count":0,"href":"https:\/\/www.projektwrzesnia.pl\/wordpress\/wp-json\/wp\/v2\/posts\/752\/revisions"}],"wp:featuredmedia":[{"embeddable":true,"href":"https:\/\/www.projektwrzesnia.pl\/wordpress\/wp-json\/wp\/v2\/media\/10764"}],"wp:attachment":[{"href":"https:\/\/www.projektwrzesnia.pl\/wordpress\/wp-json\/wp\/v2\/media?parent=752"}],"wp:term":[{"taxonomy":"category","embeddable":true,"href":"https:\/\/www.projektwrzesnia.pl\/wordpress\/wp-json\/wp\/v2\/categories?post=752"},{"taxonomy":"post_tag","embeddable":true,"href":"https:\/\/www.projektwrzesnia.pl\/wordpress\/wp-json\/wp\/v2\/tags?post=752"}],"curies":[{"name":"wp","href":"https:\/\/api.w.org\/{rel}","templated":true}]}}