{"id":753,"date":"2021-06-01T20:00:00","date_gmt":"2021-06-01T20:00:00","guid":{"rendered":"http:\/\/www.projektwrzesnia.pl\/wordpress\/753\/"},"modified":"2021-06-01T20:00:00","modified_gmt":"2021-06-01T20:00:00","slug":"walbrzyska-specjalna-strefa-ekonomiczna-jeszcze-blizej-wrzesni","status":"publish","type":"post","link":"https:\/\/www.projektwrzesnia.pl\/wordpress\/753\/","title":{"rendered":"Wa\u0142brzyska Specjalna Strefa Ekonomiczna jeszcze bli\u017cej Wrze\u015bni"},"content":{"rendered":"<p>Przedsi\u0119biorcy z&nbsp;Wrze\u015bni i&nbsp;powiatu powinni mie\u0107 stworzon\u0105 mo\u017cliwo\u015b\u0107 \u0142atwiejszego korzystania z&nbsp;mo\u017cliwo\u015bci, kt\u00f3re daje ustawa o&nbsp;wspieraniu nowych inwestycji oraz przynale\u017cno\u015bci powiatu do Wa\u0142brzyskiej Specjalnej Strefy Ekonomicznej. Ca\u0142y czas proponujemy punkt wsparcia dla lokalnych przedsi\u0119biorc\u00f3w i&nbsp;z tym pomys\u0142em wyst\u0105pili\u015bmy do w\u0142adz miejskich i&nbsp;powiatowych [<a href=\"http:\/\/www.projektwrzesnia.pl\/asp\/pl_start.asp?typ=13&amp;menu=13&amp;artykul=501&amp;akcja=artykul\" target=\"_blank\" rel=\"noopener\"><strong>tutaj<\/strong><\/a>]. Dodatkowo zwr\u00f3cili\u015bmy si\u0119 o&nbsp;dzia\u0142ania do Wa\u0142brzyskiej Specjalnej Strefy Ekonomicznej, kt\u00f3rej podlega teren powiatu wrzesi\u0144skiego.<\/p>\n<p>W odpowiedzi Wa\u0142brzyska Specjalna Strefa Ekonomiczna wskaza\u0142a, \u017ce w&nbsp;najbli\u017cszym czasie wzmocni zaanga\u017cowanie swoich pracownik\u00f3w i&nbsp;obejmie tereny w&nbsp;Wielkopolsce dodatkowym wsparciem. Aktualnie prowadzona jest kampania informacyjna skierowana do lokalnych samorz\u0105d\u00f3w, zach\u0119caj\u0105ca do zacie\u015bnienia wsp\u00f3\u0142pracy pomi\u0119dzy gminami i&nbsp;stref\u0105, polegaj\u0105ca na zawieraniu porozumie\u0144, na mocy kt\u00f3rych strefa b\u0119dzie m.in. promowa\u0142a nieruchomo\u015bci inwestycyjne przeznaczone w&nbsp;miejscowych planach zagospodarowania przestrzennego pod aktywno\u015b\u0107 gospodarcz\u0105. Strefa planuje r\u00f3wnie\u017c organizacj\u0119 spotka\u0144 z&nbsp;przedstawicielami samorz\u0105d\u00f3w, w&nbsp;celu budowania dobrych relacji, wys\u0142uchania potrzeb oraz przeanalizowania mo\u017cliwo\u015bci wsparcia.<\/p>\n<p>Samorz\u0105dy z&nbsp;terenu powiatu wrzesi\u0144skiego powinny mo\u017cliwie maksymalnie korzysta\u0107 z&nbsp;mo\u017cliwo\u015bci jakie daje Wa\u0142brzyska Specjalna Strefa Ekonomiczna, kt\u00f3ra jest jedn\u0105 z&nbsp;najlepszych i&nbsp;najpr\u0119\u017cniej rozwijaj\u0105cych si\u0119 stref na terenie Polski. Strefa prowadzi ambitne programy, szkolenia z&nbsp;funduszy unijnych, wszelakich zwolnie\u0144 podatkowych oraz pomocy &bdquo;de minimis&rdquo;.<\/p>\n","protected":false},"excerpt":{"rendered":"<p>Przedsi\u0119biorcy z&nbsp;Wrze\u015bni i&nbsp;powiatu powinni mie\u0107 stworzon\u0105 mo\u017cliwo\u015b\u0107 \u0142atwiejszego korzystania z&nbsp;mo\u017cliwo\u015bci, kt\u00f3re daje ustawa o&nbsp;wspieraniu nowych inwestycji oraz przynale\u017cno\u015bci powiatu do Wa\u0142brzyskiej Specjalnej Strefy Ekonomicznej. Ca\u0142y czas proponujemy punkt wsparcia dla lokalnych przedsi\u0119biorc\u00f3w i&nbsp;z tym pomys\u0142em wyst\u0105pili\u015bmy do w\u0142adz miejskich i&nbsp;powiatowych [tutaj]. Dodatkowo zwr\u00f3cili\u015bmy si\u0119 o&nbsp;dzia\u0142ania do Wa\u0142brzyskiej Specjalnej Strefy Ekonomicznej, kt\u00f3rej podlega teren powiatu wrzesi\u0144skiego. [&hellip;]<\/p>\n","protected":false},"author":1,"featured_media":10753,"comment_status":"open","ping_status":"open","sticky":false,"template":"","format":"standard","meta":{"_acf_changed":false,"footnotes":""},"categories":[1],"tags":[],"class_list":["post-753","post","type-post","status-publish","format-standard","has-post-thumbnail","hentry","category-uncategorized"],"acf":[],"_links":{"self":[{"href":"https:\/\/www.projektwrzesnia.pl\/wordpress\/wp-json\/wp\/v2\/posts\/753","targetHints":{"allow":["GET"]}}],"collection":[{"href":"https:\/\/www.projektwrzesnia.pl\/wordpress\/wp-json\/wp\/v2\/posts"}],"about":[{"href":"https:\/\/www.projektwrzesnia.pl\/wordpress\/wp-json\/wp\/v2\/types\/post"}],"author":[{"embeddable":true,"href":"https:\/\/www.projektwrzesnia.pl\/wordpress\/wp-json\/wp\/v2\/users\/1"}],"replies":[{"embeddable":true,"href":"https:\/\/www.projektwrzesnia.pl\/wordpress\/wp-json\/wp\/v2\/comments?post=753"}],"version-history":[{"count":0,"href":"https:\/\/www.projektwrzesnia.pl\/wordpress\/wp-json\/wp\/v2\/posts\/753\/revisions"}],"wp:featuredmedia":[{"embeddable":true,"href":"https:\/\/www.projektwrzesnia.pl\/wordpress\/wp-json\/wp\/v2\/media\/10753"}],"wp:attachment":[{"href":"https:\/\/www.projektwrzesnia.pl\/wordpress\/wp-json\/wp\/v2\/media?parent=753"}],"wp:term":[{"taxonomy":"category","embeddable":true,"href":"https:\/\/www.projektwrzesnia.pl\/wordpress\/wp-json\/wp\/v2\/categories?post=753"},{"taxonomy":"post_tag","embeddable":true,"href":"https:\/\/www.projektwrzesnia.pl\/wordpress\/wp-json\/wp\/v2\/tags?post=753"}],"curies":[{"name":"wp","href":"https:\/\/api.w.org\/{rel}","templated":true}]}}