{"id":76,"date":"2016-12-27T20:00:00","date_gmt":"2016-12-27T20:00:00","guid":{"rendered":"http:\/\/www.projektwrzesnia.pl\/wordpress\/76\/"},"modified":"2016-12-27T20:00:00","modified_gmt":"2016-12-27T20:00:00","slug":"wrzesnia-i-kultura","status":"publish","type":"post","link":"https:\/\/www.projektwrzesnia.pl\/wordpress\/76\/","title":{"rendered":"Wrze\u015bnia i\u00a0kultura"},"content":{"rendered":"<p>W opublikowanym kilka miesi\u0119cy temu &#8222;<a href=\"http:\/\/www.wspolnota.org.pl\/fileadmin\/user_upload\/Ranking_-_Wydatki_na_kulture_male.pdf\" target=\"_blank\" rel=\"noopener\">Rankingu wydatk\u00f3w na kultur\u0119 w&nbsp;latach 2010&ndash;2014<\/a>&#8221; autorzy zbadali finansowanie dzia\u0142a\u0144 i&nbsp;inwestycji kulturalnych w&nbsp;ka\u017cdej gmienie w&nbsp;Polsce. Uzyskane dane dotycz\u0105ce wydatk\u00f3w na kultur\u0119 podzielili przez liczb\u0119 mieszka\u0144c\u00f3w poszczeg\u00f3lnych gmin. Tak otrzymane wyniki mo\u017cna by\u0142o zaprezentowa\u0107 w&nbsp;rankingu i&nbsp;por\u00f3wna\u0107 ka\u017cd\u0105 z&nbsp;jednostek samorz\u0105dowych.&nbsp;<\/p>\n<p>W poni\u017cszej tabeli por\u00f3wnalismy wydatki na kultur\u0119 w&nbsp;gminach powiatu wrzesi\u0144skiego i&nbsp;w&nbsp;gminach: \u015aroda Wielkopolska, Gniezno, S\u0142upca, Pleszew i&nbsp;Jarocin.<\/p>\n<p><a href=\"https:\/\/www.projektwrzesnia.pl\/wordpress\/wp-content\/uploads\/2023\/03\/20161227_wrzesnia_kultura_tabela.jpg\" target=\"_blank\" rel=\"noopener\"><\/a><\/p>\n<p>Wydatki Gminy Wrze\u015bnia s\u0105 na bardzo niskim poziomie. \u015amia\u0142o mo\u017cna powiedzie\u0107, \u017ce kultura we Wrze\u015bni jest niedofinansowana. Kultura to podstawa \u017cycia spo\u0142ecznego, wi\u0119c mo\u017ce warto jednak zwi\u0119kszy\u0107 wsparcie na kultur\u0119?<\/p>\n","protected":false},"excerpt":{"rendered":"<p>W opublikowanym kilka miesi\u0119cy temu &#8222;Rankingu wydatk\u00f3w na kultur\u0119 w&nbsp;latach 2010&ndash;2014&#8221; autorzy zbadali finansowanie dzia\u0142a\u0144 i&nbsp;inwestycji kulturalnych w&nbsp;ka\u017cdej gmienie w&nbsp;Polsce. Uzyskane dane dotycz\u0105ce wydatk\u00f3w na kultur\u0119 podzielili przez liczb\u0119 mieszka\u0144c\u00f3w poszczeg\u00f3lnych gmin. Tak otrzymane wyniki mo\u017cna by\u0142o zaprezentowa\u0107 w&nbsp;rankingu i&nbsp;por\u00f3wna\u0107 ka\u017cd\u0105 z&nbsp;jednostek samorz\u0105dowych.&nbsp; W poni\u017cszej tabeli por\u00f3wnalismy wydatki na kultur\u0119 w&nbsp;gminach powiatu wrzesi\u0144skiego i&nbsp;w&nbsp;gminach: \u015aroda [&hellip;]<\/p>\n","protected":false},"author":1,"featured_media":1076,"comment_status":"open","ping_status":"open","sticky":false,"template":"","format":"standard","meta":{"_acf_changed":false,"footnotes":""},"categories":[1],"tags":[],"class_list":["post-76","post","type-post","status-publish","format-standard","has-post-thumbnail","hentry","category-uncategorized"],"acf":[],"_links":{"self":[{"href":"https:\/\/www.projektwrzesnia.pl\/wordpress\/wp-json\/wp\/v2\/posts\/76","targetHints":{"allow":["GET"]}}],"collection":[{"href":"https:\/\/www.projektwrzesnia.pl\/wordpress\/wp-json\/wp\/v2\/posts"}],"about":[{"href":"https:\/\/www.projektwrzesnia.pl\/wordpress\/wp-json\/wp\/v2\/types\/post"}],"author":[{"embeddable":true,"href":"https:\/\/www.projektwrzesnia.pl\/wordpress\/wp-json\/wp\/v2\/users\/1"}],"replies":[{"embeddable":true,"href":"https:\/\/www.projektwrzesnia.pl\/wordpress\/wp-json\/wp\/v2\/comments?post=76"}],"version-history":[{"count":0,"href":"https:\/\/www.projektwrzesnia.pl\/wordpress\/wp-json\/wp\/v2\/posts\/76\/revisions"}],"wp:featuredmedia":[{"embeddable":true,"href":"https:\/\/www.projektwrzesnia.pl\/wordpress\/wp-json\/wp\/v2\/media\/1076"}],"wp:attachment":[{"href":"https:\/\/www.projektwrzesnia.pl\/wordpress\/wp-json\/wp\/v2\/media?parent=76"}],"wp:term":[{"taxonomy":"category","embeddable":true,"href":"https:\/\/www.projektwrzesnia.pl\/wordpress\/wp-json\/wp\/v2\/categories?post=76"},{"taxonomy":"post_tag","embeddable":true,"href":"https:\/\/www.projektwrzesnia.pl\/wordpress\/wp-json\/wp\/v2\/tags?post=76"}],"curies":[{"name":"wp","href":"https:\/\/api.w.org\/{rel}","templated":true}]}}