{"id":764,"date":"2021-06-30T20:00:00","date_gmt":"2021-06-30T20:00:00","guid":{"rendered":"http:\/\/www.projektwrzesnia.pl\/wordpress\/764\/"},"modified":"2021-06-30T20:00:00","modified_gmt":"2021-06-30T20:00:00","slug":"xxv-sesja-rady-miejskiej-we-wrzesni","status":"publish","type":"post","link":"https:\/\/www.projektwrzesnia.pl\/wordpress\/764\/","title":{"rendered":"XXV Sesja Rady Miejskiej we Wrze\u015bni"},"content":{"rendered":"<\/p>\n<p>Tradycyjnie wraz z&nbsp;ko\u0144cem czerwca odbywaj\u0105 si\u0119 w&nbsp;polskich samorz\u0105dach debaty o&nbsp;stanie gminy (powiatu, wojew\u00f3dztwa) po\u0142\u0105czone z&nbsp;udzieleniem absolutorium za wykonanie zesz\u0142orocznego bud\u017cetu. Nie inaczej wygl\u0105da to we Wrze\u015bni.<\/p>\n<p>Wszystko to odby\u0142o si\u0119 w&nbsp;ramach XXV Sesji Rady Miejskiej. Zacz\u0119\u0142o si\u0119 od debaty nad stanem Miasta i&nbsp;Gminy Wrze\u015bnia. Odnie\u015bli\u015bmy si\u0119 do wszystkich mankament\u00f3w, w&nbsp;szczeg\u00f3lno\u015bci brak\u00f3w dobrej nawierzchni dr\u00f3g (Zamys\u0142owskiego, Kosynier\u00f3w, Kili\u0144skiego, Piast\u00f3w, Owocowej wraz z&nbsp;okolicznymi, So\u0142tysiaka, drogi przy ul. Bohater\u00f3w Monte Cassino, czy na tzw. Osiedlu Brylantowym), braku wsparcia dla lokalnych przedsi\u0119biorc\u00f3w, chaosu przestrzennego, niewystarczaj\u0105cej ochrony \u015brodowiska i&nbsp;wsparcia kultury.&nbsp;<\/p>\n<p>Z kolei pochwalili\u015bmy wykonane inwestycje, Warsztaty Terapii Zaj\u0119ciowej i&nbsp;sprawy pomocy spo\u0142ecznej. Reasumuj\u0105c wszystko zdecydowali\u015bmy si\u0119 nie udzieli\u0107 burmistrzowi wotum zaufania oraz absolutorium. I&nbsp;to nie tylko z&nbsp;powod\u00f3w wy\u017cej wymienionych, ale r\u00f3wnie\u017c dlatego ze&nbsp;wszystkie wnioski radnych niezale\u017cnych&nbsp; i&nbsp;klub radnych Projekt Wrze\u015bnia &#8211; czyli nie pochodz\u0105cych z&nbsp;PO PiS i&nbsp;Unii Wrze\u015bnian s\u0105 odrzucane. Wychodzi na to, ze&nbsp;Wrze\u015bnia to w\u0142asno\u015b\u0107 tylko jednej grupy. Nie tak wygl\u0105da to w&nbsp;innych o\u015bciennych samorz\u0105dach.<\/p>\n<p>&nbsp;Poza tym podj\u0119li\u015bmy uchwa\u0142y o<\/p>\n<p>&#8211; stypendiach i&nbsp;nagrodach sportowych dla zawodnik\u00f3w i&nbsp;trener\u00f3w,<\/p>\n<p>&#8211; wyasygnowaniu \u015brodk\u00f3w finansowych na remont fasady Muzeum Regionalnego im. Dzieci Wrzesi\u0144skich,<\/p>\n<p>-przekazaniu nieruchomo\u015bci dla PWiK celem realizacji nowego uj\u0119cia wody.<\/p>\n<p>&nbsp;W szczeg\u00f3lno\u015bci cieszy podj\u0119cie uchwa\u0142y dotycz\u0105cej wsparcia dla sportowc\u00f3w. Do tej pory nie by\u0142o regulacji odnosz\u0105cych si\u0119 wprost do trener\u00f3w, a&nbsp;teraz ju\u017c jest. Jak wida\u0107, z\u0142o\u017cony przez nas w&nbsp;tej sprawie projekt uchwa\u0142y zmobilizowa\u0142 ratusz do dzia\u0142ania, a&nbsp;radni jednog\u0142o\u015bnie zag\u0142osowali za uchwa\u0142\u0105 przygotowan\u0105 przez burmistrza. To dobry krok w&nbsp;kierunku docenienia pracy trener\u00f3w i&nbsp;ich wychowank\u00f3w.<\/p>\n<p>&nbsp;<\/p>\n<p class=\"tytul\">WIDEO<\/p>\n<p class=\"tresc\" style=\"text-align: left;\"><iframe loading=\"lazy\" src=\"https:\/\/www.youtube.com\/embed\/A9_UGEtjBpo\" width=\"425\" height=\"350\" frameborder=\"0\" style=\"float: left;\"><\/iframe> &nbsp;<\/p>\n<div class=\"tresc\" style=\"text-align: left;\">&nbsp; &nbsp; &nbsp; &nbsp; &nbsp; &bull; Porz\u0105dek obrad sesji [<a href=\"http:\/\/wrzesnia.esesja.pl\/posiedzenie\/4ed74889-ebcd-4\" target=\"_blank\" rel=\"noopener\">tutaj<\/a>]<\/div>\n<div class=\"tresc\" style=\"text-align: left;\">&nbsp; &nbsp; &nbsp; &nbsp; &nbsp; &nbsp; Link do kana\u0142u Urz\u0119du Miasta i&nbsp;Gminy Wrze\u015bnia [<a href=\"https:\/\/www.youtube.com\/user\/umigwrzesnia\/videos?view=2&amp;flow=grid\" target=\"_blank\" rel=\"noopener\">tutaj<\/a>]&nbsp; &nbsp; &nbsp; &nbsp; &nbsp; &nbsp; &nbsp; &nbsp; &nbsp; &nbsp; &nbsp; &nbsp; &nbsp; &nbsp; &nbsp; &nbsp; &nbsp; &nbsp; &nbsp; &nbsp; &nbsp; &nbsp; &nbsp; &nbsp; &nbsp; &nbsp; &nbsp; &nbsp; &nbsp; &nbsp; &nbsp; &nbsp; &nbsp; &nbsp;<\/div>\n<div class=\"tresc\" style=\"text-align: left;\">&nbsp;<\/div>\n<div class=\"tresc\" style=\"text-align: left;\">&nbsp;<\/div>\n<div class=\"tresc\" style=\"text-align: left;\">&nbsp;<\/div>\n<div class=\"tresc\" style=\"text-align: left;\">&nbsp;<\/div>\n<div class=\"tresc\" style=\"text-align: left;\">&nbsp;<\/div>\n<div class=\"tresc\" style=\"text-align: left;\">&nbsp;<\/div>\n<div class=\"tresc\" style=\"text-align: left;\">&nbsp;<\/div>\n<div class=\"tresc\" style=\"text-align: left;\">&nbsp; &nbsp; &nbsp; &nbsp; &nbsp;&nbsp;<\/div>\n<p>&nbsp;<\/p>\n","protected":false},"excerpt":{"rendered":"<p>Tradycyjnie wraz z&nbsp;ko\u0144cem czerwca odbywaj\u0105 si\u0119 w&nbsp;polskich samorz\u0105dach debaty o&nbsp;stanie gminy (powiatu, wojew\u00f3dztwa) po\u0142\u0105czone z&nbsp;udzieleniem absolutorium za wykonanie zesz\u0142orocznego bud\u017cetu. Nie inaczej wygl\u0105da to we Wrze\u015bni. Wszystko to odby\u0142o si\u0119 w&nbsp;ramach XXV Sesji Rady Miejskiej. Zacz\u0119\u0142o si\u0119 od debaty nad stanem Miasta i&nbsp;Gminy Wrze\u015bnia. Odnie\u015bli\u015bmy si\u0119 do wszystkich mankament\u00f3w, w&nbsp;szczeg\u00f3lno\u015bci brak\u00f3w dobrej nawierzchni dr\u00f3g (Zamys\u0142owskiego, [&hellip;]<\/p>\n","protected":false},"author":1,"featured_media":10764,"comment_status":"open","ping_status":"open","sticky":false,"template":"","format":"standard","meta":{"_acf_changed":false,"footnotes":""},"categories":[15],"tags":[],"class_list":["post-764","post","type-post","status-publish","format-standard","has-post-thumbnail","hentry","category-15"],"acf":[],"_links":{"self":[{"href":"https:\/\/www.projektwrzesnia.pl\/wordpress\/wp-json\/wp\/v2\/posts\/764","targetHints":{"allow":["GET"]}}],"collection":[{"href":"https:\/\/www.projektwrzesnia.pl\/wordpress\/wp-json\/wp\/v2\/posts"}],"about":[{"href":"https:\/\/www.projektwrzesnia.pl\/wordpress\/wp-json\/wp\/v2\/types\/post"}],"author":[{"embeddable":true,"href":"https:\/\/www.projektwrzesnia.pl\/wordpress\/wp-json\/wp\/v2\/users\/1"}],"replies":[{"embeddable":true,"href":"https:\/\/www.projektwrzesnia.pl\/wordpress\/wp-json\/wp\/v2\/comments?post=764"}],"version-history":[{"count":0,"href":"https:\/\/www.projektwrzesnia.pl\/wordpress\/wp-json\/wp\/v2\/posts\/764\/revisions"}],"wp:featuredmedia":[{"embeddable":true,"href":"https:\/\/www.projektwrzesnia.pl\/wordpress\/wp-json\/wp\/v2\/media\/10764"}],"wp:attachment":[{"href":"https:\/\/www.projektwrzesnia.pl\/wordpress\/wp-json\/wp\/v2\/media?parent=764"}],"wp:term":[{"taxonomy":"category","embeddable":true,"href":"https:\/\/www.projektwrzesnia.pl\/wordpress\/wp-json\/wp\/v2\/categories?post=764"},{"taxonomy":"post_tag","embeddable":true,"href":"https:\/\/www.projektwrzesnia.pl\/wordpress\/wp-json\/wp\/v2\/tags?post=764"}],"curies":[{"name":"wp","href":"https:\/\/api.w.org\/{rel}","templated":true}]}}