{"id":765,"date":"2021-07-02T20:00:00","date_gmt":"2021-07-02T20:00:00","guid":{"rendered":"http:\/\/www.projektwrzesnia.pl\/wordpress\/blog\/2021\/07\/02\/starosta-dionizy-jasniewicz\/"},"modified":"2021-07-02T20:00:00","modified_gmt":"2021-07-02T20:00:00","slug":"starosta-dionizy-jasniewicz","status":"publish","type":"post","link":"https:\/\/www.projektwrzesnia.pl\/wordpress\/765\/","title":{"rendered":"Starosta Dionizy Ja\u015bniewicz"},"content":{"rendered":"<p>&nbsp;<em>Kornel Tomczak<\/em><em>&#8211; skarbnik Stowarzyszenia Projekt Wrze\u015bnia<\/em><\/p>\n<p>Starosta Dionizy Ja\u015bniewicz ostatnio nie pr\u00f3\u017cnuje, przynajmniej je\u015bli chodzi o&nbsp;dzia\u0142alno\u015b\u0107 publicystyczn\u0105. Drobne manipulacje j\u0119zykowe to nic, bior\u0105c pod uwag\u0119 fakt, \u017ce swoje felietony, w&nbsp;kt\u00f3rych atakuje r\u00f3\u017cne osoby, publikuje za publiczne pieni\u0105dze w&nbsp;Przegl\u0105dzie Powiatowym.<br \/>Ostatnio uczyni\u0142 nam zarzut, z&nbsp;tego \u017ce w&nbsp;czasie pierwszej fali pandemii kupili\u015bmy dla Szpitala Powiatowego pulsoksymetr &bdquo;za 100 z\u0142&rdquo; i&nbsp;o tym napisali\u015bmy. Prawda jest jednak taka, \u017ce nie tylko pulsoksymetr kosztowa\u0142 o&nbsp;wiele wi\u0119cej (dok\u0142adnie 2899,80 z\u0142), ale \u017ce Szpitalowi przekazali\u015bmy sprz\u0119t o&nbsp;\u0142\u0105cznej warto\u015bci oko\u0142o 20 tysi\u0119cy z\u0142otych. Jak \u0142atwo policzy\u0107, Szpital otrzyma\u0142 wi\u0119c 200 razy wi\u0119cej ni\u017c pisze starosta. Je\u015bli w&nbsp;takim stylu starosta odpisywa\u0142 firmom wyrzuconym z&nbsp;placu budowy powiatowej lecznicy, to nie dziwi, \u017ce sprawy s\u0105dowe przegra\u0142 i&nbsp;teraz trzeba zap\u0142aci\u0107 milionowe odszkodowania, a&nbsp;szpital znalaz\u0142 si\u0119 w&nbsp;restrukturyzacji.<br \/>Staro\u015bcie warto jeszcze przypomnie\u0107, \u017ce na Szpital przekazali\u015bmy r\u00f3wnie\u017c diety radnych i&nbsp;so\u0142tysa &ndash; ca\u0142e diety, a&nbsp;nie tylko cz\u0119\u015b\u0107. Przede wszystkim starosta powinien zainteresowa\u0107 si\u0119 jednak problemami szpitala powiatowego: wynagrodzeniami piel\u0119gniarek, warunkami pacjent\u00f3w, czy g\u0142o\u015bnymi b\u0142\u0119dami, jak np. zaszyciem fragmentu \u0142a\u0144cucha pi\u0142y mechanicznej w&nbsp;szyi pacjenta&hellip;<\/p>\n<p><em>Pierwotnie felieton zosta\u0142 opublikowany w&nbsp;tygodniku &#8222;Wiadomo\u015bci Wrzesi\u0144skie&#8221; oraz na portalu <a href=\"http:\/\/www.wrzesnia.info.pl\" target=\"_blank\" rel=\"noopener\">www.wrzesnia.info.pl<\/a>&nbsp;<\/em><\/p>\n<p>&nbsp;<\/p>\n","protected":false},"excerpt":{"rendered":"<p>&nbsp;Kornel Tomczak&#8211; skarbnik Stowarzyszenia Projekt Wrze\u015bnia Starosta Dionizy Ja\u015bniewicz ostatnio nie pr\u00f3\u017cnuje, przynajmniej je\u015bli chodzi o&nbsp;dzia\u0142alno\u015b\u0107 publicystyczn\u0105. Drobne manipulacje j\u0119zykowe to nic, bior\u0105c pod uwag\u0119 fakt, \u017ce swoje felietony, w&nbsp;kt\u00f3rych atakuje r\u00f3\u017cne osoby, publikuje za publiczne pieni\u0105dze w&nbsp;Przegl\u0105dzie Powiatowym.Ostatnio uczyni\u0142 nam zarzut, z&nbsp;tego \u017ce w&nbsp;czasie pierwszej fali pandemii kupili\u015bmy dla Szpitala Powiatowego pulsoksymetr &bdquo;za 100 [&hellip;]<\/p>\n","protected":false},"author":1,"featured_media":10853,"comment_status":"open","ping_status":"open","sticky":false,"template":"","format":"standard","meta":{"_acf_changed":false,"footnotes":""},"categories":[41],"tags":[],"class_list":["post-765","post","type-post","status-publish","format-standard","has-post-thumbnail","hentry","category-41"],"acf":[],"_links":{"self":[{"href":"https:\/\/www.projektwrzesnia.pl\/wordpress\/wp-json\/wp\/v2\/posts\/765","targetHints":{"allow":["GET"]}}],"collection":[{"href":"https:\/\/www.projektwrzesnia.pl\/wordpress\/wp-json\/wp\/v2\/posts"}],"about":[{"href":"https:\/\/www.projektwrzesnia.pl\/wordpress\/wp-json\/wp\/v2\/types\/post"}],"author":[{"embeddable":true,"href":"https:\/\/www.projektwrzesnia.pl\/wordpress\/wp-json\/wp\/v2\/users\/1"}],"replies":[{"embeddable":true,"href":"https:\/\/www.projektwrzesnia.pl\/wordpress\/wp-json\/wp\/v2\/comments?post=765"}],"version-history":[{"count":0,"href":"https:\/\/www.projektwrzesnia.pl\/wordpress\/wp-json\/wp\/v2\/posts\/765\/revisions"}],"wp:featuredmedia":[{"embeddable":true,"href":"https:\/\/www.projektwrzesnia.pl\/wordpress\/wp-json\/wp\/v2\/media\/10853"}],"wp:attachment":[{"href":"https:\/\/www.projektwrzesnia.pl\/wordpress\/wp-json\/wp\/v2\/media?parent=765"}],"wp:term":[{"taxonomy":"category","embeddable":true,"href":"https:\/\/www.projektwrzesnia.pl\/wordpress\/wp-json\/wp\/v2\/categories?post=765"},{"taxonomy":"post_tag","embeddable":true,"href":"https:\/\/www.projektwrzesnia.pl\/wordpress\/wp-json\/wp\/v2\/tags?post=765"}],"curies":[{"name":"wp","href":"https:\/\/api.w.org\/{rel}","templated":true}]}}