{"id":772,"date":"2021-07-30T20:00:00","date_gmt":"2021-07-30T20:00:00","guid":{"rendered":"http:\/\/www.projektwrzesnia.pl\/wordpress\/blog\/2021\/07\/30\/co-jakis-czas-slyszymy-o-dzialaniach-oddolnych-i-spolecznych-ktore-kazdemu-sa-bliskie-bo-rozwiazuja-problemy-wydawaloby-sie-nierozwiazywalne\/"},"modified":"2021-07-30T20:00:00","modified_gmt":"2021-07-30T20:00:00","slug":"co-jakis-czas-slyszymy-o-dzialaniach-oddolnych-i-spolecznych-ktore-kazdemu-sa-bliskie-bo-rozwiazuja-problemy-wydawaloby-sie-nierozwiazywalne","status":"publish","type":"post","link":"https:\/\/www.projektwrzesnia.pl\/wordpress\/772\/","title":{"rendered":"Co jaki\u015b czas s\u0142yszymy o\u00a0dzia\u0142aniach oddolnych i\u00a0spo\u0142ecznych, kt\u00f3re ka\u017cdemu s\u0105 bliskie, bo rozwi\u0105zuj\u0105 problemy, wydawa\u0142oby si\u0119 nierozwi\u0105zywalne"},"content":{"rendered":"<p>&nbsp;<\/p>\n<p><span><span>Co jaki\u015b czas s\u0142yszymy o&nbsp;dzia\u0142aniach oddolnych i&nbsp;spo\u0142ecznych, kt\u00f3re ka\u017cdemu s\u0105 bliskie, bo rozwi\u0105zuj\u0105 problemy, wydawa\u0142oby si\u0119 nierozwi\u0105zywalne. Ostatnio mogli\u015bmy us\u0142ysze\u0107 o&nbsp;rowerowych dzia\u0142aniach w&nbsp;Gnie\u017anie. Grupa spo\u0142ecznik\u00f3w &#8211; wspierana przez w\u00f3jta Niechanowa &ndash; w&nbsp;ci\u0105gu dw\u00f3ch miesi\u0119cy pieczo\u0142owicie odtworzy\u0142a odcinek \u015bcie\u017cki rowerowej z&nbsp;Cielimowa do Gniezna. Rowerzy\u015bci uporz\u0105dkowali i&nbsp;przywr\u00f3cili do porz\u0105dku ponad 2,5-kilometrowy zaro\u015bni\u0119ty odcinek \u015bcie\u017cki! Jest to tym wa\u017cniejsze, poniewa\u017c Generalna dyrekcja Dr\u00f3g Krajowych i&nbsp;Autostrad przymierza si\u0119 do budowy odcinka \u015bcie\u017cki rowerowej z&nbsp;Cielimowa do \u017bydowa. Realizacja ten inwestycji przybli\u017cy z&nbsp;kolei mo\u017cliwo\u015b\u0107 budowy odcinka \u015bcie\u017cki z&nbsp;\u017bydowa do Wrze\u015bni, dzi\u0119ki czemu Gniezno i&nbsp;Wrze\u015bnia zosta\u0142yby po\u0142\u0105czone rowerow\u0105 infrastruktur\u0105. Oczywi\u015bcie potrzeba w&nbsp;tej sprawie zaanga\u017cowania samorz\u0105dowc\u00f3w z&nbsp;gmin le\u017c\u0105cych przy drodze krajowej nr 15, ale na pewno warto to zrobi\u0107, cho\u0107by ze&nbsp;wzgl\u0119du na mieszka\u0144c\u00f3w Czelu\u015bcina, Gulczewa, Gulczewka i&nbsp;Soko\u0142owa. Wsparcie spo\u0142ecznik\u00f3w z&nbsp;Gniezna i&nbsp;Wrze\u015bni jest, teraz czas na dzia\u0142ania w\u0142adz samorz\u0105dowych.<\/span><\/span><\/p>\n<p><em><em class=\"tytul\">Maciej<\/em><em><span class=\"tytul\" data-mce-mark=\"1\">&nbsp;S\u0142owi\u0144ski&nbsp;&#8211; cz\u0142onek Stowarzyszenia Projekt Wrze\u015bnia<\/span><a name=\"kk\"><\/a><\/em><\/em><\/p>\n<p><em>Pierwotnie felieton zosta\u0142 opublikowany w&nbsp;tygodniku &#8222;Wiadomo\u015bci Wrzesi\u0144skie&#8221; oraz na portalu <a href=\"http:\/\/www.wrzesnia.info.pl\" target=\"_blank\" rel=\"noopener\">www.wrzesnia.info.pl<\/a><\/em><\/p>\n","protected":false},"excerpt":{"rendered":"<p>&nbsp; Co jaki\u015b czas s\u0142yszymy o&nbsp;dzia\u0142aniach oddolnych i&nbsp;spo\u0142ecznych, kt\u00f3re ka\u017cdemu s\u0105 bliskie, bo rozwi\u0105zuj\u0105 problemy, wydawa\u0142oby si\u0119 nierozwi\u0105zywalne. Ostatnio mogli\u015bmy us\u0142ysze\u0107 o&nbsp;rowerowych dzia\u0142aniach w&nbsp;Gnie\u017anie. Grupa spo\u0142ecznik\u00f3w &#8211; wspierana przez w\u00f3jta Niechanowa &ndash; w&nbsp;ci\u0105gu dw\u00f3ch miesi\u0119cy pieczo\u0142owicie odtworzy\u0142a odcinek \u015bcie\u017cki rowerowej z&nbsp;Cielimowa do Gniezna. Rowerzy\u015bci uporz\u0105dkowali i&nbsp;przywr\u00f3cili do porz\u0105dku ponad 2,5-kilometrowy zaro\u015bni\u0119ty odcinek \u015bcie\u017cki! Jest to [&hellip;]<\/p>\n","protected":false},"author":1,"featured_media":10882,"comment_status":"open","ping_status":"open","sticky":false,"template":"","format":"standard","meta":{"_acf_changed":false,"footnotes":""},"categories":[41],"tags":[],"class_list":["post-772","post","type-post","status-publish","format-standard","has-post-thumbnail","hentry","category-41"],"acf":[],"_links":{"self":[{"href":"https:\/\/www.projektwrzesnia.pl\/wordpress\/wp-json\/wp\/v2\/posts\/772","targetHints":{"allow":["GET"]}}],"collection":[{"href":"https:\/\/www.projektwrzesnia.pl\/wordpress\/wp-json\/wp\/v2\/posts"}],"about":[{"href":"https:\/\/www.projektwrzesnia.pl\/wordpress\/wp-json\/wp\/v2\/types\/post"}],"author":[{"embeddable":true,"href":"https:\/\/www.projektwrzesnia.pl\/wordpress\/wp-json\/wp\/v2\/users\/1"}],"replies":[{"embeddable":true,"href":"https:\/\/www.projektwrzesnia.pl\/wordpress\/wp-json\/wp\/v2\/comments?post=772"}],"version-history":[{"count":0,"href":"https:\/\/www.projektwrzesnia.pl\/wordpress\/wp-json\/wp\/v2\/posts\/772\/revisions"}],"wp:featuredmedia":[{"embeddable":true,"href":"https:\/\/www.projektwrzesnia.pl\/wordpress\/wp-json\/wp\/v2\/media\/10882"}],"wp:attachment":[{"href":"https:\/\/www.projektwrzesnia.pl\/wordpress\/wp-json\/wp\/v2\/media?parent=772"}],"wp:term":[{"taxonomy":"category","embeddable":true,"href":"https:\/\/www.projektwrzesnia.pl\/wordpress\/wp-json\/wp\/v2\/categories?post=772"},{"taxonomy":"post_tag","embeddable":true,"href":"https:\/\/www.projektwrzesnia.pl\/wordpress\/wp-json\/wp\/v2\/tags?post=772"}],"curies":[{"name":"wp","href":"https:\/\/api.w.org\/{rel}","templated":true}]}}