{"id":782,"date":"2021-08-12T20:00:00","date_gmt":"2021-08-12T20:00:00","guid":{"rendered":"http:\/\/www.projektwrzesnia.pl\/wordpress\/782\/"},"modified":"2024-01-22T20:17:47","modified_gmt":"2024-01-22T19:17:47","slug":"czwarty-rajd-rowerowy-dolina-wrzesnicy-2","status":"publish","type":"post","link":"https:\/\/www.projektwrzesnia.pl\/wordpress\/782\/","title":{"rendered":"Czwarty Rajd Rowerowy Dolin\u0105 Wrze\u015bnicy"},"content":{"rendered":"<p>W sobot\u0119 28 sierpnia ju\u017c po raz czwarty organizujemy Ekologiczny Rajd Rowerowy Dolin\u0105 Wrze\u015bnicy! Tras\u0119 rajdu z&nbsp;\u0142atwo\u015bci\u0105 pokona ka\u017cdy: startujemy spod LOK-u (Ogr\u00f3d Bractwa Kurkowego), Gutowo Wielkie, S\u0119dziwojewo, Otoczna, Szemborowo, Stanis\u0142awowo, W\u00f3dki, a&nbsp;ko\u0144czymy w&nbsp;Grzybowie na grodzie (ok. 25 km).<\/p>\n<p>Po drodze b\u0119dziemy czeka\u0107 na uczestnik\u00f3w rajdu z&nbsp;przygotowanymi przez nas zadaniami. Tak jak rok temu na trasie nie zabraknie atrakcji i&nbsp;dobrej zabawy. Dla&nbsp;uczestnik\u00f3w przygotowali\u015bmy mi\u0119dzy innymi konkursy z&nbsp;nagrodami, quizy, mapki oraz pocz\u0119stunek na mecie.<\/p>\n<p>Jednak przede wszystkim trasa rajdu pozwoli podziwia\u0107 przyrod\u0119 i&nbsp;zabytki naszej okolicy! Startujemy z&nbsp;Doliny Wrze\u015bnicy, a&nbsp;ko\u0144czymy w&nbsp;Dolinie Strugi Rudnik. Meta&nbsp;w&nbsp;Grzybowie to z&nbsp;kolei idealne miejsce na zas\u0142u\u017cony odpoczynek, zabawy i&nbsp;piknik, na kt\u00f3rym nie zabraknie domowych wypiek\u00f3w&#8230;<\/p>\n<p>Startujemy o&nbsp;10:00 w&nbsp;sobot\u0119 28 sierpnia spod altany w&nbsp;LOK-u (Ogr\u00f3d Bractwa Kurkowego)!<\/p>\n<p>Serdecznie zapraszamy ka\u017cdego zainteresowanego!<\/p>\n<p>Udzia\u0142 w&nbsp;rajdzie jest oczywi\u015bcie ca\u0142kowicie bezp\u0142atny &#8211; zach\u0119camy do zapisywania siebie, rodziny i&nbsp;znajomych: kontakt@projektwrzesnia.pl<\/p>\n<p>&nbsp;<\/p>\n<p>&nbsp;<\/p>\n<p>&nbsp;<\/p>\n<p>&nbsp;<\/p>\n","protected":false},"excerpt":{"rendered":"<p>W sobot\u0119 28 sierpnia ju\u017c po raz czwarty organizujemy Ekologiczny Rajd Rowerowy Dolin\u0105 Wrze\u015bnicy! Tras\u0119 rajdu z&nbsp;\u0142atwo\u015bci\u0105 pokona ka\u017cdy: startujemy spod LOK-u (Ogr\u00f3d Bractwa Kurkowego), Gutowo Wielkie, S\u0119dziwojewo, Otoczna, Szemborowo, Stanis\u0142awowo, W\u00f3dki, a&nbsp;ko\u0144czymy w&nbsp;Grzybowie na grodzie (ok. 25 km). Po drodze b\u0119dziemy czeka\u0107 na uczestnik\u00f3w rajdu z&nbsp;przygotowanymi przez nas zadaniami. Tak jak rok temu na [&hellip;]<\/p>\n","protected":false},"author":1,"featured_media":10782,"comment_status":"open","ping_status":"open","sticky":false,"template":"","format":"standard","meta":{"_acf_changed":false,"footnotes":""},"categories":[45],"tags":[],"class_list":["post-782","post","type-post","status-publish","format-standard","has-post-thumbnail","hentry","category-turystyka"],"acf":[],"_links":{"self":[{"href":"https:\/\/www.projektwrzesnia.pl\/wordpress\/wp-json\/wp\/v2\/posts\/782","targetHints":{"allow":["GET"]}}],"collection":[{"href":"https:\/\/www.projektwrzesnia.pl\/wordpress\/wp-json\/wp\/v2\/posts"}],"about":[{"href":"https:\/\/www.projektwrzesnia.pl\/wordpress\/wp-json\/wp\/v2\/types\/post"}],"author":[{"embeddable":true,"href":"https:\/\/www.projektwrzesnia.pl\/wordpress\/wp-json\/wp\/v2\/users\/1"}],"replies":[{"embeddable":true,"href":"https:\/\/www.projektwrzesnia.pl\/wordpress\/wp-json\/wp\/v2\/comments?post=782"}],"version-history":[{"count":1,"href":"https:\/\/www.projektwrzesnia.pl\/wordpress\/wp-json\/wp\/v2\/posts\/782\/revisions"}],"predecessor-version":[{"id":10101949,"href":"https:\/\/www.projektwrzesnia.pl\/wordpress\/wp-json\/wp\/v2\/posts\/782\/revisions\/10101949"}],"wp:featuredmedia":[{"embeddable":true,"href":"https:\/\/www.projektwrzesnia.pl\/wordpress\/wp-json\/wp\/v2\/media\/10782"}],"wp:attachment":[{"href":"https:\/\/www.projektwrzesnia.pl\/wordpress\/wp-json\/wp\/v2\/media?parent=782"}],"wp:term":[{"taxonomy":"category","embeddable":true,"href":"https:\/\/www.projektwrzesnia.pl\/wordpress\/wp-json\/wp\/v2\/categories?post=782"},{"taxonomy":"post_tag","embeddable":true,"href":"https:\/\/www.projektwrzesnia.pl\/wordpress\/wp-json\/wp\/v2\/tags?post=782"}],"curies":[{"name":"wp","href":"https:\/\/api.w.org\/{rel}","templated":true}]}}