{"id":810,"date":"2021-10-01T20:00:00","date_gmt":"2021-10-01T20:00:00","guid":{"rendered":"http:\/\/www.projektwrzesnia.pl\/wordpress\/blog\/2021\/10\/01\/wypozyczalnie-rowerow-miejskich-znamy-z-duzych-miast\/"},"modified":"2021-10-01T20:00:00","modified_gmt":"2021-10-01T20:00:00","slug":"wypozyczalnie-rowerow-miejskich-znamy-z-duzych-miast","status":"publish","type":"post","link":"https:\/\/www.projektwrzesnia.pl\/wordpress\/810\/","title":{"rendered":"Wypo\u017cyczalnie rower\u00f3w miejskich znamy z\u00a0du\u017cych miast"},"content":{"rendered":"<p>&nbsp;<\/p>\n<p>Wypo\u017cyczalnie rower\u00f3w miejskich znamy z&nbsp;du\u017cych miast. Od pewnego czasu mo\u017cna spotka\u0107 je w&nbsp;mniejszych miejscowo\u015bciach. Mieszka\u0144cy Pobiedzisk, Szamotu\u0142 czy \u015aremu korzystaj\u0105 z&nbsp;nich ju\u017c od kilku sezon\u00f3w. Ide\u0105 rower\u00f3w miejskich jest uzupe\u0142nienie transportu publicznego. W&nbsp;mniejszych miastach, gdzie komunikacja miejska zazwyczaj nie jest dobrze rozwini\u0119ta, mog\u0105 by\u0107 alternatyw\u0105 dla transportu zbiorowego. Zalet\u0105 rower\u00f3w miejskich jest brak ryzyka kradzie\u017cy, wyposa\u017cone s\u0105 one w&nbsp;blokady oraz nadajniki GPS. Wypo\u017cyczalnie eliminuj\u0105 konieczno\u015b\u0107 wyci\u0105gania roweru ze&nbsp;skrytki lokatorskiej. A&nbsp;sam proces wypo\u017cyczania jest prosty. Rowery mog\u0105 tak\u017ce pom\u00f3c w&nbsp;roz\u0142adowaniu ruchu samochodowego, Wi\u0119cej u\u017cytkownik\u00f3w rower\u00f3w, to wi\u0119cej wolnych miejsc parkingowych dla innych mieszka\u0144c\u00f3w. Wad\u0119 mo\u017ce by\u0107 ograniczono\u015b\u0107 systemu, nie da si\u0119 zbudowa\u0107 stacji rowerowej pod ka\u017cdym blokiem. Dla zwi\u0119kszenia efektywno\u015bci, stacje powinny by\u0107 lokalizowane w&nbsp;popularnych miejscach takich jak osiedla, dworzec, urz\u0119dy czy sklepy. A&nbsp;koszt takiej inwestycji? Tego lata powsta\u0142 Gnie\u017anie\u0144ski Rower Miejski, 115 rower\u00f3w&not; w&nbsp;16 strefach, w&nbsp;sumie oko\u0142o 300 tys. z\u0142.<\/p>\n<p><em><em class=\"tytul\">FILIP<\/em><em><span class=\"tytul\" data-mce-mark=\"1\">&nbsp;TOMCZAK &#8211; cz\u0142onek Stowarzyszenia Projekt Wrze\u015bnia<\/span><a name=\"kk\"><\/a><\/em><\/em><\/p>\n<p><em>Pierwotnie felieton zosta\u0142 opublikowany w&nbsp;tygodniku &#8222;Wiadomo\u015bci Wrzesi\u0144skie&#8221; oraz na portalu <a href=\"http:\/\/www.wrzesnia.info.pl\" target=\"_blank\" rel=\"noopener\">www.wrzesnia.info.pl<\/a><\/em><\/p>\n","protected":false},"excerpt":{"rendered":"<p>&nbsp; Wypo\u017cyczalnie rower\u00f3w miejskich znamy z&nbsp;du\u017cych miast. Od pewnego czasu mo\u017cna spotka\u0107 je w&nbsp;mniejszych miejscowo\u015bciach. Mieszka\u0144cy Pobiedzisk, Szamotu\u0142 czy \u015aremu korzystaj\u0105 z&nbsp;nich ju\u017c od kilku sezon\u00f3w. Ide\u0105 rower\u00f3w miejskich jest uzupe\u0142nienie transportu publicznego. W&nbsp;mniejszych miastach, gdzie komunikacja miejska zazwyczaj nie jest dobrze rozwini\u0119ta, mog\u0105 by\u0107 alternatyw\u0105 dla transportu zbiorowego. Zalet\u0105 rower\u00f3w miejskich jest brak ryzyka [&hellip;]<\/p>\n","protected":false},"author":1,"featured_media":10810,"comment_status":"open","ping_status":"open","sticky":false,"template":"","format":"standard","meta":{"_acf_changed":false,"footnotes":""},"categories":[41],"tags":[],"class_list":["post-810","post","type-post","status-publish","format-standard","has-post-thumbnail","hentry","category-41"],"acf":[],"_links":{"self":[{"href":"https:\/\/www.projektwrzesnia.pl\/wordpress\/wp-json\/wp\/v2\/posts\/810","targetHints":{"allow":["GET"]}}],"collection":[{"href":"https:\/\/www.projektwrzesnia.pl\/wordpress\/wp-json\/wp\/v2\/posts"}],"about":[{"href":"https:\/\/www.projektwrzesnia.pl\/wordpress\/wp-json\/wp\/v2\/types\/post"}],"author":[{"embeddable":true,"href":"https:\/\/www.projektwrzesnia.pl\/wordpress\/wp-json\/wp\/v2\/users\/1"}],"replies":[{"embeddable":true,"href":"https:\/\/www.projektwrzesnia.pl\/wordpress\/wp-json\/wp\/v2\/comments?post=810"}],"version-history":[{"count":0,"href":"https:\/\/www.projektwrzesnia.pl\/wordpress\/wp-json\/wp\/v2\/posts\/810\/revisions"}],"wp:featuredmedia":[{"embeddable":true,"href":"https:\/\/www.projektwrzesnia.pl\/wordpress\/wp-json\/wp\/v2\/media\/10810"}],"wp:attachment":[{"href":"https:\/\/www.projektwrzesnia.pl\/wordpress\/wp-json\/wp\/v2\/media?parent=810"}],"wp:term":[{"taxonomy":"category","embeddable":true,"href":"https:\/\/www.projektwrzesnia.pl\/wordpress\/wp-json\/wp\/v2\/categories?post=810"},{"taxonomy":"post_tag","embeddable":true,"href":"https:\/\/www.projektwrzesnia.pl\/wordpress\/wp-json\/wp\/v2\/tags?post=810"}],"curies":[{"name":"wp","href":"https:\/\/api.w.org\/{rel}","templated":true}]}}