{"id":817,"date":"2021-10-11T20:00:00","date_gmt":"2021-10-11T20:00:00","guid":{"rendered":"http:\/\/www.projektwrzesnia.pl\/wordpress\/817\/"},"modified":"2023-03-10T11:58:44","modified_gmt":"2023-03-10T11:58:44","slug":"zaczynamy-przygotowania-do-siodmej-miejskiej-kwesty","status":"publish","type":"post","link":"https:\/\/www.projektwrzesnia.pl\/wordpress\/817\/","title":{"rendered":"Zaczynamy przygotowania do si\u00f3dmej miejskiej kwesty"},"content":{"rendered":"<p>Stary cmentarz we Wrze\u015bni to wa\u017cne miejsce w\u00a0historii Wrze\u015bni. Na nim spoczywaj\u0105 zas\u0142u\u017cone dla lokalnej spo\u0142eczno\u015bci osoby. Mo\u017cna chocia\u017cby wymieni\u0107: Powsta\u0144c\u00f3w Styczniowych, Dzieci Wrzesi\u0144skie, Powsta\u0144c\u00f3w Wielkopolskich, samorz\u0105dowc\u00f3w, dzia\u0142aczy spo\u0142ecznych czy ksi\u0119\u017cy. Cmentarz ma ju\u017c ponad 200 lat i\u00a0wiele nagrobk\u00f3w wymaga podj\u0119cia pilnych prac ratunkowych tym bardziej, \u017ce czas jest nieub\u0142agany i\u00a0niebawem wiele z\u00a0nich zwyczajnie zniknie.<\/p>\n<p>Z tego powodu, podobnie jak w\u00a0sze\u015bciu ostatnich latach, b\u0119dziemy kwestowa\u0107 na\u00a0rzecz zabytkowych nagrobk\u00f3w z\u00a0cmentarza parafialnego we Wrze\u015bni. B\u0119dzie nas mo\u017cna spotka\u0107 przy obu wrzesi\u0144skich cmentarzach w\u00a0dniu Wszystkich \u015awi\u0119tych.<\/p>\n<p>Do tej pory dzi\u0119ki zebranym \u015brodkom (oko\u0142o 30 tysi\u0119cy z\u0142otych!), uda\u0142o si\u0119\u00a0wyremontowa\u0107 nagrobki Stanis\u0142awa W\u00f3jkiewicza, Jana Jasi\u0144skiego, Stefana Kaczmarka, Jana Dalmanowskiego, Jana Ma\u0144ko, Aleksa Z\u0142otowicza, Berezy Wasyla &#8211; \u017co\u0142nierzy wrzesi\u0144skiego 68. pu\u0142ku piechoty, nagrobek Stanis\u0142awa Stanis\u0142awskiego &#8211; \u017co\u0142nierza 9. samodzielnego batalionu \u0142\u0105czno\u015bci z\u00a0Brze\u015bcia nad Bugiem, ogniomistrza J\u00f3zefa Bednarowicza, nagrobek powsta\u0144ca styczniowego \u2013 Jana Krzywdzi\u0144skiego oraz nagrobek powsta\u0144ca wielkopolskiego \u2013 Stanis\u0142awa W\u0119glewskiego. Mamy\u00a0nadziej\u0119, \u017ce w\u00a0tym roku kolejne nagrobki z\u00a0kwatery wojskowej cmentarza parafialnego odzyskaj\u0105 sw\u00f3j dawny blask.<\/p>\n<p>Je\u015bli chcesz pom\u00f3c w\u00a0kwestowaniu, to napisz na facebook-u lub na: kontakt@projektwrzesnia.pl<\/p>\n","protected":false},"excerpt":{"rendered":"<p>Stary cmentarz we Wrze\u015bni to wa\u017cne miejsce w\u00a0historii Wrze\u015bni. Na nim spoczywaj\u0105 zas\u0142u\u017cone dla lokalnej spo\u0142eczno\u015bci osoby. Mo\u017cna chocia\u017cby wymieni\u0107: Powsta\u0144c\u00f3w Styczniowych, Dzieci Wrzesi\u0144skie, Powsta\u0144c\u00f3w Wielkopolskich, samorz\u0105dowc\u00f3w, dzia\u0142aczy spo\u0142ecznych czy ksi\u0119\u017cy. Cmentarz ma ju\u017c ponad 200 lat i\u00a0wiele nagrobk\u00f3w wymaga podj\u0119cia pilnych prac ratunkowych tym bardziej, \u017ce czas jest nieub\u0142agany i\u00a0niebawem wiele z\u00a0nich zwyczajnie zniknie. [&hellip;]<\/p>\n","protected":false},"author":1,"featured_media":10817,"comment_status":"open","ping_status":"open","sticky":false,"template":"","format":"standard","meta":{"_acf_changed":false,"footnotes":""},"categories":[28],"tags":[],"class_list":["post-817","post","type-post","status-publish","format-standard","has-post-thumbnail","hentry","category-28"],"acf":[],"_links":{"self":[{"href":"https:\/\/www.projektwrzesnia.pl\/wordpress\/wp-json\/wp\/v2\/posts\/817","targetHints":{"allow":["GET"]}}],"collection":[{"href":"https:\/\/www.projektwrzesnia.pl\/wordpress\/wp-json\/wp\/v2\/posts"}],"about":[{"href":"https:\/\/www.projektwrzesnia.pl\/wordpress\/wp-json\/wp\/v2\/types\/post"}],"author":[{"embeddable":true,"href":"https:\/\/www.projektwrzesnia.pl\/wordpress\/wp-json\/wp\/v2\/users\/1"}],"replies":[{"embeddable":true,"href":"https:\/\/www.projektwrzesnia.pl\/wordpress\/wp-json\/wp\/v2\/comments?post=817"}],"version-history":[{"count":1,"href":"https:\/\/www.projektwrzesnia.pl\/wordpress\/wp-json\/wp\/v2\/posts\/817\/revisions"}],"predecessor-version":[{"id":10100494,"href":"https:\/\/www.projektwrzesnia.pl\/wordpress\/wp-json\/wp\/v2\/posts\/817\/revisions\/10100494"}],"wp:featuredmedia":[{"embeddable":true,"href":"https:\/\/www.projektwrzesnia.pl\/wordpress\/wp-json\/wp\/v2\/media\/10817"}],"wp:attachment":[{"href":"https:\/\/www.projektwrzesnia.pl\/wordpress\/wp-json\/wp\/v2\/media?parent=817"}],"wp:term":[{"taxonomy":"category","embeddable":true,"href":"https:\/\/www.projektwrzesnia.pl\/wordpress\/wp-json\/wp\/v2\/categories?post=817"},{"taxonomy":"post_tag","embeddable":true,"href":"https:\/\/www.projektwrzesnia.pl\/wordpress\/wp-json\/wp\/v2\/tags?post=817"}],"curies":[{"name":"wp","href":"https:\/\/api.w.org\/{rel}","templated":true}]}}