{"id":82,"date":"2016-12-23T20:00:00","date_gmt":"2016-12-23T20:00:00","guid":{"rendered":"http:\/\/www.projektwrzesnia.pl\/wordpress\/82\/"},"modified":"2016-12-23T20:00:00","modified_gmt":"2016-12-23T20:00:00","slug":"pamietajmy-o-powstaniu","status":"publish","type":"post","link":"https:\/\/www.projektwrzesnia.pl\/wordpress\/82\/","title":{"rendered":"Pami\u0119tajmy o\u00a0Powstaniu"},"content":{"rendered":"<p>&nbsp;<em>Arkadiusz Sobczak<\/em><em>&#8211; cz\u0142onek Stowarzyszenia Projekt Wrze\u015bnia<\/em><\/p>\n<p><span>Za kilka dni obchodzimy 98. rocznic\u0119 wybuchu Powstania Wielkopolskiego &ndash; \u015bwietnie przygotowanego, szybko rozegranego i&nbsp;zako\u0144czonego sukcesem.&nbsp;<\/span><span>Wielkopolanie nigdy nie pogodzili si\u0119 z&nbsp;utrat\u0105 niepodleg\u0142o\u015bci. Nar\u00f3d kszta\u0142towano poprzez prac\u0119 organiczn\u0105, przygotowuj\u0105c go do zbrojnego zrywu. Krzewiono kultur\u0119, patriotyzm i&nbsp;gospodarno\u015b\u0107. Zwyci\u0119skie powstanie na sw\u00f3j spos\u00f3b sta\u0142o si\u0119 &bdquo;mitem za\u0142o\u017cycielskim&rdquo; nowoczesnej, dwudziestowiecznej Wielkopolski, dlatego nadal winni\u015bmy o&nbsp;nim pami\u0119ta\u0107.&nbsp;<\/span><span>Z pewnym niepokojem przyj\u0105\u0142em informacj\u0119, \u017ce w&nbsp;nowej podstawie programowej nauczania historii w&nbsp;szkole podstawowej brak jest wyra\u017anego zaakcentowania czynu naszych przodk\u00f3w. Mam nadziej\u0119, \u017ce ten b\u0142\u0105d zostanie szybko naprawiony, a&nbsp;powstanie nie stanie si\u0119 ofiar\u0105 reformy systemu edukacji i&nbsp;partyjnych przepychanek.&nbsp;<\/span><span>Wystarczy ju\u017c, \u017ce oficjalne obchody rocznicowe zosta\u0142y rozbite na te organizowane przez marsza\u0142ka wojew\u00f3dztwa wielkopolskiego w&nbsp;Poznaniu i&nbsp;na te organizowane przez wojewod\u0119 wielkopolskiego w&nbsp;Lesznie. Czy Powstanie Wielkopolskie te\u017c musi dzieli\u0107?<\/span><\/p>\n<p><em>Pierwotnie felieton zosta\u0142 opublikowany w&nbsp;tygodniku &#8222;Wiadomo\u015bci Wrzesi\u0144skie&#8221; oraz na portalu <a href=\"http:\/\/www.wrzesnia.info.pl\" target=\"_blank\" rel=\"noopener\">www.wrzesnia.info.pl<\/a><\/em><\/p>\n<p><span>&nbsp;<\/span><\/p>\n","protected":false},"excerpt":{"rendered":"<p>&nbsp;Arkadiusz Sobczak&#8211; cz\u0142onek Stowarzyszenia Projekt Wrze\u015bnia Za kilka dni obchodzimy 98. rocznic\u0119 wybuchu Powstania Wielkopolskiego &ndash; \u015bwietnie przygotowanego, szybko rozegranego i&nbsp;zako\u0144czonego sukcesem.&nbsp;Wielkopolanie nigdy nie pogodzili si\u0119 z&nbsp;utrat\u0105 niepodleg\u0142o\u015bci. Nar\u00f3d kszta\u0142towano poprzez prac\u0119 organiczn\u0105, przygotowuj\u0105c go do zbrojnego zrywu. Krzewiono kultur\u0119, patriotyzm i&nbsp;gospodarno\u015b\u0107. Zwyci\u0119skie powstanie na sw\u00f3j spos\u00f3b sta\u0142o si\u0119 &bdquo;mitem za\u0142o\u017cycielskim&rdquo; nowoczesnej, dwudziestowiecznej Wielkopolski, dlatego [&hellip;]<\/p>\n","protected":false},"author":1,"featured_media":10592,"comment_status":"open","ping_status":"open","sticky":false,"template":"","format":"standard","meta":{"_acf_changed":false,"footnotes":""},"categories":[41],"tags":[],"class_list":["post-82","post","type-post","status-publish","format-standard","has-post-thumbnail","hentry","category-41"],"acf":[],"_links":{"self":[{"href":"https:\/\/www.projektwrzesnia.pl\/wordpress\/wp-json\/wp\/v2\/posts\/82","targetHints":{"allow":["GET"]}}],"collection":[{"href":"https:\/\/www.projektwrzesnia.pl\/wordpress\/wp-json\/wp\/v2\/posts"}],"about":[{"href":"https:\/\/www.projektwrzesnia.pl\/wordpress\/wp-json\/wp\/v2\/types\/post"}],"author":[{"embeddable":true,"href":"https:\/\/www.projektwrzesnia.pl\/wordpress\/wp-json\/wp\/v2\/users\/1"}],"replies":[{"embeddable":true,"href":"https:\/\/www.projektwrzesnia.pl\/wordpress\/wp-json\/wp\/v2\/comments?post=82"}],"version-history":[{"count":0,"href":"https:\/\/www.projektwrzesnia.pl\/wordpress\/wp-json\/wp\/v2\/posts\/82\/revisions"}],"wp:featuredmedia":[{"embeddable":true,"href":"https:\/\/www.projektwrzesnia.pl\/wordpress\/wp-json\/wp\/v2\/media\/10592"}],"wp:attachment":[{"href":"https:\/\/www.projektwrzesnia.pl\/wordpress\/wp-json\/wp\/v2\/media?parent=82"}],"wp:term":[{"taxonomy":"category","embeddable":true,"href":"https:\/\/www.projektwrzesnia.pl\/wordpress\/wp-json\/wp\/v2\/categories?post=82"},{"taxonomy":"post_tag","embeddable":true,"href":"https:\/\/www.projektwrzesnia.pl\/wordpress\/wp-json\/wp\/v2\/tags?post=82"}],"curies":[{"name":"wp","href":"https:\/\/api.w.org\/{rel}","templated":true}]}}