{"id":826,"date":"2021-10-31T20:00:00","date_gmt":"2021-10-31T20:00:00","guid":{"rendered":"http:\/\/www.projektwrzesnia.pl\/wordpress\/826\/"},"modified":"2021-10-31T20:00:00","modified_gmt":"2021-10-31T20:00:00","slug":"konczymy-przygotowania-do-siodmej-kwesty","status":"publish","type":"post","link":"https:\/\/www.projektwrzesnia.pl\/wordpress\/826\/","title":{"rendered":"Ko\u0144czymy przygotowania do si\u00f3dmej kwesty"},"content":{"rendered":"<p>Ju\u017c jutro w&nbsp;dniu Wszystkich \u015awi\u0119tych b\u0119dziemy kwestowa\u0107 na rzecz zabytkowych nagrobk\u00f3w z&nbsp;cmentarza parafialnego we Wrze\u015bni. B\u0119dzie nas mo\u017cna spotka\u0107 na obu wrzesi\u0144skich cmentarzach od godz. 8:00 do godz. 16:00. Zach\u0119camy, \u017ceby zabra\u0107 ze&nbsp;sob\u0105 kilka z\u0142otych i&nbsp;wesprze\u0107 szczytny cel.<\/p>\n<p>Tradycyjnie w&nbsp;zbi\u00f3rk\u0119 w\u0142\u0105cz\u0105 si\u0119 przedstawiciele r\u00f3\u017cnych wrzesi\u0144skich organizacji. Dzi\u0119ki temu b\u0119dzie kwestowa\u0142o blisko 20 os\u00f3b.<\/p>\n<p>Osoby, kt\u00f3rych nie b\u0119dzie tego dnia na wrzesi\u0144skich cmentarzach, mog\u0105 wesprze\u0107 zbi\u00f3rk\u0119 poprzez przelew na konto stowarzyszenia Projekt Wrze\u015bnia:<\/p>\n<p>30 2030 0045 1110 0000 0414 2920<\/p>\n<p>W tytule przelewu prosimy wpisa\u0107: &bdquo;kwesta&rdquo;.<\/p>\n<p>Je\u015bli chcesz pom\u00f3c w&nbsp;kwestowaniu to napisz na facebook-u lub na: kontakt@projektwrzesnia.pl<\/p>\n","protected":false},"excerpt":{"rendered":"<p>Ju\u017c jutro w&nbsp;dniu Wszystkich \u015awi\u0119tych b\u0119dziemy kwestowa\u0107 na rzecz zabytkowych nagrobk\u00f3w z&nbsp;cmentarza parafialnego we Wrze\u015bni. B\u0119dzie nas mo\u017cna spotka\u0107 na obu wrzesi\u0144skich cmentarzach od godz. 8:00 do godz. 16:00. Zach\u0119camy, \u017ceby zabra\u0107 ze&nbsp;sob\u0105 kilka z\u0142otych i&nbsp;wesprze\u0107 szczytny cel. Tradycyjnie w&nbsp;zbi\u00f3rk\u0119 w\u0142\u0105cz\u0105 si\u0119 przedstawiciele r\u00f3\u017cnych wrzesi\u0144skich organizacji. Dzi\u0119ki temu b\u0119dzie kwestowa\u0142o blisko 20 os\u00f3b. Osoby, kt\u00f3rych [&hellip;]<\/p>\n","protected":false},"author":1,"featured_media":10826,"comment_status":"open","ping_status":"open","sticky":false,"template":"","format":"standard","meta":{"_acf_changed":false,"footnotes":""},"categories":[28],"tags":[],"class_list":["post-826","post","type-post","status-publish","format-standard","has-post-thumbnail","hentry","category-28"],"acf":[],"_links":{"self":[{"href":"https:\/\/www.projektwrzesnia.pl\/wordpress\/wp-json\/wp\/v2\/posts\/826","targetHints":{"allow":["GET"]}}],"collection":[{"href":"https:\/\/www.projektwrzesnia.pl\/wordpress\/wp-json\/wp\/v2\/posts"}],"about":[{"href":"https:\/\/www.projektwrzesnia.pl\/wordpress\/wp-json\/wp\/v2\/types\/post"}],"author":[{"embeddable":true,"href":"https:\/\/www.projektwrzesnia.pl\/wordpress\/wp-json\/wp\/v2\/users\/1"}],"replies":[{"embeddable":true,"href":"https:\/\/www.projektwrzesnia.pl\/wordpress\/wp-json\/wp\/v2\/comments?post=826"}],"version-history":[{"count":0,"href":"https:\/\/www.projektwrzesnia.pl\/wordpress\/wp-json\/wp\/v2\/posts\/826\/revisions"}],"wp:featuredmedia":[{"embeddable":true,"href":"https:\/\/www.projektwrzesnia.pl\/wordpress\/wp-json\/wp\/v2\/media\/10826"}],"wp:attachment":[{"href":"https:\/\/www.projektwrzesnia.pl\/wordpress\/wp-json\/wp\/v2\/media?parent=826"}],"wp:term":[{"taxonomy":"category","embeddable":true,"href":"https:\/\/www.projektwrzesnia.pl\/wordpress\/wp-json\/wp\/v2\/categories?post=826"},{"taxonomy":"post_tag","embeddable":true,"href":"https:\/\/www.projektwrzesnia.pl\/wordpress\/wp-json\/wp\/v2\/tags?post=826"}],"curies":[{"name":"wp","href":"https:\/\/api.w.org\/{rel}","templated":true}]}}