{"id":83,"date":"2016-12-16T20:00:00","date_gmt":"2016-12-16T20:00:00","guid":{"rendered":"http:\/\/www.projektwrzesnia.pl\/wordpress\/83\/"},"modified":"2016-12-16T20:00:00","modified_gmt":"2016-12-16T20:00:00","slug":"nieuniknione-zmiany","status":"publish","type":"post","link":"https:\/\/www.projektwrzesnia.pl\/wordpress\/83\/","title":{"rendered":"Nieuniknione zmiany"},"content":{"rendered":"<p>&nbsp;<em>Jakub Banaszak<\/em><em>&#8211; cz\u0142onek Stowarzyszenia Projekt Wrze\u015bnia<\/em><\/p>\n<p>Powszechnie wiadomo, \u017ce rozbudowywanie dr\u00f3g poprzez dok\u0142adanie dodatkowych pas\u00f3w powoduje zwi\u0119kszenie ich atrakcyjno\u015bci i&nbsp;nat\u0119\u017cenia ruchu na nich. Przestrze\u0144 miejska nie jest z&nbsp;gumy &ndash; nie ma miejsca na kolejne pasy &ndash; dlatego rozw\u00f3j miasta w&nbsp;tym kierunku jest jak najbardziej b\u0142\u0119dny.<br \/>By\u0107 mo\u017ce kto\u015b decyzyjny zwr\u00f3ci na to uwag\u0119 we Wrze\u015bni. Wiele miast boryka\u0142o si\u0119 z&nbsp;tym, a&nbsp;pr\u00f3by zmniejszenia nat\u0119\u017cenia ruchu przez budow\u0119 dodatkowych pas\u00f3w ruchu, gara\u017cy wielopoziomowych i&nbsp;autostrad do centrum miast wygenerowa\u0142y wi\u0119kszy ruch i&nbsp;wi\u0119cej problem\u00f3w komunikacyjnych.<br \/>Teraz kierunek zmian jest taki, aby tworzy\u0107 miasta, w&nbsp;kt\u00f3rych ruch odbywa si\u0119 g\u0142\u00f3wnie rowerami, komunikacj\u0105 publiczn\u0105 i&nbsp;pieszo. Liczy&nbsp;si\u0119&nbsp;przepustowo\u015b\u0107 dr\u00f3g liczona w&nbsp;osobach, a&nbsp;nie samochodach.<br \/>W t\u0119 stron\u0119 idzie mi\u0119dzy innymi prezydent Poznania Jacek Ja\u015bkowiak. Wprowadzane przez niego zmiany s\u0105 na tyle rewolucyjne w&nbsp;polskich warunkach, \u017ce powoduj\u0105 du\u017cy op\u00f3r. Nie ma ucieczki przed tymi zmianami, bo albo sparali\u017cujemy miasta komunikacyjne i&nbsp;udusimy si\u0119 smogiem, albo&nbsp;znajdziemy inne rozwi\u0105zanie.<\/p>\n<p><em>Pierwotnie felieton zosta\u0142 opublikowany w&nbsp;tygodniku &#8222;Wiadomo\u015bci Wrzesi\u0144skie&#8221; oraz na portalu <a href=\"http:\/\/www.wrzesnia.info.pl\" target=\"_blank\" rel=\"noopener\">www.wrzesnia.info.pl<\/a><\/em><\/p>\n","protected":false},"excerpt":{"rendered":"<p>&nbsp;Jakub Banaszak&#8211; cz\u0142onek Stowarzyszenia Projekt Wrze\u015bnia Powszechnie wiadomo, \u017ce rozbudowywanie dr\u00f3g poprzez dok\u0142adanie dodatkowych pas\u00f3w powoduje zwi\u0119kszenie ich atrakcyjno\u015bci i&nbsp;nat\u0119\u017cenia ruchu na nich. Przestrze\u0144 miejska nie jest z&nbsp;gumy &ndash; nie ma miejsca na kolejne pasy &ndash; dlatego rozw\u00f3j miasta w&nbsp;tym kierunku jest jak najbardziej b\u0142\u0119dny.By\u0107 mo\u017ce kto\u015b decyzyjny zwr\u00f3ci na to uwag\u0119 we Wrze\u015bni. Wiele [&hellip;]<\/p>\n","protected":false},"author":1,"featured_media":10171,"comment_status":"open","ping_status":"open","sticky":false,"template":"","format":"standard","meta":{"_acf_changed":false,"footnotes":""},"categories":[41],"tags":[],"class_list":["post-83","post","type-post","status-publish","format-standard","has-post-thumbnail","hentry","category-41"],"acf":[],"_links":{"self":[{"href":"https:\/\/www.projektwrzesnia.pl\/wordpress\/wp-json\/wp\/v2\/posts\/83","targetHints":{"allow":["GET"]}}],"collection":[{"href":"https:\/\/www.projektwrzesnia.pl\/wordpress\/wp-json\/wp\/v2\/posts"}],"about":[{"href":"https:\/\/www.projektwrzesnia.pl\/wordpress\/wp-json\/wp\/v2\/types\/post"}],"author":[{"embeddable":true,"href":"https:\/\/www.projektwrzesnia.pl\/wordpress\/wp-json\/wp\/v2\/users\/1"}],"replies":[{"embeddable":true,"href":"https:\/\/www.projektwrzesnia.pl\/wordpress\/wp-json\/wp\/v2\/comments?post=83"}],"version-history":[{"count":0,"href":"https:\/\/www.projektwrzesnia.pl\/wordpress\/wp-json\/wp\/v2\/posts\/83\/revisions"}],"wp:featuredmedia":[{"embeddable":true,"href":"https:\/\/www.projektwrzesnia.pl\/wordpress\/wp-json\/wp\/v2\/media\/10171"}],"wp:attachment":[{"href":"https:\/\/www.projektwrzesnia.pl\/wordpress\/wp-json\/wp\/v2\/media?parent=83"}],"wp:term":[{"taxonomy":"category","embeddable":true,"href":"https:\/\/www.projektwrzesnia.pl\/wordpress\/wp-json\/wp\/v2\/categories?post=83"},{"taxonomy":"post_tag","embeddable":true,"href":"https:\/\/www.projektwrzesnia.pl\/wordpress\/wp-json\/wp\/v2\/tags?post=83"}],"curies":[{"name":"wp","href":"https:\/\/api.w.org\/{rel}","templated":true}]}}