{"id":831,"date":"2021-11-10T20:00:00","date_gmt":"2021-11-10T20:00:00","guid":{"rendered":"http:\/\/www.projektwrzesnia.pl\/wordpress\/831\/"},"modified":"2021-11-10T20:00:00","modified_gmt":"2021-11-10T20:00:00","slug":"burmistrz-i-informacja-niepubliczna-kolejny-wyrok","status":"publish","type":"post","link":"https:\/\/www.projektwrzesnia.pl\/wordpress\/831\/","title":{"rendered":"Burmistrz i\u00a0informacja (nie)publiczna &#8211; kolejny wyrok"},"content":{"rendered":"<p>Czy w&nbsp;naszej gminie wszystko jest tajemnic\u0105? Niedawno pisali\u015bmy o&nbsp;wyroku Wojew\u00f3dzkiego S\u0105du Administracyjnego w&nbsp;Poznaniu, kt\u00f3ry zobowi\u0105za\u0142 burmistrza Wrze\u015bni do udost\u0119pnienia informacji na temat finansowania budowy tuneli przy ul.&nbsp;Dzia\u0142kowc\u00f3w. Dzi\u015b informujemy o&nbsp;kolejnym wyroku.<\/p>\n<p>Tym razem sprawa dotyczy\u0142a pytania, z&nbsp;jakim zwr\u00f3cili\u015bmy si\u0119 do burmistrza w&nbsp;kwietniu tego roku. Wnioskowali\u015bmy wtedy o&nbsp;udzielenie informacji o&nbsp;jakie zewn\u0119trzne dofinansowania i&nbsp;\u015brodki zewn\u0119trzne wyst\u0105pi\u0142a nasza gmina w&nbsp;2020 i&nbsp;2021 roku.<\/p>\n<p>Poniewa\u017c nie uzyskali\u015bmy odpowiedzi na tak postawione pytanie &#8211; jak przeczytali\u015bmy w&nbsp;lakonicznym pi\u015bmie burmistrza z&nbsp;11 czerwca 2021 r. &bdquo;Gmina Wrze\u015bnia nie posiada takiego zestawienia&rdquo;, wnie\u015bli\u015bmy skarg\u0119 do Wojew\u00f3dzkiego S\u0105du Administracyjnego w&nbsp;Poznaniu. W&nbsp;ostatnich dniach s\u0105d przychyli\u0142 si\u0119 do naszego stanowiska i&nbsp;wyda\u0142 wyrok, w&nbsp;kt\u00f3rym zobowi\u0105za\u0142 burmistrza do udost\u0119pnienia informacji, o&nbsp;kt\u00f3re prosili\u015bmy. <br \/>Kolejny raz s\u0105d orzek\u0142 tak\u017ce o&nbsp;bezczynno\u015bci burmistrza.<\/p>\n<p>Kr\u00f3tko m\u00f3wi\u0105c, s\u0105d wskaza\u0142, \u017ce obywatele maj\u0105 prawo do dost\u0119pu do informacji publicznej &#8211; mamy nadziej\u0119, \u017ce burmistrz nie b\u0119dzie kwestionowa\u0107 tego rozstrzygni\u0119cia i&nbsp;nie b\u0119dzie odwo\u0142ywa\u0107 si\u0119 od wyroku do Naczelnego S\u0105du Administracyjnego, generuj\u0105c dodatkowe koszty.<\/p>\n<p><span class=\"tytul\">Inni pisz\u0105:<\/span><\/p>\n<p><a href=\"https:\/\/wrzesnia.info.pl\/pl\/19_wiadomosci_z_regionu\/635_wrzesnia\/17132_tajemnice-wrzesinskich-tuneli---co-ukrywa-burmistrz-wrzesni.html#ank\" target=\"_blank\" rel=\"noopener\">Tajemnice wrzesi\u0144skich tuneli &#8211; co ukrywa burmistrz Wrze\u015bni?<\/a><\/p>\n","protected":false},"excerpt":{"rendered":"<p>Czy w&nbsp;naszej gminie wszystko jest tajemnic\u0105? Niedawno pisali\u015bmy o&nbsp;wyroku Wojew\u00f3dzkiego S\u0105du Administracyjnego w&nbsp;Poznaniu, kt\u00f3ry zobowi\u0105za\u0142 burmistrza Wrze\u015bni do udost\u0119pnienia informacji na temat finansowania budowy tuneli przy ul.&nbsp;Dzia\u0142kowc\u00f3w. Dzi\u015b informujemy o&nbsp;kolejnym wyroku. Tym razem sprawa dotyczy\u0142a pytania, z&nbsp;jakim zwr\u00f3cili\u015bmy si\u0119 do burmistrza w&nbsp;kwietniu tego roku. Wnioskowali\u015bmy wtedy o&nbsp;udzielenie informacji o&nbsp;jakie zewn\u0119trzne dofinansowania i&nbsp;\u015brodki zewn\u0119trzne wyst\u0105pi\u0142a nasza [&hellip;]<\/p>\n","protected":false},"author":1,"featured_media":10831,"comment_status":"open","ping_status":"open","sticky":false,"template":"","format":"standard","meta":{"_acf_changed":false,"footnotes":""},"categories":[1],"tags":[],"class_list":["post-831","post","type-post","status-publish","format-standard","has-post-thumbnail","hentry","category-uncategorized"],"acf":[],"_links":{"self":[{"href":"https:\/\/www.projektwrzesnia.pl\/wordpress\/wp-json\/wp\/v2\/posts\/831","targetHints":{"allow":["GET"]}}],"collection":[{"href":"https:\/\/www.projektwrzesnia.pl\/wordpress\/wp-json\/wp\/v2\/posts"}],"about":[{"href":"https:\/\/www.projektwrzesnia.pl\/wordpress\/wp-json\/wp\/v2\/types\/post"}],"author":[{"embeddable":true,"href":"https:\/\/www.projektwrzesnia.pl\/wordpress\/wp-json\/wp\/v2\/users\/1"}],"replies":[{"embeddable":true,"href":"https:\/\/www.projektwrzesnia.pl\/wordpress\/wp-json\/wp\/v2\/comments?post=831"}],"version-history":[{"count":0,"href":"https:\/\/www.projektwrzesnia.pl\/wordpress\/wp-json\/wp\/v2\/posts\/831\/revisions"}],"wp:featuredmedia":[{"embeddable":true,"href":"https:\/\/www.projektwrzesnia.pl\/wordpress\/wp-json\/wp\/v2\/media\/10831"}],"wp:attachment":[{"href":"https:\/\/www.projektwrzesnia.pl\/wordpress\/wp-json\/wp\/v2\/media?parent=831"}],"wp:term":[{"taxonomy":"category","embeddable":true,"href":"https:\/\/www.projektwrzesnia.pl\/wordpress\/wp-json\/wp\/v2\/categories?post=831"},{"taxonomy":"post_tag","embeddable":true,"href":"https:\/\/www.projektwrzesnia.pl\/wordpress\/wp-json\/wp\/v2\/tags?post=831"}],"curies":[{"name":"wp","href":"https:\/\/api.w.org\/{rel}","templated":true}]}}