{"id":84,"date":"2016-12-09T20:00:00","date_gmt":"2016-12-09T20:00:00","guid":{"rendered":"http:\/\/www.projektwrzesnia.pl\/wordpress\/84\/"},"modified":"2016-12-09T20:00:00","modified_gmt":"2016-12-09T20:00:00","slug":"dwie-drogi","status":"publish","type":"post","link":"https:\/\/www.projektwrzesnia.pl\/wordpress\/84\/","title":{"rendered":"Dwie drogi"},"content":{"rendered":"<p>&nbsp;<em>Jakub Banaszak<\/em><em>&nbsp;&#8211; cz\u0142onek Stowarzyszenia Projekt Wrze\u015bnia<\/em><\/p>\n<p>Obszerny zadbany trawnik na pierwszym planie, na bokach i&nbsp;przy budynkach niskie krzewy, dope\u0142niaj\u0105ce ca\u0142o\u015b\u0107 drzewo wolnostoj\u0105ce, nie za du\u017ce, pi\u0119knie roz\u0142o\u017cyste. Czy taki jest idea\u0142 zieleni miejskiej? Estetyczne korzy\u015bci rozproszenia przestrzennego w&nbsp;og\u00f3le nie podlega\u0142yby dyskusji, gdyby taki&nbsp;model by\u0142 dla nas wszystkich niezaprzeczalnie dobry.<br \/>Niestety cz\u0119sto to, co wybieramy i&nbsp;to, co jest dla nas dobre, r\u00f3\u017cni si\u0119 od siebie. Z&nbsp;obserwacji m\u0105drych g\u0142\u00f3w wynika, \u017ce im bardziej przypadkowy i&nbsp;urozmaicony krajobraz, tym lepiej. Zatem te powtarzalne trawniki i&nbsp;formacje krzew\u00f3w mo\u017cemy por\u00f3wna\u0107 do pustych kalorii &ndash; rol\u0119 prawdziwego jedzenia stanowi\u0105 ekosystemy z\u0142o\u017cone i&nbsp;to one nas zaspokajaj\u0105.<br \/>W jaki spos\u00f3b osi\u0105gniemy biologiczn\u0105 r\u00f3\u017cnorodno\u015b\u0107 we Wrze\u015bni, gwarantuj\u0105c\u0105 mieszka\u0144com odpowiedni poziom nasycenia? S\u0105 dwie drogi. 1.&nbsp;Pozwolimy zdzicze\u0107 zieleni, by nabra\u0142a indywidualizmu. 2. Cz\u0142owiek b\u0119dzie musia\u0142 im t\u0119 r\u00f3\u017cnorodno\u015b\u0107 wszczepi\u0107.<br \/>Ale to jest pracoch\u0142onne. Nie my\u015bl\u0119 tu o&nbsp;hektarach, a&nbsp;o permanentnym obcowaniu z&nbsp;przyrod\u0105, nawet w&nbsp;ma\u0142ych ilo\u015bciach. Spr\u00f3bujmy j\u0105 przemyca\u0107 do&nbsp;miejsc o&nbsp;wi\u0119kszej g\u0119sto\u015bci zaludnienia z&nbsp;ca\u0142\u0105 jej r\u00f3\u017cnorodno\u015bci\u0105.<\/p>\n<p><em>Pierwotnie felieton zosta\u0142 opublikowany w&nbsp;tygodniku &#8222;Wiadomo\u015bci Wrzesi\u0144skie&#8221; oraz na portalu <a href=\"http:\/\/www.wrzesnia.info.pl\" target=\"_blank\" rel=\"noopener\">www.wrzesnia.info.pl<\/a><\/em><\/p>\n","protected":false},"excerpt":{"rendered":"<p>&nbsp;Jakub Banaszak&nbsp;&#8211; cz\u0142onek Stowarzyszenia Projekt Wrze\u015bnia Obszerny zadbany trawnik na pierwszym planie, na bokach i&nbsp;przy budynkach niskie krzewy, dope\u0142niaj\u0105ce ca\u0142o\u015b\u0107 drzewo wolnostoj\u0105ce, nie za du\u017ce, pi\u0119knie roz\u0142o\u017cyste. Czy taki jest idea\u0142 zieleni miejskiej? Estetyczne korzy\u015bci rozproszenia przestrzennego w&nbsp;og\u00f3le nie podlega\u0142yby dyskusji, gdyby taki&nbsp;model by\u0142 dla nas wszystkich niezaprzeczalnie dobry.Niestety cz\u0119sto to, co wybieramy i&nbsp;to, co [&hellip;]<\/p>\n","protected":false},"author":1,"featured_media":10171,"comment_status":"open","ping_status":"open","sticky":false,"template":"","format":"standard","meta":{"_acf_changed":false,"footnotes":""},"categories":[41],"tags":[],"class_list":["post-84","post","type-post","status-publish","format-standard","has-post-thumbnail","hentry","category-41"],"acf":[],"_links":{"self":[{"href":"https:\/\/www.projektwrzesnia.pl\/wordpress\/wp-json\/wp\/v2\/posts\/84","targetHints":{"allow":["GET"]}}],"collection":[{"href":"https:\/\/www.projektwrzesnia.pl\/wordpress\/wp-json\/wp\/v2\/posts"}],"about":[{"href":"https:\/\/www.projektwrzesnia.pl\/wordpress\/wp-json\/wp\/v2\/types\/post"}],"author":[{"embeddable":true,"href":"https:\/\/www.projektwrzesnia.pl\/wordpress\/wp-json\/wp\/v2\/users\/1"}],"replies":[{"embeddable":true,"href":"https:\/\/www.projektwrzesnia.pl\/wordpress\/wp-json\/wp\/v2\/comments?post=84"}],"version-history":[{"count":0,"href":"https:\/\/www.projektwrzesnia.pl\/wordpress\/wp-json\/wp\/v2\/posts\/84\/revisions"}],"wp:featuredmedia":[{"embeddable":true,"href":"https:\/\/www.projektwrzesnia.pl\/wordpress\/wp-json\/wp\/v2\/media\/10171"}],"wp:attachment":[{"href":"https:\/\/www.projektwrzesnia.pl\/wordpress\/wp-json\/wp\/v2\/media?parent=84"}],"wp:term":[{"taxonomy":"category","embeddable":true,"href":"https:\/\/www.projektwrzesnia.pl\/wordpress\/wp-json\/wp\/v2\/categories?post=84"},{"taxonomy":"post_tag","embeddable":true,"href":"https:\/\/www.projektwrzesnia.pl\/wordpress\/wp-json\/wp\/v2\/tags?post=84"}],"curies":[{"name":"wp","href":"https:\/\/api.w.org\/{rel}","templated":true}]}}