{"id":841,"date":"2021-11-19T20:00:00","date_gmt":"2021-11-19T20:00:00","guid":{"rendered":"http:\/\/www.projektwrzesnia.pl\/wordpress\/blog\/2021\/11\/19\/dzien-wszystkich-swietych-zajmuje-szczegolne-miejsce-w-kalendarzu\/"},"modified":"2021-11-19T20:00:00","modified_gmt":"2021-11-19T20:00:00","slug":"dzien-wszystkich-swietych-zajmuje-szczegolne-miejsce-w-kalendarzu","status":"publish","type":"post","link":"https:\/\/www.projektwrzesnia.pl\/wordpress\/841\/","title":{"rendered":"Dzie\u0144 Wszystkich \u015awi\u0119tych zajmuje szczeg\u00f3lne miejsce w&nbsp;kalendarzu"},"content":{"rendered":"<p>&nbsp;<\/p>\n<p>Dzie\u0144 Wszystkich \u015awi\u0119tych zajmuje szczeg\u00f3lne miejsce w&nbsp;kalendarzu. Jest to moment, w&nbsp;kt\u00f3rym \u015bwiat zwalnia, a&nbsp;ka\u017cdy z&nbsp;nas wspominaj\u0105c swoich bliskich sam si\u0119 zatrzymuje. Obok innych \u015bwi\u0105t narodowych jest to dzie\u0144, w&nbsp;kt\u00f3rym wspominamy naszych bohater\u00f3w walk o&nbsp;wolno\u015b\u0107 i&nbsp;polsko\u015b\u0107. Niestety wiele mogi\u0142, w&nbsp;kt\u00f3rych spoczywaj\u0105 powsta\u0144cy i&nbsp;zas\u0142u\u017ceni pozostaje zaniedbana i&nbsp;jakby opuszczona. Mo\u017ce to by\u0107 wynikiem braku rodziny, kt\u00f3ra zaopiekowa\u0142aby si\u0119 grobem, a&nbsp;mo\u017ce zapomnienia. Od kilku lat coraz wi\u0119ksz\u0105 popularno\u015bci\u0105 ciesz\u0105 si\u0119 kwesty, podczas kt\u00f3rych zbierane s\u0105 \u015brodki na renowacj\u0119 zabytkowych nagrobk\u00f3w. R\u00f3wnie\u017c przed bramami wrzesi\u0144skich cmentarzy spotka\u0107 mo\u017cna kwestuj\u0105cych. Cieszy, \u017ce odwiedzaj\u0105cy w&nbsp;tym dniu nekropolie coraz ch\u0119tniej wspieraj\u0105 t\u0119 inicjatyw\u0119 i&nbsp;dok\u0142adaj\u0105 w\u0142asn\u0105 cegie\u0142k\u0119 w&nbsp;piel\u0119gnowanie pami\u0119ci o&nbsp;zmar\u0142ych bohaterach. Opieka nad miejscami pami\u0119ci stanowi wa\u017cny element naszej to\u017csamo\u015bci. Tegoroczna pogoda zach\u0119ca\u0142a do wizyt na cmentarzach, co prze\u0142o\u017cy\u0142o si\u0119 na wysoki wynik zbi\u00f3rki. Efekty kwesty za ju\u017c kilka miesi\u0119cy b\u0119dzie mo\u017cna ogl\u0105da\u0107 na cmentarzu parafialnym przy ulicy Gnie\u017anie\u0144skiej.<\/p>\n<p><em><em class=\"tytul\">Juliusz<\/em><em><span class=\"tytul\">&nbsp;kruszy\u0144ski&nbsp; &#8211; cz\u0142onek Stowarzyszenia Projekt Wrze\u015bnia<\/span><a name=\"kk\"><\/a><\/em><\/em><\/p>\n<p><em>Pierwotnie felieton zosta\u0142 opublikowany w&nbsp;tygodniku &#8222;Wiadomo\u015bci Wrzesi\u0144skie&#8221; oraz na portalu <a href=\"http:\/\/www.wrzesnia.info.pl\" target=\"_blank\" rel=\"noopener\">www.wrzesnia.info.pl<\/a><\/em><\/p>\n","protected":false},"excerpt":{"rendered":"<p>&nbsp; Dzie\u0144 Wszystkich \u015awi\u0119tych zajmuje szczeg\u00f3lne miejsce w&nbsp;kalendarzu. Jest to moment, w&nbsp;kt\u00f3rym \u015bwiat zwalnia, a&nbsp;ka\u017cdy z&nbsp;nas wspominaj\u0105c swoich bliskich sam si\u0119 zatrzymuje. Obok innych \u015bwi\u0105t narodowych jest to dzie\u0144, w&nbsp;kt\u00f3rym wspominamy naszych bohater\u00f3w walk o&nbsp;wolno\u015b\u0107 i&nbsp;polsko\u015b\u0107. Niestety wiele mogi\u0142, w&nbsp;kt\u00f3rych spoczywaj\u0105 powsta\u0144cy i&nbsp;zas\u0142u\u017ceni pozostaje zaniedbana i&nbsp;jakby opuszczona. Mo\u017ce to by\u0107 wynikiem braku rodziny, kt\u00f3ra zaopiekowa\u0142aby [&hellip;]<\/p>\n","protected":false},"author":1,"featured_media":10874,"comment_status":"open","ping_status":"open","sticky":false,"template":"","format":"standard","meta":{"_acf_changed":false,"footnotes":""},"categories":[41],"tags":[],"class_list":["post-841","post","type-post","status-publish","format-standard","has-post-thumbnail","hentry","category-41"],"acf":[],"_links":{"self":[{"href":"https:\/\/www.projektwrzesnia.pl\/wordpress\/wp-json\/wp\/v2\/posts\/841","targetHints":{"allow":["GET"]}}],"collection":[{"href":"https:\/\/www.projektwrzesnia.pl\/wordpress\/wp-json\/wp\/v2\/posts"}],"about":[{"href":"https:\/\/www.projektwrzesnia.pl\/wordpress\/wp-json\/wp\/v2\/types\/post"}],"author":[{"embeddable":true,"href":"https:\/\/www.projektwrzesnia.pl\/wordpress\/wp-json\/wp\/v2\/users\/1"}],"replies":[{"embeddable":true,"href":"https:\/\/www.projektwrzesnia.pl\/wordpress\/wp-json\/wp\/v2\/comments?post=841"}],"version-history":[{"count":0,"href":"https:\/\/www.projektwrzesnia.pl\/wordpress\/wp-json\/wp\/v2\/posts\/841\/revisions"}],"wp:featuredmedia":[{"embeddable":true,"href":"https:\/\/www.projektwrzesnia.pl\/wordpress\/wp-json\/wp\/v2\/media\/10874"}],"wp:attachment":[{"href":"https:\/\/www.projektwrzesnia.pl\/wordpress\/wp-json\/wp\/v2\/media?parent=841"}],"wp:term":[{"taxonomy":"category","embeddable":true,"href":"https:\/\/www.projektwrzesnia.pl\/wordpress\/wp-json\/wp\/v2\/categories?post=841"},{"taxonomy":"post_tag","embeddable":true,"href":"https:\/\/www.projektwrzesnia.pl\/wordpress\/wp-json\/wp\/v2\/tags?post=841"}],"curies":[{"name":"wp","href":"https:\/\/api.w.org\/{rel}","templated":true}]}}