{"id":844,"date":"2021-11-24T20:00:00","date_gmt":"2021-11-24T20:00:00","guid":{"rendered":"http:\/\/www.projektwrzesnia.pl\/wordpress\/844\/"},"modified":"2021-11-24T20:00:00","modified_gmt":"2021-11-24T20:00:00","slug":"wiele-pomyslow-po-warsztatach-w-sedziwojewie","status":"publish","type":"post","link":"https:\/\/www.projektwrzesnia.pl\/wordpress\/844\/","title":{"rendered":"Wiele pomys\u0142\u00f3w po warsztatach w\u00a0S\u0119dziwojewie"},"content":{"rendered":"<p>Wszystkim nam zale\u017cy na \u017cyciu w&nbsp;ciekawej okolicy. Lubimy si\u0119 integrowa\u0107, spotyka\u0107 z&nbsp;s\u0105siadami oraz gdy w&nbsp;naszej miejscowo\u015bci &#8222;co\u015b&#8221; si\u0119 dzieje. Czasem jednak tego &#8222;czego\u015b&#8221; nie mo\u017cemy si\u0119 doczeka\u0107. Postanowili\u015bmy to zmieni\u0107, dlatego wczoraj w&nbsp;S\u0119dziwojewie wsp\u00f3lnie z&nbsp;mieszka\u0144cami zastanawiali\u015bmy si\u0119, jak o\u017cywi\u0107 kultur\u0119 na wsi.&nbsp; By\u0142o to kolejne warsztaty z&nbsp;cyklu &bdquo;Narz\u0119dziownia obywatelska &ndash; czyli jak rozkr\u0119ci\u0107 wrzesi\u0144sk\u0105 wie\u015b&rdquo;.<\/p>\n<p>Jako pierwsza g\u0142os zabra\u0142a dr Sylwia Szykowna, kt\u00f3ra opowiedzia\u0142a o&nbsp;r\u00f3\u017cnych pomys\u0142ach na rozkr\u0119cenie \u017cycia kulturalnego na wsi. Badaczka wsp\u00f3\u0142czesnej kultury, medi\u00f3w i&nbsp;praktyk artystycznych zaanga\u017cowa\u0142a mieszka\u0144c\u00f3w do ciekawej wymiany my\u015bli i&nbsp;do\u015bwiadcze\u0144. A&nbsp;wszystko to w&nbsp;lu\u017anej i&nbsp;przyjaznej atmosferze.<\/p>\n<p>Nast\u0119pnie B\u0142a\u017cej \u015aniegowski, podzieli\u0142 si\u0119 swoim do\u015bwiadczeniem w&nbsp;ratowaniu zapomnianych cmentarzy w&nbsp;podwrzesi\u0144skich miejscowo\u015bciach, w&nbsp;tym r\u00f3wnie\u017c w&nbsp;S\u0119dziwojewie. Jego wyst\u0105pienie bardzo zainteresowa\u0142o mieszka\u0144c\u00f3w, kt\u00f3rzy jeszcze w&nbsp;trakcie spotkania dopytywali, jak mog\u0105 wesprze\u0107 godn\u0105 uznania prac\u0119 spo\u0142ecznika.<\/p>\n<p>W trakcie spotkania mieszka\u0144cy wype\u0142nili ankiet\u0119 na temat kultury w&nbsp;ich okolicy. Wi\u0119kszo\u015b\u0107 os\u00f3b oceni\u0142a, \u017ce w&nbsp;ostatnich 2 latach jej stan jest na podobnym poziomie i&nbsp;wymaga o\u017cywienia. Mamy nadziej\u0119, \u017ce przeprowadzone warsztaty cho\u0107 w&nbsp;pewnym stopniu poprawi\u0105 t\u0119 sytuacj\u0119. Mog\u0105 temu pom\u00f3c r\u00f3wnie\u017c pomys\u0142y, kt\u00f3rymi uczestnicy spotkania podzielili si\u0119 w&nbsp;ankiecie.<\/p>\n<p>Energii nikomu wczoraj nie brakowa\u0142o &#8211; po zako\u0144czeniu warsztat\u00f3w jeszcze d\u0142ugo nie mogli\u015bmy si\u0119 rozej\u015b\u0107 i&nbsp;wymieniali\u015bmy spostrze\u017cenia podczas smacznego pocz\u0119stunku.<\/p>\n<p>Bardzo cieszymy si\u0119 z&nbsp;produktywnego spotkania i&nbsp;inspiruj\u0105cych rozm\u00f3w po nim, a&nbsp;o kolejnych dzia\u0142aniach w&nbsp;ramach projektu b\u0119dziemy informowa\u0107 ju\u017c wkr\u00f3tce.<\/p>\n<p>Projekt &bdquo;Narz\u0119dziownia obywatelska &ndash; czyli jak rozkr\u0119ci\u0107 wrzesi\u0144sk\u0105 wie\u015b&rdquo; realizujemy przy wsparciu z&nbsp;dotacji programu Aktywni Obywatele &ndash; Fundusz Krajowy, finansowanego z&nbsp;Funduszy EOG.<\/p>\n<figure class=\"is-layout-flex wp-block-gallery-1 wp-block-gallery has-nested-images columns-default is-cropped\">\n<figure class=\"wp-block-image\"><img loading=\"lazy\" decoding=\"async\" width=\"960\" height=\"720\" src=\"https:\/\/www.projektwrzesnia.pl\/wordpress\/wp-content\/uploads\/2023\/03\/20211124_sedziwojewo__11_.jpg\" alt=\"\" class=\"wp-image-108440\" srcset=\"https:\/\/www.projektwrzesnia.pl\/wordpress\/wp-content\/uploads\/2023\/03\/20211124_sedziwojewo__11_.jpg 960w, https:\/\/www.projektwrzesnia.pl\/wordpress\/wp-content\/uploads\/2023\/03\/20211124_sedziwojewo__11_-300x225.jpg 300w, https:\/\/www.projektwrzesnia.pl\/wordpress\/wp-content\/uploads\/2023\/03\/20211124_sedziwojewo__11_-768x576.jpg 768w\" sizes=\"auto, (max-width: 960px) 100vw, 960px\" \/><\/figure>\n<figure class=\"wp-block-image\"><img loading=\"lazy\" decoding=\"async\" width=\"960\" height=\"720\" src=\"https:\/\/www.projektwrzesnia.pl\/wordpress\/wp-content\/uploads\/2023\/03\/20211124_sedziwojewo__12_.jpg\" alt=\"\" class=\"wp-image-108441\" srcset=\"https:\/\/www.projektwrzesnia.pl\/wordpress\/wp-content\/uploads\/2023\/03\/20211124_sedziwojewo__12_.jpg 960w, https:\/\/www.projektwrzesnia.pl\/wordpress\/wp-content\/uploads\/2023\/03\/20211124_sedziwojewo__12_-300x225.jpg 300w, https:\/\/www.projektwrzesnia.pl\/wordpress\/wp-content\/uploads\/2023\/03\/20211124_sedziwojewo__12_-768x576.jpg 768w\" sizes=\"auto, (max-width: 960px) 100vw, 960px\" \/><\/figure>\n<figure class=\"wp-block-image\"><img loading=\"lazy\" decoding=\"async\" width=\"960\" height=\"631\" src=\"https:\/\/www.projektwrzesnia.pl\/wordpress\/wp-content\/uploads\/2023\/03\/20211124_sedziwojewo__13_.jpg\" alt=\"\" class=\"wp-image-108442\" srcset=\"https:\/\/www.projektwrzesnia.pl\/wordpress\/wp-content\/uploads\/2023\/03\/20211124_sedziwojewo__13_.jpg 960w, https:\/\/www.projektwrzesnia.pl\/wordpress\/wp-content\/uploads\/2023\/03\/20211124_sedziwojewo__13_-300x197.jpg 300w, https:\/\/www.projektwrzesnia.pl\/wordpress\/wp-content\/uploads\/2023\/03\/20211124_sedziwojewo__13_-768x505.jpg 768w\" sizes=\"auto, (max-width: 960px) 100vw, 960px\" \/><\/figure>\n<figure class=\"wp-block-image\"><img loading=\"lazy\" decoding=\"async\" width=\"960\" height=\"540\" src=\"https:\/\/www.projektwrzesnia.pl\/wordpress\/wp-content\/uploads\/2023\/03\/20211124_sedziwojewo__14_.jpg\" alt=\"\" class=\"wp-image-108443\" srcset=\"https:\/\/www.projektwrzesnia.pl\/wordpress\/wp-content\/uploads\/2023\/03\/20211124_sedziwojewo__14_.jpg 960w, https:\/\/www.projektwrzesnia.pl\/wordpress\/wp-content\/uploads\/2023\/03\/20211124_sedziwojewo__14_-300x169.jpg 300w, https:\/\/www.projektwrzesnia.pl\/wordpress\/wp-content\/uploads\/2023\/03\/20211124_sedziwojewo__14_-768x432.jpg 768w\" sizes=\"auto, (max-width: 960px) 100vw, 960px\" \/><\/figure>\n<figure class=\"wp-block-image\"><img loading=\"lazy\" decoding=\"async\" width=\"960\" height=\"540\" src=\"https:\/\/www.projektwrzesnia.pl\/wordpress\/wp-content\/uploads\/2023\/03\/20211124_sedziwojewo__15_.jpg\" alt=\"\" class=\"wp-image-108444\" srcset=\"https:\/\/www.projektwrzesnia.pl\/wordpress\/wp-content\/uploads\/2023\/03\/20211124_sedziwojewo__15_.jpg 960w, https:\/\/www.projektwrzesnia.pl\/wordpress\/wp-content\/uploads\/2023\/03\/20211124_sedziwojewo__15_-300x169.jpg 300w, https:\/\/www.projektwrzesnia.pl\/wordpress\/wp-content\/uploads\/2023\/03\/20211124_sedziwojewo__15_-768x432.jpg 768w\" sizes=\"auto, (max-width: 960px) 100vw, 960px\" \/><\/figure>\n<figure class=\"wp-block-image\"><img loading=\"lazy\" decoding=\"async\" width=\"960\" height=\"720\" src=\"https:\/\/www.projektwrzesnia.pl\/wordpress\/wp-content\/uploads\/2023\/03\/20211124_sedziwojewo__16_.jpg\" alt=\"\" class=\"wp-image-108445\" srcset=\"https:\/\/www.projektwrzesnia.pl\/wordpress\/wp-content\/uploads\/2023\/03\/20211124_sedziwojewo__16_.jpg 960w, https:\/\/www.projektwrzesnia.pl\/wordpress\/wp-content\/uploads\/2023\/03\/20211124_sedziwojewo__16_-300x225.jpg 300w, https:\/\/www.projektwrzesnia.pl\/wordpress\/wp-content\/uploads\/2023\/03\/20211124_sedziwojewo__16_-768x576.jpg 768w\" sizes=\"auto, (max-width: 960px) 100vw, 960px\" \/><\/figure>\n<figure class=\"wp-block-image\"><img loading=\"lazy\" decoding=\"async\" width=\"960\" height=\"720\" src=\"https:\/\/www.projektwrzesnia.pl\/wordpress\/wp-content\/uploads\/2023\/03\/20211124_sedziwojewo__17_.jpg\" alt=\"\" class=\"wp-image-108446\" srcset=\"https:\/\/www.projektwrzesnia.pl\/wordpress\/wp-content\/uploads\/2023\/03\/20211124_sedziwojewo__17_.jpg 960w, https:\/\/www.projektwrzesnia.pl\/wordpress\/wp-content\/uploads\/2023\/03\/20211124_sedziwojewo__17_-300x225.jpg 300w, https:\/\/www.projektwrzesnia.pl\/wordpress\/wp-content\/uploads\/2023\/03\/20211124_sedziwojewo__17_-768x576.jpg 768w\" sizes=\"auto, (max-width: 960px) 100vw, 960px\" \/><\/figure>\n<figure class=\"wp-block-image\"><img loading=\"lazy\" decoding=\"async\" width=\"960\" height=\"720\" src=\"https:\/\/www.projektwrzesnia.pl\/wordpress\/wp-content\/uploads\/2023\/03\/20211124_sedziwojewo__18_.jpg\" alt=\"\" class=\"wp-image-108447\" srcset=\"https:\/\/www.projektwrzesnia.pl\/wordpress\/wp-content\/uploads\/2023\/03\/20211124_sedziwojewo__18_.jpg 960w, https:\/\/www.projektwrzesnia.pl\/wordpress\/wp-content\/uploads\/2023\/03\/20211124_sedziwojewo__18_-300x225.jpg 300w, https:\/\/www.projektwrzesnia.pl\/wordpress\/wp-content\/uploads\/2023\/03\/20211124_sedziwojewo__18_-768x576.jpg 768w\" sizes=\"auto, (max-width: 960px) 100vw, 960px\" \/><\/figure>\n<figure class=\"wp-block-image\"><img loading=\"lazy\" decoding=\"async\" width=\"960\" height=\"720\" src=\"https:\/\/www.projektwrzesnia.pl\/wordpress\/wp-content\/uploads\/2023\/03\/20211124_sedziwojewo__19_.jpg\" alt=\"\" class=\"wp-image-108448\" srcset=\"https:\/\/www.projektwrzesnia.pl\/wordpress\/wp-content\/uploads\/2023\/03\/20211124_sedziwojewo__19_.jpg 960w, https:\/\/www.projektwrzesnia.pl\/wordpress\/wp-content\/uploads\/2023\/03\/20211124_sedziwojewo__19_-300x225.jpg 300w, https:\/\/www.projektwrzesnia.pl\/wordpress\/wp-content\/uploads\/2023\/03\/20211124_sedziwojewo__19_-768x576.jpg 768w\" sizes=\"auto, (max-width: 960px) 100vw, 960px\" \/><\/figure>\n<figure class=\"wp-block-image\"><img loading=\"lazy\" decoding=\"async\" width=\"960\" height=\"720\" src=\"https:\/\/www.projektwrzesnia.pl\/wordpress\/wp-content\/uploads\/2023\/03\/20211124_sedziwojewo__20_.jpg\" alt=\"\" class=\"wp-image-108449\" srcset=\"https:\/\/www.projektwrzesnia.pl\/wordpress\/wp-content\/uploads\/2023\/03\/20211124_sedziwojewo__20_.jpg 960w, https:\/\/www.projektwrzesnia.pl\/wordpress\/wp-content\/uploads\/2023\/03\/20211124_sedziwojewo__20_-300x225.jpg 300w, https:\/\/www.projektwrzesnia.pl\/wordpress\/wp-content\/uploads\/2023\/03\/20211124_sedziwojewo__20_-768x576.jpg 768w\" sizes=\"auto, (max-width: 960px) 100vw, 960px\" \/><\/figure>\n<figure class=\"wp-block-image\"><img loading=\"lazy\" decoding=\"async\" width=\"960\" height=\"720\" src=\"https:\/\/www.projektwrzesnia.pl\/wordpress\/wp-content\/uploads\/2023\/03\/20211124_sedziwojewo__21_.jpg\" alt=\"\" class=\"wp-image-1084410\" srcset=\"https:\/\/www.projektwrzesnia.pl\/wordpress\/wp-content\/uploads\/2023\/03\/20211124_sedziwojewo__21_.jpg 960w, https:\/\/www.projektwrzesnia.pl\/wordpress\/wp-content\/uploads\/2023\/03\/20211124_sedziwojewo__21_-300x225.jpg 300w, https:\/\/www.projektwrzesnia.pl\/wordpress\/wp-content\/uploads\/2023\/03\/20211124_sedziwojewo__21_-768x576.jpg 768w\" sizes=\"auto, (max-width: 960px) 100vw, 960px\" \/><\/figure>\n<figure class=\"wp-block-image\"><img loading=\"lazy\" decoding=\"async\" width=\"960\" height=\"720\" src=\"https:\/\/www.projektwrzesnia.pl\/wordpress\/wp-content\/uploads\/2023\/03\/20211124_sedziwojewo__22_.jpg\" alt=\"\" class=\"wp-image-1084411\" srcset=\"https:\/\/www.projektwrzesnia.pl\/wordpress\/wp-content\/uploads\/2023\/03\/20211124_sedziwojewo__22_.jpg 960w, https:\/\/www.projektwrzesnia.pl\/wordpress\/wp-content\/uploads\/2023\/03\/20211124_sedziwojewo__22_-300x225.jpg 300w, https:\/\/www.projektwrzesnia.pl\/wordpress\/wp-content\/uploads\/2023\/03\/20211124_sedziwojewo__22_-768x576.jpg 768w\" sizes=\"auto, (max-width: 960px) 100vw, 960px\" \/><\/figure>\n<figure class=\"wp-block-image\"><img loading=\"lazy\" decoding=\"async\" width=\"960\" height=\"720\" src=\"https:\/\/www.projektwrzesnia.pl\/wordpress\/wp-content\/uploads\/2023\/03\/20211124_sedziwojewo__23_.jpg\" alt=\"\" class=\"wp-image-1084412\" srcset=\"https:\/\/www.projektwrzesnia.pl\/wordpress\/wp-content\/uploads\/2023\/03\/20211124_sedziwojewo__23_.jpg 960w, https:\/\/www.projektwrzesnia.pl\/wordpress\/wp-content\/uploads\/2023\/03\/20211124_sedziwojewo__23_-300x225.jpg 300w, https:\/\/www.projektwrzesnia.pl\/wordpress\/wp-content\/uploads\/2023\/03\/20211124_sedziwojewo__23_-768x576.jpg 768w\" sizes=\"auto, (max-width: 960px) 100vw, 960px\" \/><\/figure>\n<figure class=\"wp-block-image\"><img loading=\"lazy\" decoding=\"async\" width=\"960\" height=\"720\" src=\"https:\/\/www.projektwrzesnia.pl\/wordpress\/wp-content\/uploads\/2023\/03\/20211124_sedziwojewo__24_.jpg\" alt=\"\" class=\"wp-image-1084413\" srcset=\"https:\/\/www.projektwrzesnia.pl\/wordpress\/wp-content\/uploads\/2023\/03\/20211124_sedziwojewo__24_.jpg 960w, https:\/\/www.projektwrzesnia.pl\/wordpress\/wp-content\/uploads\/2023\/03\/20211124_sedziwojewo__24_-300x225.jpg 300w, https:\/\/www.projektwrzesnia.pl\/wordpress\/wp-content\/uploads\/2023\/03\/20211124_sedziwojewo__24_-768x576.jpg 768w\" sizes=\"auto, (max-width: 960px) 100vw, 960px\" \/><\/figure>\n<figure class=\"wp-block-image\"><img loading=\"lazy\" decoding=\"async\" width=\"960\" height=\"720\" src=\"https:\/\/www.projektwrzesnia.pl\/wordpress\/wp-content\/uploads\/2023\/03\/20211124_sedziwojewo__25_.jpg\" alt=\"\" class=\"wp-image-1084414\" srcset=\"https:\/\/www.projektwrzesnia.pl\/wordpress\/wp-content\/uploads\/2023\/03\/20211124_sedziwojewo__25_.jpg 960w, https:\/\/www.projektwrzesnia.pl\/wordpress\/wp-content\/uploads\/2023\/03\/20211124_sedziwojewo__25_-300x225.jpg 300w, https:\/\/www.projektwrzesnia.pl\/wordpress\/wp-content\/uploads\/2023\/03\/20211124_sedziwojewo__25_-768x576.jpg 768w\" sizes=\"auto, (max-width: 960px) 100vw, 960px\" \/><\/figure>\n<figure class=\"wp-block-image\"><img loading=\"lazy\" decoding=\"async\" width=\"960\" height=\"720\" src=\"https:\/\/www.projektwrzesnia.pl\/wordpress\/wp-content\/uploads\/2023\/03\/20211124_sedziwojewo__26_.jpg\" alt=\"\" class=\"wp-image-1084415\" srcset=\"https:\/\/www.projektwrzesnia.pl\/wordpress\/wp-content\/uploads\/2023\/03\/20211124_sedziwojewo__26_.jpg 960w, https:\/\/www.projektwrzesnia.pl\/wordpress\/wp-content\/uploads\/2023\/03\/20211124_sedziwojewo__26_-300x225.jpg 300w, https:\/\/www.projektwrzesnia.pl\/wordpress\/wp-content\/uploads\/2023\/03\/20211124_sedziwojewo__26_-768x576.jpg 768w\" sizes=\"auto, (max-width: 960px) 100vw, 960px\" \/><\/figure>\n<figure class=\"wp-block-image\"><img loading=\"lazy\" decoding=\"async\" width=\"960\" height=\"720\" src=\"https:\/\/www.projektwrzesnia.pl\/wordpress\/wp-content\/uploads\/2023\/03\/20211124_sedziwojewo__27_.jpg\" alt=\"\" class=\"wp-image-1084416\" srcset=\"https:\/\/www.projektwrzesnia.pl\/wordpress\/wp-content\/uploads\/2023\/03\/20211124_sedziwojewo__27_.jpg 960w, https:\/\/www.projektwrzesnia.pl\/wordpress\/wp-content\/uploads\/2023\/03\/20211124_sedziwojewo__27_-300x225.jpg 300w, https:\/\/www.projektwrzesnia.pl\/wordpress\/wp-content\/uploads\/2023\/03\/20211124_sedziwojewo__27_-768x576.jpg 768w\" sizes=\"auto, (max-width: 960px) 100vw, 960px\" \/><\/figure>\n<figure class=\"wp-block-image\"><img loading=\"lazy\" decoding=\"async\" width=\"960\" height=\"720\" src=\"https:\/\/www.projektwrzesnia.pl\/wordpress\/wp-content\/uploads\/2023\/03\/20211124_sedziwojewo__28_.jpg\" alt=\"\" class=\"wp-image-1084417\" srcset=\"https:\/\/www.projektwrzesnia.pl\/wordpress\/wp-content\/uploads\/2023\/03\/20211124_sedziwojewo__28_.jpg 960w, https:\/\/www.projektwrzesnia.pl\/wordpress\/wp-content\/uploads\/2023\/03\/20211124_sedziwojewo__28_-300x225.jpg 300w, https:\/\/www.projektwrzesnia.pl\/wordpress\/wp-content\/uploads\/2023\/03\/20211124_sedziwojewo__28_-768x576.jpg 768w\" sizes=\"auto, (max-width: 960px) 100vw, 960px\" \/><\/figure>\n<figure class=\"wp-block-image\"><img loading=\"lazy\" decoding=\"async\" width=\"960\" height=\"540\" src=\"https:\/\/www.projektwrzesnia.pl\/wordpress\/wp-content\/uploads\/2023\/03\/20211124_sedziwojewo__29_.jpg\" alt=\"\" class=\"wp-image-1084418\" srcset=\"https:\/\/www.projektwrzesnia.pl\/wordpress\/wp-content\/uploads\/2023\/03\/20211124_sedziwojewo__29_.jpg 960w, https:\/\/www.projektwrzesnia.pl\/wordpress\/wp-content\/uploads\/2023\/03\/20211124_sedziwojewo__29_-300x169.jpg 300w, https:\/\/www.projektwrzesnia.pl\/wordpress\/wp-content\/uploads\/2023\/03\/20211124_sedziwojewo__29_-768x432.jpg 768w\" sizes=\"auto, (max-width: 960px) 100vw, 960px\" \/><\/figure>\n<\/figure>\n","protected":false},"excerpt":{"rendered":"<p>Wszystkim nam zale\u017cy na \u017cyciu w&nbsp;ciekawej okolicy. Lubimy si\u0119 integrowa\u0107, spotyka\u0107 z&nbsp;s\u0105siadami oraz gdy w&nbsp;naszej miejscowo\u015bci &#8222;co\u015b&#8221; si\u0119 dzieje. Czasem jednak tego &#8222;czego\u015b&#8221; nie mo\u017cemy si\u0119 doczeka\u0107. Postanowili\u015bmy to zmieni\u0107, dlatego wczoraj w&nbsp;S\u0119dziwojewie wsp\u00f3lnie z&nbsp;mieszka\u0144cami zastanawiali\u015bmy si\u0119, jak o\u017cywi\u0107 kultur\u0119 na wsi.&nbsp; By\u0142o to kolejne warsztaty z&nbsp;cyklu &bdquo;Narz\u0119dziownia obywatelska &ndash; czyli jak rozkr\u0119ci\u0107 wrzesi\u0144sk\u0105 wie\u015b&rdquo;. [&hellip;]<\/p>\n","protected":false},"author":1,"featured_media":10844,"comment_status":"open","ping_status":"open","sticky":false,"template":"","format":"standard","meta":{"_acf_changed":false,"footnotes":""},"categories":[7],"tags":[],"class_list":["post-844","post","type-post","status-publish","format-standard","has-post-thumbnail","hentry","category-7"],"acf":[],"_links":{"self":[{"href":"https:\/\/www.projektwrzesnia.pl\/wordpress\/wp-json\/wp\/v2\/posts\/844","targetHints":{"allow":["GET"]}}],"collection":[{"href":"https:\/\/www.projektwrzesnia.pl\/wordpress\/wp-json\/wp\/v2\/posts"}],"about":[{"href":"https:\/\/www.projektwrzesnia.pl\/wordpress\/wp-json\/wp\/v2\/types\/post"}],"author":[{"embeddable":true,"href":"https:\/\/www.projektwrzesnia.pl\/wordpress\/wp-json\/wp\/v2\/users\/1"}],"replies":[{"embeddable":true,"href":"https:\/\/www.projektwrzesnia.pl\/wordpress\/wp-json\/wp\/v2\/comments?post=844"}],"version-history":[{"count":0,"href":"https:\/\/www.projektwrzesnia.pl\/wordpress\/wp-json\/wp\/v2\/posts\/844\/revisions"}],"wp:featuredmedia":[{"embeddable":true,"href":"https:\/\/www.projektwrzesnia.pl\/wordpress\/wp-json\/wp\/v2\/media\/10844"}],"wp:attachment":[{"href":"https:\/\/www.projektwrzesnia.pl\/wordpress\/wp-json\/wp\/v2\/media?parent=844"}],"wp:term":[{"taxonomy":"category","embeddable":true,"href":"https:\/\/www.projektwrzesnia.pl\/wordpress\/wp-json\/wp\/v2\/categories?post=844"},{"taxonomy":"post_tag","embeddable":true,"href":"https:\/\/www.projektwrzesnia.pl\/wordpress\/wp-json\/wp\/v2\/tags?post=844"}],"curies":[{"name":"wp","href":"https:\/\/api.w.org\/{rel}","templated":true}]}}