{"id":846,"date":"2021-11-25T20:00:00","date_gmt":"2021-11-25T20:00:00","guid":{"rendered":"http:\/\/www.projektwrzesnia.pl\/wordpress\/846\/"},"modified":"2021-11-25T20:00:00","modified_gmt":"2021-11-25T20:00:00","slug":"xxviii-nadzwyczajna-sesja-rady-miejskiej-we-wrzesni","status":"publish","type":"post","link":"https:\/\/www.projektwrzesnia.pl\/wordpress\/846\/","title":{"rendered":"XXVIII Nadzwyczajna Sesja Rady Miejskiej we Wrze\u015bni"},"content":{"rendered":"<\/p>\n<p>Dzisiaj odby\u0142a si\u0119 XXVIII Nadzwyczajna Sesja Rady Miejskiej we&nbsp;Wrze\u015bni. W&nbsp;jej trakcie obradowali\u015bmy nad zmianami bud\u017cetowymi oraz podwy\u017ckami diet i&nbsp;wynagrodze\u0144 dla burmistrza i&nbsp;radnych. Ta&nbsp;ostatnia kwestia wzbudzi\u0142a najwi\u0119cej emocji, czemu nie mo\u017cna si\u0119 dziwi\u0107.<\/p>\n<p>Zgodnie z&nbsp;zaproponowanymi przez burmistrza rozwi\u0105zaniami, diety dla zwyk\u0142ych radnych mia\u0142yby wzrosn\u0105\u0107 z&nbsp;1400 z\u0142 miesi\u0119cznie do&nbsp;dok\u0142adnie 1968,36 z\u0142. Wzrost wynagrodze\u0144 radnych do blisko 2&nbsp;tysi\u0119cy z\u0142otych jest naszym zdaniem bardzo nie na miejscu. Od&nbsp;prawie dw\u00f3ch lat radni prawie nie spotykaj\u0105 si\u0119 na posiedzeniach komisji. Oficjalnym powodem jest pandemia, ale jak wiemy, w&nbsp;innych gminach komisje nie przesta\u0142y pracowa\u0107, przechodz\u0105c cho\u0107by na tryb zdalny. Warto jeszcze wspomnie\u0107, \u017ce ju\u017c przed pandemi\u0105 komisje pracowa\u0142y w&nbsp;bardzo ograniczonym zakresie. Z&nbsp;kolei na sesjach wi\u0119kszo\u015b\u0107 radnych w&nbsp;og\u00f3le nie zabiera g\u0142osu. W&nbsp;takiej sytuacji nie mo\u017cna by\u0142o g\u0142osowa\u0107 &bdquo;za&rdquo; wzrostem diet. Po prostu radnym nie nale\u017cy si\u0119 podwy\u017cka za nic nie robienie.<\/p>\n<p>Jako Projekt Wrze\u015bnia zaproponowali\u015bmy poprawk\u0119 do tej uchwa\u0142y, aby diety radnych zr\u00f3wna\u0107 z&nbsp;dietami so\u0142tys\u00f3w, kt\u00f3rzy wykonuj\u0105 \u015bwietn\u0105 robot\u0119 na wsiach. Diety so\u0142tys\u00f3w b\u0119d\u0105 wynosi\u0142y 941,23 z\u0142 i&nbsp;naszym zdaniem radni powinni otrzymywa\u0107 tyle samo. Niestety radni Unii Wrze\u015bnian, PO i&nbsp;PiS byli innego zdania i&nbsp;zdecydowali si\u0119 odrzuci\u0107 nasz\u0105 propozycj\u0119. Inaczej zag\u0142osowa\u0142 jedynie radny Jaros\u0142aw Kowalewski, kt\u00f3ry popar\u0142 nasz pomys\u0142.<\/p>\n<p>Na koniec odby\u0142a si\u0119 dyskusja nad wynagrodzeniem burmistrza, kt\u00f3re r\u00f3wnie\u017c ma wzrosn\u0105\u0107. W&nbsp;tej sprawie zdecydowali\u015bmy si\u0119 nie g\u0142osowa\u0107 &bdquo;za&rdquo;.<\/p>\n<p>Mo\u017cna podsumowa\u0107, \u017ce samorz\u0105d, zw\u0142aszcza je\u015bli chodzi o&nbsp;radnych, powinien by\u0107 miejscem rzetelnej pracy dla gminy i&nbsp;jej miesza\u0144c\u00f3w. Niestety jest inaczej.<\/p>\n<p>&nbsp;<\/p>\n<p class=\"tytul\">WIDEO<\/p>\n<p class=\"tresc\" style=\"text-align: left;\"><iframe loading=\"lazy\" src=\"https:\/\/www.youtube.com\/embed\/Un7cMAYzMrI\" width=\"425\" height=\"350\" frameborder=\"0\" style=\"float: left;\"><\/iframe> &nbsp;<\/p>\n<div class=\"tresc\" style=\"text-align: left;\">&nbsp; &nbsp; &nbsp; &nbsp; &nbsp; &bull; Porz\u0105dek obrad sesji [<a href=\"https:\/\/wrzesnia.esesja.pl\/posiedzenie\/6937d0a7-d174-4\" target=\"_blank\" rel=\"noopener\">tutaj<\/a>]<\/div>\n<div class=\"tresc\" style=\"text-align: left;\">&nbsp; &nbsp; &nbsp; &nbsp; &nbsp; &nbsp; Link do kana\u0142u Urz\u0119du Miasta i&nbsp;Gminy Wrze\u015bnia [<a href=\"https:\/\/www.youtube.com\/user\/umigwrzesnia\/videos\" target=\"_blank\" rel=\"noopener\">tutaj<\/a>]&nbsp;<br \/>&nbsp; &nbsp; &nbsp; &nbsp; &nbsp; &nbsp; (materia\u0142 zwykle dost\u0119pny jest na nast\u0119pny dzie\u0144)&nbsp; &nbsp; &nbsp; &nbsp; &nbsp; &nbsp; &nbsp; &nbsp; &nbsp; &nbsp; &nbsp; &nbsp; &nbsp; &nbsp; &nbsp; &nbsp; &nbsp; &nbsp; &nbsp; &nbsp; &nbsp; &nbsp; &nbsp; &nbsp; &nbsp; &nbsp; &nbsp; &nbsp; &nbsp; &nbsp; &nbsp; &nbsp; &nbsp;<\/div>\n<div class=\"tresc\" style=\"text-align: left;\">&nbsp;<\/div>\n<div class=\"tresc\" style=\"text-align: left;\">&nbsp;<\/div>\n<div class=\"tresc\" style=\"text-align: left;\">&nbsp;<\/div>\n<div class=\"tresc\" style=\"text-align: left;\">&nbsp;<\/div>\n<div class=\"tresc\" style=\"text-align: left;\">&nbsp;<\/div>\n<div class=\"tresc\" style=\"text-align: left;\">&nbsp;<\/div>\n<div class=\"tresc\" style=\"text-align: left;\">&nbsp;<\/div>\n<div class=\"tresc\" style=\"text-align: left;\">&nbsp; &nbsp; &nbsp; &nbsp; &nbsp;&nbsp;<\/div>\n<p>&nbsp;<\/p>\n","protected":false},"excerpt":{"rendered":"<p>Dzisiaj odby\u0142a si\u0119 XXVIII Nadzwyczajna Sesja Rady Miejskiej we&nbsp;Wrze\u015bni. W&nbsp;jej trakcie obradowali\u015bmy nad zmianami bud\u017cetowymi oraz podwy\u017ckami diet i&nbsp;wynagrodze\u0144 dla burmistrza i&nbsp;radnych. Ta&nbsp;ostatnia kwestia wzbudzi\u0142a najwi\u0119cej emocji, czemu nie mo\u017cna si\u0119 dziwi\u0107. Zgodnie z&nbsp;zaproponowanymi przez burmistrza rozwi\u0105zaniami, diety dla zwyk\u0142ych radnych mia\u0142yby wzrosn\u0105\u0107 z&nbsp;1400 z\u0142 miesi\u0119cznie do&nbsp;dok\u0142adnie 1968,36 z\u0142. Wzrost wynagrodze\u0144 radnych do blisko 2&nbsp;tysi\u0119cy [&hellip;]<\/p>\n","protected":false},"author":1,"featured_media":10846,"comment_status":"open","ping_status":"open","sticky":false,"template":"","format":"standard","meta":{"_acf_changed":false,"footnotes":""},"categories":[15],"tags":[],"class_list":["post-846","post","type-post","status-publish","format-standard","has-post-thumbnail","hentry","category-15"],"acf":[],"_links":{"self":[{"href":"https:\/\/www.projektwrzesnia.pl\/wordpress\/wp-json\/wp\/v2\/posts\/846","targetHints":{"allow":["GET"]}}],"collection":[{"href":"https:\/\/www.projektwrzesnia.pl\/wordpress\/wp-json\/wp\/v2\/posts"}],"about":[{"href":"https:\/\/www.projektwrzesnia.pl\/wordpress\/wp-json\/wp\/v2\/types\/post"}],"author":[{"embeddable":true,"href":"https:\/\/www.projektwrzesnia.pl\/wordpress\/wp-json\/wp\/v2\/users\/1"}],"replies":[{"embeddable":true,"href":"https:\/\/www.projektwrzesnia.pl\/wordpress\/wp-json\/wp\/v2\/comments?post=846"}],"version-history":[{"count":0,"href":"https:\/\/www.projektwrzesnia.pl\/wordpress\/wp-json\/wp\/v2\/posts\/846\/revisions"}],"wp:featuredmedia":[{"embeddable":true,"href":"https:\/\/www.projektwrzesnia.pl\/wordpress\/wp-json\/wp\/v2\/media\/10846"}],"wp:attachment":[{"href":"https:\/\/www.projektwrzesnia.pl\/wordpress\/wp-json\/wp\/v2\/media?parent=846"}],"wp:term":[{"taxonomy":"category","embeddable":true,"href":"https:\/\/www.projektwrzesnia.pl\/wordpress\/wp-json\/wp\/v2\/categories?post=846"},{"taxonomy":"post_tag","embeddable":true,"href":"https:\/\/www.projektwrzesnia.pl\/wordpress\/wp-json\/wp\/v2\/tags?post=846"}],"curies":[{"name":"wp","href":"https:\/\/api.w.org\/{rel}","templated":true}]}}