{"id":847,"date":"2021-11-26T20:00:00","date_gmt":"2021-11-26T20:00:00","guid":{"rendered":"http:\/\/www.projektwrzesnia.pl\/wordpress\/blog\/2021\/11\/26\/liczba-dzieci-w-powiatowym-domu-dziecka-w-kolaczkowie-musi-zostac-zmniejszona\/"},"modified":"2021-11-26T20:00:00","modified_gmt":"2021-11-26T20:00:00","slug":"liczba-dzieci-w-powiatowym-domu-dziecka-w-kolaczkowie-musi-zostac-zmniejszona","status":"publish","type":"post","link":"https:\/\/www.projektwrzesnia.pl\/wordpress\/847\/","title":{"rendered":"Liczba dzieci w\u00a0powiatowym Domu Dziecka w\u00a0Ko\u0142aczkowie musi zosta\u0107 zmniejszona"},"content":{"rendered":"<p>&nbsp;<em>Damian Staniszewski<\/em><em>&nbsp;&#8211; prezes Stowarzyszenia Projekt Wrze\u015bnia<\/em><\/p>\n<p><span lang=\"PL\">Liczba dzieci w&nbsp;powiatowym Domu Dziecka w&nbsp;Ko\u0142aczkowie musi zosta\u0107 zmniejszona. Teraz przebywa tam 30 podopiecznych, a&nbsp;ma by\u0107 tylko 14. Dlaczego tak? Zgodnie z&nbsp;prawem domy dziecka nie mog\u0105 mie\u0107 wi\u0119cej ni\u017c 14 podopiecznych. Na dostosowanie si\u0119 do tych regulacji by\u0142o kilka lat. Pocz\u0105tkowo O\u015brodek Wspomagania Dziecka i&nbsp;Rodziny w&nbsp;Ko\u0142aczkowie mia\u0142 zosta\u0107 rozdzielony na dwie plac\u00f3wki, kt\u00f3re nadal znajdowa\u0107 si\u0119 mia\u0142y w&nbsp;Ko\u0142aczkowie. Niestety zarz\u0105d powiatu nie zd\u0105\u017cy\u0142 &bdquo;ogarn\u0105\u0107&rdquo; tematu i&nbsp;teraz trzeba relokowa\u0107 kilkana\u015bcie dzieciak\u00f3w. Pad\u0142a propozycja, \u017ceby cz\u0119\u015b\u0107 umie\u015bci\u0107 w&nbsp;bursie szkolnej we Wrze\u015bni, a&nbsp;dla pozosta\u0142ych znale\u017a\u0107 rodziny zast\u0119pcze. Wszystko oczywi\u015bcie w&nbsp;po\u015bpiechu, bo trzeba zd\u0105\u017cy\u0107 przed ko\u0144cem roku. Gdzie w&nbsp;tym wszystkim dobro dzieci, kt\u00f3re ju\u017c zosta\u0142y do\u015bwiadczone przez los?! Czemu kilka miesi\u0119cy temu nie zgodzono si\u0119 na u\u0142atwienia w&nbsp;uzyskiwaniu przez pe\u0142noletnich podopiecznych domu dziecka Mieszkania Plus we Wrze\u015bni?! No i&nbsp;co z&nbsp;opiekunami, kt\u00f3rzy strac\u0105 prac\u0119?! Przecie\u017c oni zostawiali tam sporo swojego serca. Co to wreszcie za powiat, kt\u00f3ry tak robi? No i&nbsp;co z&nbsp;cz\u0142owiecze\u0144stwem w&nbsp;tak granicznych sytuacjach?<\/span><\/p>\n<p><em>Pierwotnie felieton zosta\u0142 opublikowany w&nbsp;tygodniku &#8222;Wiadomo\u015bci Wrzesi\u0144skie&#8221; oraz na portalu <a href=\"http:\/\/www.wrzesnia.info.pl\" target=\"_blank\" rel=\"noopener\">www.wrzesnia.info.pl<\/a><\/em><\/p>\n","protected":false},"excerpt":{"rendered":"<p>&nbsp;Damian Staniszewski&nbsp;&#8211; prezes Stowarzyszenia Projekt Wrze\u015bnia Liczba dzieci w&nbsp;powiatowym Domu Dziecka w&nbsp;Ko\u0142aczkowie musi zosta\u0107 zmniejszona. Teraz przebywa tam 30 podopiecznych, a&nbsp;ma by\u0107 tylko 14. Dlaczego tak? Zgodnie z&nbsp;prawem domy dziecka nie mog\u0105 mie\u0107 wi\u0119cej ni\u017c 14 podopiecznych. Na dostosowanie si\u0119 do tych regulacji by\u0142o kilka lat. Pocz\u0105tkowo O\u015brodek Wspomagania Dziecka i&nbsp;Rodziny w&nbsp;Ko\u0142aczkowie mia\u0142 zosta\u0107 rozdzielony [&hellip;]<\/p>\n","protected":false},"author":1,"featured_media":10877,"comment_status":"open","ping_status":"open","sticky":false,"template":"","format":"standard","meta":{"_acf_changed":false,"footnotes":""},"categories":[41],"tags":[],"class_list":["post-847","post","type-post","status-publish","format-standard","has-post-thumbnail","hentry","category-41"],"acf":[],"_links":{"self":[{"href":"https:\/\/www.projektwrzesnia.pl\/wordpress\/wp-json\/wp\/v2\/posts\/847","targetHints":{"allow":["GET"]}}],"collection":[{"href":"https:\/\/www.projektwrzesnia.pl\/wordpress\/wp-json\/wp\/v2\/posts"}],"about":[{"href":"https:\/\/www.projektwrzesnia.pl\/wordpress\/wp-json\/wp\/v2\/types\/post"}],"author":[{"embeddable":true,"href":"https:\/\/www.projektwrzesnia.pl\/wordpress\/wp-json\/wp\/v2\/users\/1"}],"replies":[{"embeddable":true,"href":"https:\/\/www.projektwrzesnia.pl\/wordpress\/wp-json\/wp\/v2\/comments?post=847"}],"version-history":[{"count":0,"href":"https:\/\/www.projektwrzesnia.pl\/wordpress\/wp-json\/wp\/v2\/posts\/847\/revisions"}],"wp:featuredmedia":[{"embeddable":true,"href":"https:\/\/www.projektwrzesnia.pl\/wordpress\/wp-json\/wp\/v2\/media\/10877"}],"wp:attachment":[{"href":"https:\/\/www.projektwrzesnia.pl\/wordpress\/wp-json\/wp\/v2\/media?parent=847"}],"wp:term":[{"taxonomy":"category","embeddable":true,"href":"https:\/\/www.projektwrzesnia.pl\/wordpress\/wp-json\/wp\/v2\/categories?post=847"},{"taxonomy":"post_tag","embeddable":true,"href":"https:\/\/www.projektwrzesnia.pl\/wordpress\/wp-json\/wp\/v2\/tags?post=847"}],"curies":[{"name":"wp","href":"https:\/\/api.w.org\/{rel}","templated":true}]}}