{"id":85,"date":"2016-12-02T20:00:00","date_gmt":"2016-12-02T20:00:00","guid":{"rendered":"http:\/\/www.projektwrzesnia.pl\/wordpress\/85\/"},"modified":"2016-12-02T20:00:00","modified_gmt":"2016-12-02T20:00:00","slug":"informacje-zdjecia-liczby","status":"publish","type":"post","link":"https:\/\/www.projektwrzesnia.pl\/wordpress\/85\/","title":{"rendered":"Informacje, zdj\u0119cia, liczby"},"content":{"rendered":"<p>&nbsp;<em>Kornel Tomczak<\/em><em>&#8211; skarbnik Stowarzyszenia Projekt Wrze\u015bnia<\/em><\/p>\n<p style=\"text-align: justify;\">Daj\u0105 nam wiedz\u0119 i&nbsp;kszta\u0142tuj\u0105 opinie. Wiele zale\u017cy od tego, kto je przedstawia. Jak jest we Wrze\u015bni?<br \/>Informacje o&nbsp;naszym mie\u015bcie mo\u017cemy czerpa\u0107 z&nbsp;kilku \u017ar\u00f3de\u0142. Mamy pras\u0119 lokaln\u0105 oraz wydawan\u0105 przez samorz\u0105d. O&nbsp;ile ta pierwsza spe\u0142nia zadania, jakie zasadniczo ci\u0105\u017c\u0105 na prasie, o&nbsp;tyle z&nbsp;t\u0105 drug\u0105 jest ju\u017c znacznie gorzej.<br \/>Wydawane za publiczne pieni\u0105dze gazety g\u0142osz\u0105ce chwa\u0142\u0119 burmistrza i&nbsp;starosty nie spe\u0142niaj\u0105 podstawowej, kontrolnej funkcji prasy. Samorz\u0105dowcy podkre\u015blaj\u0105, \u017ce dzi\u0119ki w\u0142asnej prasie mog\u0105 publikowa\u0107 urz\u0119dowe og\u0142oszenia. Tyle tylko, \u017ce obecnie obwieszczenia mieszcz\u0105 si\u0119 na g\u00f3ra 2 stronach.<br \/>Ale dzi\u0119ki takiej wym\u00f3wce pozosta\u0142e kilka stron mo\u017cna wype\u0142ni\u0107 w\u0142asn\u0105 promocj\u0105 i&nbsp;informacjami z&nbsp;jedynego s\u0142usznego punktu widzenia &ndash; rz\u0105dz\u0105cych.<br \/>Zabawa burmistrza i&nbsp;starosty w&nbsp;dziennikarzy sporo nas kosztuje. W&nbsp;przypadku &bdquo;Wie\u015bci z&nbsp;Ratusza&rdquo; roczny koszt druku to 115 tys. z\u0142. Troch\u0119 ta\u0144szy jest &bdquo;Przegl\u0105d Powiatowy&rdquo;, kt\u00f3ry kosztuje rocznie 55 tys. z\u0142. Do tego wszystkiego nale\u017cy doliczy\u0107 koszty pracownik\u00f3w, oprogramowania i&nbsp;dystrybucji.<br \/>Sporo. Warto?<\/p>\n<p><em>Pierwotnie felieton zosta\u0142 opublikowany w&nbsp;tygodniku &#8222;Wiadomo\u015bci Wrzesi\u0144skie&#8221; oraz na portalu <a href=\"http:\/\/www.wrzesnia.info.pl\" target=\"_blank\" rel=\"noopener\">www.wrzesnia.info.pl<\/a><\/em><\/p>\n","protected":false},"excerpt":{"rendered":"<p>&nbsp;Kornel Tomczak&#8211; skarbnik Stowarzyszenia Projekt Wrze\u015bnia Daj\u0105 nam wiedz\u0119 i&nbsp;kszta\u0142tuj\u0105 opinie. Wiele zale\u017cy od tego, kto je przedstawia. Jak jest we Wrze\u015bni?Informacje o&nbsp;naszym mie\u015bcie mo\u017cemy czerpa\u0107 z&nbsp;kilku \u017ar\u00f3de\u0142. Mamy pras\u0119 lokaln\u0105 oraz wydawan\u0105 przez samorz\u0105d. O&nbsp;ile ta pierwsza spe\u0142nia zadania, jakie zasadniczo ci\u0105\u017c\u0105 na prasie, o&nbsp;tyle z&nbsp;t\u0105 drug\u0105 jest ju\u017c znacznie gorzej.Wydawane za publiczne pieni\u0105dze [&hellip;]<\/p>\n","protected":false},"author":1,"featured_media":10853,"comment_status":"open","ping_status":"open","sticky":false,"template":"","format":"standard","meta":{"_acf_changed":false,"footnotes":""},"categories":[41],"tags":[],"class_list":["post-85","post","type-post","status-publish","format-standard","has-post-thumbnail","hentry","category-41"],"acf":[],"_links":{"self":[{"href":"https:\/\/www.projektwrzesnia.pl\/wordpress\/wp-json\/wp\/v2\/posts\/85","targetHints":{"allow":["GET"]}}],"collection":[{"href":"https:\/\/www.projektwrzesnia.pl\/wordpress\/wp-json\/wp\/v2\/posts"}],"about":[{"href":"https:\/\/www.projektwrzesnia.pl\/wordpress\/wp-json\/wp\/v2\/types\/post"}],"author":[{"embeddable":true,"href":"https:\/\/www.projektwrzesnia.pl\/wordpress\/wp-json\/wp\/v2\/users\/1"}],"replies":[{"embeddable":true,"href":"https:\/\/www.projektwrzesnia.pl\/wordpress\/wp-json\/wp\/v2\/comments?post=85"}],"version-history":[{"count":0,"href":"https:\/\/www.projektwrzesnia.pl\/wordpress\/wp-json\/wp\/v2\/posts\/85\/revisions"}],"wp:featuredmedia":[{"embeddable":true,"href":"https:\/\/www.projektwrzesnia.pl\/wordpress\/wp-json\/wp\/v2\/media\/10853"}],"wp:attachment":[{"href":"https:\/\/www.projektwrzesnia.pl\/wordpress\/wp-json\/wp\/v2\/media?parent=85"}],"wp:term":[{"taxonomy":"category","embeddable":true,"href":"https:\/\/www.projektwrzesnia.pl\/wordpress\/wp-json\/wp\/v2\/categories?post=85"},{"taxonomy":"post_tag","embeddable":true,"href":"https:\/\/www.projektwrzesnia.pl\/wordpress\/wp-json\/wp\/v2\/tags?post=85"}],"curies":[{"name":"wp","href":"https:\/\/api.w.org\/{rel}","templated":true}]}}