{"id":86,"date":"2016-11-18T20:00:00","date_gmt":"2016-11-18T20:00:00","guid":{"rendered":"http:\/\/www.projektwrzesnia.pl\/wordpress\/86\/"},"modified":"2016-11-18T20:00:00","modified_gmt":"2016-11-18T20:00:00","slug":"silownie-sa-wszedzie","status":"publish","type":"post","link":"https:\/\/www.projektwrzesnia.pl\/wordpress\/86\/","title":{"rendered":"Si\u0142ownie s\u0105 wsz\u0119dzie"},"content":{"rendered":"<p>&nbsp;<em>Jakub Banaszak<\/em><em>&nbsp;&#8211; cz\u0142onek Stowarzyszenia Projekt Wrze\u015bnia<\/em><\/p>\n<p>Zw\u0142aszcza te zewn\u0119trzne. Bo mamy czasy popularno\u015bci sportu. Wydawa\u0142oby si\u0119, \u017ce nie ma w&nbsp;tym nic z\u0142ego. A&nbsp;jest. Ju\u017c t\u0142umacz\u0119.<br \/>Z jednej strony nie mo\u017cna powiedzie\u0107, \u017ce wysi\u0142ek nie jest dobry, bo jest, ale&#8230; No w\u0142a\u015bnie, ale czy przestrze\u0144 miejska nie jest przesycona ju\u017c si\u0142owniami zewn\u0119trznymi? Moim zdaniem jest.<br \/>Ju\u017c teraz mamy do czynienia z&nbsp;sytuacj\u0105, \u017ce prawie na ka\u017cdym osiedlu stoj\u0105 dwa place zabaw: jeden dla dzieci, drugi dla sportowc\u00f3w. Ale znam tylko jeden plac zabaw dla doros\u0142ych (spodoba\u0142o mi si\u0119 to okre\u015blenie), kt\u00f3ry jest intensywnie u\u017cywany &ndash; ten nad zalewem wrzesi\u0144skim.<br \/>Sukces tego miejsca wynika z&nbsp;tego, \u017ce jest on zlokalizowany na terenach rekreacyjnych. Nie od dzi\u015b wiadomo, \u017ce zalew jest szczeg\u00f3lnie lubiany przez sportowc\u00f3w (zw\u0142aszcza biegaczy), co t\u0142umaczy sukces tej si\u0142owni.<br \/>A co z&nbsp;pozosta\u0142ymi? Cz\u0119sto stoj\u0105 nieu\u017cywane. A&nbsp;mo\u017ce jeszcze powstan\u0105 kolejne? W&nbsp;ko\u0144cu to \u0142atwa do realizowania inwestycja, za stosunkowo niedu\u017cy bud\u017cet, mieszcz\u0105ca si\u0119 przy tym w&nbsp;kanonie panuj\u0105cej mody na sport. Zastan\u00f3wmy si\u0119 nad tym. M\u0105drze gospodarujmy przestrzeni\u0105 publiczn\u0105.<\/p>\n<p><em>Pierwotnie felieton zosta\u0142 opublikowany w&nbsp;tygodniku &#8222;Wiadomo\u015bci Wrzesi\u0144skie&#8221; oraz na portalu <a href=\"http:\/\/www.wrzesnia.info.pl\" target=\"_blank\" rel=\"noopener\">www.wrzesnia.info.pl<\/a><\/em><\/p>\n","protected":false},"excerpt":{"rendered":"<p>&nbsp;Jakub Banaszak&nbsp;&#8211; cz\u0142onek Stowarzyszenia Projekt Wrze\u015bnia Zw\u0142aszcza te zewn\u0119trzne. Bo mamy czasy popularno\u015bci sportu. Wydawa\u0142oby si\u0119, \u017ce nie ma w&nbsp;tym nic z\u0142ego. A&nbsp;jest. Ju\u017c t\u0142umacz\u0119.Z jednej strony nie mo\u017cna powiedzie\u0107, \u017ce wysi\u0142ek nie jest dobry, bo jest, ale&#8230; No w\u0142a\u015bnie, ale czy przestrze\u0144 miejska nie jest przesycona ju\u017c si\u0142owniami zewn\u0119trznymi? Moim zdaniem jest.Ju\u017c teraz mamy [&hellip;]<\/p>\n","protected":false},"author":1,"featured_media":10171,"comment_status":"open","ping_status":"open","sticky":false,"template":"","format":"standard","meta":{"_acf_changed":false,"footnotes":""},"categories":[41],"tags":[],"class_list":["post-86","post","type-post","status-publish","format-standard","has-post-thumbnail","hentry","category-41"],"acf":[],"_links":{"self":[{"href":"https:\/\/www.projektwrzesnia.pl\/wordpress\/wp-json\/wp\/v2\/posts\/86","targetHints":{"allow":["GET"]}}],"collection":[{"href":"https:\/\/www.projektwrzesnia.pl\/wordpress\/wp-json\/wp\/v2\/posts"}],"about":[{"href":"https:\/\/www.projektwrzesnia.pl\/wordpress\/wp-json\/wp\/v2\/types\/post"}],"author":[{"embeddable":true,"href":"https:\/\/www.projektwrzesnia.pl\/wordpress\/wp-json\/wp\/v2\/users\/1"}],"replies":[{"embeddable":true,"href":"https:\/\/www.projektwrzesnia.pl\/wordpress\/wp-json\/wp\/v2\/comments?post=86"}],"version-history":[{"count":0,"href":"https:\/\/www.projektwrzesnia.pl\/wordpress\/wp-json\/wp\/v2\/posts\/86\/revisions"}],"wp:featuredmedia":[{"embeddable":true,"href":"https:\/\/www.projektwrzesnia.pl\/wordpress\/wp-json\/wp\/v2\/media\/10171"}],"wp:attachment":[{"href":"https:\/\/www.projektwrzesnia.pl\/wordpress\/wp-json\/wp\/v2\/media?parent=86"}],"wp:term":[{"taxonomy":"category","embeddable":true,"href":"https:\/\/www.projektwrzesnia.pl\/wordpress\/wp-json\/wp\/v2\/categories?post=86"},{"taxonomy":"post_tag","embeddable":true,"href":"https:\/\/www.projektwrzesnia.pl\/wordpress\/wp-json\/wp\/v2\/tags?post=86"}],"curies":[{"name":"wp","href":"https:\/\/api.w.org\/{rel}","templated":true}]}}